{"id":191032,"date":"2025-10-21T07:40:35","date_gmt":"2025-10-21T07:40:35","guid":{"rendered":"https:\/\/www.europesays.com\/es\/191032\/"},"modified":"2025-10-21T07:40:35","modified_gmt":"2025-10-21T07:40:35","slug":"cuando-juega-alcaraz-su-proximo-torneo-fecha-y-donde-ver-por-tv-y-en-directo","status":"publish","type":"post","link":"https:\/\/www.europesays.com\/es\/191032\/","title":{"rendered":"\u00bfCu\u00e1ndo juega Alcaraz su pr\u00f3ximo torneo? Fecha y d\u00f3nde ver por TV y en directo"},"content":{"rendered":"<p class=\"ft-text\"><a href=\"https:\/\/www.sport.es\/es\/temas\/carlos-alcaraz-1016585\" class=\"ft-link ft-link--decoration\" rel=\"nofollow noopener\" target=\"_blank\"><strong>Carlos Alcaraz<\/strong><\/a><strong> afronta la recta final de una temporada que est\u00e1 siendo redonda<\/strong>. Si bien es cierto que los primeros meses del a\u00f1o fueron complicados, el de El Palmar supo darle la vuelta a la situaci\u00f3n para terminar desplegando su mejor tenis, el que le ha llevado a conquistar un total de ocho t\u00edtulos: ATP 500 de Rotterdam, Masters 1000 de Montecarlo, Masters 1000 de Roma, Roland Garros, ATP 500 de Queen\u2019s, Masters 1000 de Cincinnati, US Open y ATP 500 de Tokio.<\/p>\n<p class=\"ft-text\">Todos estos logros a nivel individual <strong>han llevado a Alcaraz a recuperar un n\u00famero 1 del ranking ATP hasta entonces acaparado por Jannik Sinner.<\/strong> El &#8216;sorpasso&#8217; tuvo lugar tras la final del US Open 2025 y, tras el abandono del italiano en Shanghai, la distancia entre ambos tenistas se sit\u00faa en los 1.340 puntos.<\/p>\n<p class=\"ft-text\">Si bien es cierto que la \u00faltima participaci\u00f3n de Alcaraz tuvo lugar hace apenas unos d\u00edas en el Six Kings Slam 2025, d\u00f3nde sucumbi\u00f3 ante Sinner en la gran final, <strong>el murciano lleva un tiempo inactivo en el circuito profesional<\/strong>. La \u00faltima aparici\u00f3n del murciano en un torneo oficial se remonta al pasado 30 de septiembre, cuando se impuso ante Taylor Fritz en la final del ATP 500 de Tokio.<\/p>\n<p><img decoding=\"async\" src=\"https:\/\/www.europesays.com\/es\/wp-content\/uploads\/2025\/10\/8654da09-fac1-470e-8527-351f045929ff_alta-libre-aspect-ratio_default_0.jpg\" width=\"1200\" height=\"675\" alt=\"Alcaraz y Sinner, tras la final del Six Kings Slam 2025\" class=\"ft-helper-img-rd\" loading=\"lazy\" hasdataaida=\"true\"\/><\/p>\n<p class=\"ft-helper-fontColor-quaternary ft-helper-fontSize-body-S ft-helper-spacer-t-xxs\">Alcaraz y Sinner, tras la final del Six Kings Slam 2025  \/ STR<\/p>\n<p class=\"ft-text\">La siguiente cita en el calendario ten\u00edstico fue el Masters 1000 de Shanghai, <strong>a la que Alcaraz opt\u00f3 por no acudir para recuperarse de sus molestias en el tobillo<\/strong>. El murciano tampoco formar\u00e1 parte del ATP Viena, en cuyo cuadro destacan nombres de la talla de Sinner, Zverev, De Mi\u00f1aur, Musetti o Medvedev.<\/p>\n<p>\u00bfCu\u00e1l es el pr\u00f3ximo torneo en el que participar\u00e1 Alcaraz?<\/p>\n<p class=\"ft-text\">El pr\u00f3ximo torneo en el que participar\u00e1 <strong>Carlos Alcaraz<\/strong> ser\u00e1 <strong>el Masters 1000 de Par\u00eds-Bercy,<\/strong> noveno y \u00faltimo Grand Slam del a\u00f1o en el que participar\u00e1n las grandes estrellas del circuito. El de El Palmar partir\u00e1 como primera cabeza de serie, con Jannik Sinner (2) en el otro lado del cuadro y la previsible presencia de los habituales Djokovic, Zverev, Fritz y compa\u00f1\u00eda.<\/p>\n<p>\u00bfCu\u00e1ndo empieza el Masters 1000 de Par\u00eds 2025?<\/p>\n<p class=\"ft-text\">La presente edici\u00f3n del <strong>Masters 1000 de Par\u00eds-Bercy <\/strong>se disputar\u00e1 del<strong> s\u00e1bado 25 de octubre al domingo 2 de noviembre<\/strong> en Paris La D\u00e9fense Arena. Las jornadas en la Pista Central acostumbran a arrancar a las 11:30 horas (CET), mientras que el turno de la tarde se disputar\u00e1 a partir de las 16:30 horas (CET).<\/p>\n<p>\u00bfD\u00f3nde ver el pr\u00f3ximo partido de Carlos Alcaraz en el Masters 1000 de Par\u00eds 2025?<\/p>\n<p class=\"ft-text\">En Espa\u00f1a, todos los partidos del Masters 1000 de Par\u00eds-Bercy 2025 se podr\u00e1n ver por TV y online a trav\u00e9s de\u00a0<strong>Movistar Plus +<\/strong>, que ofrece la cobertura completa del torneo.<\/p>\n<p class=\"ft-text\">Movistar+ retransmitir\u00e1 los diferentes partidos de cada jornada de la mano de su paquete\u00a0<strong>Deportes+<\/strong>, mientras que los de Carlos Alcaraz se emitir\u00e1n a trav\u00e9s del\u00a0<strong>dial 7<\/strong>\u00a0o\u00a0<strong>#Vamos<\/strong>, canales reservados para los cruces en las pistas m\u00e1s importantes, con narraci\u00f3n de Jos\u00e9 Antonio Mielgo y comentarios de Roberto Carretero.<\/p>\n<p class=\"ft-text\">Adem\u00e1s, los usuarios podr\u00e1n seguir todos los partidos en streaming mediante la app de\u00a0<strong>Movistar Plus+<\/strong>, con acceso a m\u00faltiples pistas simult\u00e1neamente y posibilidad de ver el torneo desde cualquier dispositivo con conexi\u00f3n a internet.<\/p>\n<p class=\"ft-text\">Desde\u00a0<strong>SPORT\u00a0<\/strong>te ofrecemos una cobertura completa del Masters 1000 de Par\u00eds-Bercy 2025 con cr\u00f3nicas, reacciones de los protagonistas y an\u00e1lisis de los partidos clave, con especial atenci\u00f3n al desempe\u00f1o de Carlos Alcaraz.<\/p>\n","protected":false},"excerpt":{"rendered":"Carlos Alcaraz afronta la recta final de una temporada que est\u00e1 siendo redonda. Si bien es cierto que&hellip;\n","protected":false},"author":2,"featured_media":191033,"comment_status":"","ping_status":"","sticky":false,"template":"","format":"standard","meta":{"footnotes":""},"categories":[274],"tags":[4736,168,25,24,1151,319,3444,23,167,327,326,775,214],"class_list":{"0":"post-191032","1":"post","2":"type-post","3":"status-publish","4":"format-standard","5":"has-post-thumbnail","7":"category-tenis","8":"tag-alcaraz","9":"tag-deportes","10":"tag-es","11":"tag-espana","12":"tag-fecha","13":"tag-horario","14":"tag-proximo","15":"tag-spain","16":"tag-sports","17":"tag-tenis","18":"tag-tennis","19":"tag-torneo","20":"tag-tv"},"share_on_mastodon":{"url":"https:\/\/pubeurope.com\/@es\/115411027672944799","error":""},"_links":{"self":[{"href":"https:\/\/www.europesays.com\/es\/wp-json\/wp\/v2\/posts\/191032","targetHints":{"allow":["GET"]}}],"collection":[{"href":"https:\/\/www.europesays.com\/es\/wp-json\/wp\/v2\/posts"}],"about":[{"href":"https:\/\/www.europesays.com\/es\/wp-json\/wp\/v2\/types\/post"}],"author":[{"embeddable":true,"href":"https:\/\/www.europesays.com\/es\/wp-json\/wp\/v2\/users\/2"}],"replies":[{"embeddable":true,"href":"https:\/\/www.europesays.com\/es\/wp-json\/wp\/v2\/comments?post=191032"}],"version-history":[{"count":0,"href":"https:\/\/www.europesays.com\/es\/wp-json\/wp\/v2\/posts\/191032\/revisions"}],"wp:featuredmedia":[{"embeddable":true,"href":"https:\/\/www.europesays.com\/es\/wp-json\/wp\/v2\/media\/191033"}],"wp:attachment":[{"href":"https:\/\/www.europesays.com\/es\/wp-json\/wp\/v2\/media?parent=191032"}],"wp:term":[{"taxonomy":"category","embeddable":true,"href":"https:\/\/www.europesays.com\/es\/wp-json\/wp\/v2\/categories?post=191032"},{"taxonomy":"post_tag","embeddable":true,"href":"https:\/\/www.europesays.com\/es\/wp-json\/wp\/v2\/tags?post=191032"}],"curies":[{"name":"wp","href":"https:\/\/api.w.org\/{rel}","templated":true}]}}