{"id":191038,"date":"2025-10-21T07:44:09","date_gmt":"2025-10-21T07:44:09","guid":{"rendered":"https:\/\/www.europesays.com\/es\/191038\/"},"modified":"2025-10-21T07:44:09","modified_gmt":"2025-10-21T07:44:09","slug":"cuando-se-inauguro-mareo-era-un-calco-de-lezama","status":"publish","type":"post","link":"https:\/\/www.europesays.com\/es\/191038\/","title":{"rendered":"\u00abCuando se inaugur\u00f3, Mareo era un calco de Lezama\u00bb"},"content":{"rendered":"<p><a class=\"v-mdl-ath__fig-a\" href=\"https:\/\/www.elcomercio.es\/autor\/jose-luis-gonzalez-261.html\" title=\"Jos\u00e9 Luis Gonz\u00e1lez\" rel=\"nofollow noopener\" target=\"_blank\"><br \/>\n<img decoding=\"async\" class=\"v-mdl-ath__img\" src=\"https:\/\/www.europesays.com\/es\/wp-content\/uploads\/2025\/10\/autor-261-foto-1.jpeg\" alt=\"Jos\u00e9 Luis Gonz\u00e1lez\"\/><br \/>\n<\/a><\/p>\n<p class=\"v-mdl-ath__p v-mdl-ath__p--6\">\nMartes, 21 de octubre 2025, 07:02<\/p>\n<p class=\"v-p\">La historia de I\u00f1aki Churruca y Jos\u00e9 Mar\u00eda &#8216;Chato&#8217; N\u00fa\u00f1ez es la de dos amigos unidos por el f\u00fatbol desde hace d\u00e9cadas. Ambos coincidieron en el Athletic de Bilbao de Jos\u00e9 \u00c1ngel Iribar y Txetxu Rojo, pero antes sus caminos se cruzaron en un viaje sim\u00e9trico: uno de los mejores extremos de la historia del <a href=\"https:\/\/www.elcomercio.es\/sporting\/\" target=\"_self\" data-voc-vtm-id=\"in-text-traffic\" title=\"Sporting de Gij\u00f3n\" data-mrf-link=\"www.elcomercio.es\" rel=\"nofollow noopener\">Sporting de Gij\u00f3n<\/a> pon\u00eda rumbo a la ciudad del Nervi\u00f3n y el joven central de Tolosa tomaba la carretera en sentido inverso para, bajo las \u00f3rdenes de Vicente Miera, colocarse al lado de Quini, Ferrero y Joaqu\u00edn. Un traspaso para el primero y una cesi\u00f3n para el segundo, un viaje de poco m\u00e1s de 260 kil\u00f3metros en el verano de 1976 que cambi\u00f3 la historia del Sporting. Porque con parte del dinero que el conjunto gijon\u00e9s ingres\u00f3 por Churruca se compraron los terrenos de la Escuela de F\u00fatbol de Mareo, unas instalaciones que la leyenda rojiblanca no lleg\u00f3 a probar. \u00abNo me invitaron ni a la inauguraci\u00f3n. Esas instalaciones pusieron las condiciones necesarias para trabajar con la cantera y con los futbolistas, era algo que no se daba en esa \u00e9poca\u00bb, recuerda el extremo. <\/p>\n<p class=\"v-p\">Atacante y defensor han seguido manteniendo la amistad desde que compartieron vestuario en Lezama, cuando la cesi\u00f3n de Chayo expir\u00f3, y, fruto de ella, lleg\u00f3 un encuentro en los \u00faltimos d\u00edas por el que ambas familias se han juntado en Gij\u00f3n. Una ocasi\u00f3n para recordar el movimiento que permiti\u00f3 echar a andar un proyecto que forma parte de la filosof\u00eda del Sporting. \u00abSe pudieron comprar los terrenos por I\u00f1aki, que era un fen\u00f3meno y fue por el que pusieron la pasta\u00bb, bromea Chato, que tiene buen recuerdo de la puesta en marcha de las instalaciones. \u00abTuve la suerte de ser de los que inaugur\u00f3 Mareo. Antes entren\u00e1bamos en la Universidad. Cuando se abri\u00f3, era un calco de Lezama\u00bb. <\/p>\n<p class=\"v-p\">La inauguraci\u00f3n de Mareo coincidi\u00f3 con el inicio de la mejor \u00e9poca de la historia de un Sporting que logr\u00f3 el ascenso en el verano de 1977 y, un a\u00f1o despu\u00e9s, contaba con su Escuela de F\u00fatbol. \u00abTen\u00edamos un equipazo y un grupo que hac\u00eda vestuario\u00bb, recuerda Chato. Un ligero repaso a los nombres da cuenta de la afirmaci\u00f3n: Vicente Miera en el banquillo y, sobre el verde, jugadores como Jes\u00fas Castro, Redondo, Doria, Maceda, Mor\u00e1n, Vald\u00e9s y, por supuesto, la trinididad rojiblanca, Quini, Ferrero y Joaqu\u00edn. \u00abEn la \u00faltima jornada jugamos, y ganamos, en Oviedo con el ascenso ya conseguido. Pero es que al a\u00f1o siguiente nos clasificamos para la UEFA\u00bb.<\/p>\n<p class=\"v-p\">Las competiciones europeas ya formaban parte de la vida de Churruca, asentado en San Mam\u00e9s y due\u00f1o de una de las bandas. \u00abLa exigencia era distinta, pero viv\u00ed aquella etapa en un ambiente muy bueno, muy familiar\u00bb, apunta el extremo, a quien le queda una espinita clavada. \u00abFui subcampe\u00f3n de mucho, pero no gan\u00e9 nada\u00bb. El que s\u00ed lo hizo fue Chato, que le dio uso a la gabarra con dos t\u00edtulos de Liga, una Copa del Rey y una Supercopa cuando regres\u00f3 al equipo de Nervi\u00f3n despu\u00e9s de dos temporadas en Gij\u00f3n. \u00abAquella \u00e9poca fue extraordinaria. Lo \u00fanico que me qued\u00f3 fue ser campe\u00f3n de Liga con el Sporting. Habr\u00e1 que volver, a ver si lo conseguimos\u00bb, bromea. <\/p>\n<p class=\"v-p\">El f\u00fatbol ha cambiado mucho desde entonces. La repercusi\u00f3n medi\u00e1tica no es la misma ni tampoco los campos, el juego o la permisividad. Las piernas de uno y otro dan cuenta de la importante transformaci\u00f3n que ha vivido un deporte en el que ahora las acciones duras tiene una penalizaci\u00f3n mucho mayor. \u00abAntes arreaban m\u00e1s. Las rascadas eran una caricia entonces\u00bb, apunta Churruca. \u00abLo bueno de aquella \u00e9poca es que en la primera entrada el \u00e1rbitro solo te advert\u00eda. La primera era gratis\u00bb, incide Chato. <\/p>\n<p class=\"v-p\">Uno y otro ven al Sporting con la ilusi\u00f3n del que tiene un profundo cari\u00f1o por la entidad y le desea que pueda cantar un ascenso. Aunque ambos son conscientes de que habr\u00e1 que remar mucho para lograrlo. Lo explica Churruca. \u00abEl equipo est\u00e1 bien posicionado y hay que confiar, pero hace falta mucho trabajo. La Segunda es muy complicada y hay muchos equipos importantes que tambi\u00e9n lo intentan\u00bb. Chato apunta que una vez que una instituci\u00f3n como el Sporting cae a la Segunda Divisi\u00f3n \u00abes muy dif\u00edcil volver a subir\u00bb, pero el f\u00fatbol es un deporte que \u00abva por rachas. Quiz\u00e1 el equipo no crea tanto, pero hay posibilidades. El domingo se trajeron una victoria de Valladolid\u00bb. Y as\u00ed, entre bromas y reflexiones, se va agotando una comida que ha vuelto a sentar en la misma mesa a dos futbolistas que son historia del Sporting y que mantienen en su coraz\u00f3n a club y excompa\u00f1eros, a los que mandan calurosos abrazos. <\/p>\n<p>Reporta un error<\/p>\n<p class=\"v-crt__t\"> L\u00edmite de sesiones alcanzadas<\/p>\n<p class=\"v-crt__p\">El acceso al contenido Premium est\u00e1 abierto por cortes\u00eda del establecimiento donde te encuentras, pero ahora mismo hay demasiados usuarios conectados a las vez.<\/p>\n<p class=\"v-crt__p\">Por favor, int\u00e9ntalo pasados unos minutos.<\/p>\n<p>\nVolver a intentar\n<\/p>\n<p class=\"v-crt__t\">Sesi\u00f3n cerrada<\/p>\n<p class=\"v-crt__p\">Al iniciar sesi\u00f3n desde un dispositivo distinto, por seguridad, se cerr\u00f3 la \u00faltima sesi\u00f3n en este.<\/p>\n<p class=\"v-crt__p\">Para continuar disfrutando de su suscripci\u00f3n digital, inicie sesi\u00f3n en este dispositivo.<\/p>\n<p>\nEste contenido es exclusivo para suscriptores\n<\/p>\n<p class=\"text\">\u00bfTienes una suscripci\u00f3n? <a href=\"https:\/\/secure.elcomercio.es\/identidad\/inicio#vca=suscribete&amp;vso=elcomercio&amp;vmc=on&amp;vli=cdn-ce-link-login\" class=\"login\" data-voc-vtm-id=\"comienzoSuscripcionON\" data-voc-vtm-info=\"cdn-ce-link-login\" rel=\"nofollow noopener\" target=\"_blank\">Inicia sesi\u00f3n<\/a><\/p>\n","protected":false},"excerpt":{"rendered":"Martes, 21 de octubre 2025, 07:02 La historia de I\u00f1aki Churruca y Jos\u00e9 Mar\u00eda &#8216;Chato&#8217; N\u00fa\u00f1ez es la&hellip;\n","protected":false},"author":2,"featured_media":191039,"comment_status":"","ping_status":"","sticky":false,"template":"","format":"standard","meta":{"footnotes":""},"categories":[268],"tags":[53415,168,981,25,24,280,282,49866,39552,45750,281,23,167],"class_list":{"0":"post-191038","1":"post","2":"type-post","3":"status-publish","4":"format-standard","5":"has-post-thumbnail","7":"category-futbol","8":"tag-calco","9":"tag-deportes","10":"tag-era","11":"tag-es","12":"tag-espana","13":"tag-football","14":"tag-futbol","15":"tag-inauguro","16":"tag-lezama","17":"tag-mareo","18":"tag-soccer","19":"tag-spain","20":"tag-sports"},"share_on_mastodon":{"url":"https:\/\/pubeurope.com\/@es\/115411043509851310","error":""},"_links":{"self":[{"href":"https:\/\/www.europesays.com\/es\/wp-json\/wp\/v2\/posts\/191038","targetHints":{"allow":["GET"]}}],"collection":[{"href":"https:\/\/www.europesays.com\/es\/wp-json\/wp\/v2\/posts"}],"about":[{"href":"https:\/\/www.europesays.com\/es\/wp-json\/wp\/v2\/types\/post"}],"author":[{"embeddable":true,"href":"https:\/\/www.europesays.com\/es\/wp-json\/wp\/v2\/users\/2"}],"replies":[{"embeddable":true,"href":"https:\/\/www.europesays.com\/es\/wp-json\/wp\/v2\/comments?post=191038"}],"version-history":[{"count":0,"href":"https:\/\/www.europesays.com\/es\/wp-json\/wp\/v2\/posts\/191038\/revisions"}],"wp:featuredmedia":[{"embeddable":true,"href":"https:\/\/www.europesays.com\/es\/wp-json\/wp\/v2\/media\/191039"}],"wp:attachment":[{"href":"https:\/\/www.europesays.com\/es\/wp-json\/wp\/v2\/media?parent=191038"}],"wp:term":[{"taxonomy":"category","embeddable":true,"href":"https:\/\/www.europesays.com\/es\/wp-json\/wp\/v2\/categories?post=191038"},{"taxonomy":"post_tag","embeddable":true,"href":"https:\/\/www.europesays.com\/es\/wp-json\/wp\/v2\/tags?post=191038"}],"curies":[{"name":"wp","href":"https:\/\/api.w.org\/{rel}","templated":true}]}}