{"id":191042,"date":"2025-10-21T07:46:11","date_gmt":"2025-10-21T07:46:11","guid":{"rendered":"https:\/\/www.europesays.com\/es\/191042\/"},"modified":"2025-10-21T07:46:11","modified_gmt":"2025-10-21T07:46:11","slug":"clemente-bernad-participa-en-el-100o-cumpleanos-de-la-camara-leica","status":"publish","type":"post","link":"https:\/\/www.europesays.com\/es\/191042\/","title":{"rendered":"Clemente Bernad participa en el 100\u00ba cumplea\u00f1os de la c\u00e1mara Leica"},"content":{"rendered":"<p>\n        El <strong>fot\u00f3grafo navarro <\/strong><a href=\"https:\/\/www.noticiasdenavarra.com\/politica\/2023\/04\/15\/silencio-sido-vector-principal-conflicto-6673694.html\" title=\"Clemente Bernad\" target=\"_blank\" class=\"link copy\" rel=\"nofollow noopener\">Clemente Bernad<\/a> participa en la<strong> <\/strong><a href=\"https:\/\/www.noticiasdenavarra.com\/tags\/exposiciones\/\" title=\"exposici\u00f3n\" target=\"_blank\" class=\"link copy\" rel=\"nofollow noopener\"><strong>exposici\u00f3n<\/strong><\/a><strong> Leica. Un siglo de<\/strong><a href=\"https:\/\/www.noticiasdenavarra.com\/tags\/fotografia\/\" title=\"fotograf\u00eda\" target=\"_blank\" class=\"link copy\" rel=\"nofollow noopener\"> fotograf\u00eda <\/a>con<strong> una imagen que tom\u00f3 en 1990 durante la ocupaci\u00f3n del cortijo El Humoso por jornaleros y jornaleras del SOC<\/strong> (Sindicato de Obreros del Campo) de <strong>Marinaleda, en Sevilla<\/strong>. La muestra colectiva podr\u00e1 verse hasta el 11 de enero en el <strong>Teatro Fernando Fern\u00e1n G\u00f3mez. Centro Cultural de la Villa de Madrid.<\/strong>\n<\/p>\n<p class=\"article-body__text \">\n        Asimismo, Bernad particip\u00f3 el pasado <strong>16 de octubre en una de las actividades <\/strong>programadas en el marco de la muestra. En concreto, bajo el t\u00edtulo de <strong>No hay tregua<\/strong>, charl\u00f3 junto a Rodrigo Rivas, fot\u00f3grafo y Akademie Manager Leica.\n<\/p>\n<p class=\"article-photo__footer\">\n            La imagen que expone el fot\u00f3grafo navarro.            Clemente Bernad        <\/p>\n<p>  De Davidson a Atwood<\/p>\n<p class=\"article-body__text \">\n        La exposici\u00f3n, de <strong>entrada gratuita<\/strong>, re\u00fane 174 im\u00e1genesde una selecci\u00f3n de autores vinculados a la marca durante los siglos XX y XXI. Entre ellos, <strong>Bruce Davidson, Elliott Erwitt, Alberto Korda, Ralph Gibson, Sebasti\u00e3o Salgado, Steve McCurry, Joel Meyerovitz o Jane Evelyn Atwood<\/strong>, entre otros. Adem\u00e1s, incluye un recorrido por la propia <strong>historia de Leica<\/strong>, desde que Ernst Leitz II decidi\u00f3 producir en serie el revolucionario invento de la Ur-Leica, de Oskar Barnack, cuyo prototipo original es de <strong>1914<\/strong>, pero que retras\u00f3 su desarrollo hasta 1925debido al estallido de la I Guerra Mundial.\n<\/p>\n<p class=\"article-body__text \">\n        Como explica <strong>Karin Rehn-Kaufmann, comisaria de la exposici\u00f3n<\/strong>, \u201ccon la Leica I comenz\u00f3 una nueva era: <strong>los fot\u00f3grafos pod\u00edan trabajar de forma r\u00e1pida, discreta y justo en el centro de los acontecimientos<\/strong>. Las im\u00e1genes m\u00e1s ic\u00f3nicas del siglo XX ser\u00edan impensables sin ella: reportajes de guerra, escenas callejeras, retratos \u00edntimos&#8230;100 a\u00f1os de Leica significan <strong>100 a\u00f1os de historia, arte y emoci\u00f3n contados a trav\u00e9s de fotograf\u00edas ic\u00f3nicas que nos conmueven y nos conectan<\/strong>\u201d.\u201cNo s\u00f3lo quer\u00edamos mostrar las fotograf\u00edas m\u00e1s famosas e ic\u00f3nicas\u201d, a\u00f1ade la comisaria, \u201csino<strong> tambi\u00e9n momentos personales, sorprendentes y llenos de intimidad<\/strong>. Nuestra selecci\u00f3n no esestrictamente cronol\u00f3gica, sino que sigue un<strong> hilo emocional<\/strong>. Por eso nos centramos en la <strong>voz visual \u00fanica de cada fot\u00f3grafo<\/strong>\u201d.\n<\/p>\n<p class=\"article-body__text \">\n        A su paso por Madrid, la exposici\u00f3n se ha enriquecido con la obra de <strong>casi una treintena defot\u00f3grafos espa\u00f1oles,<\/strong> entre los que figuran nombres como <strong>Agust\u00edn Centelles, Ricard Terr\u00e9, Clemente Bernad, Manolo Laguillo, Anna Turbau, Javier Campano y Alberto Garc\u00eda-\u00c1lix<\/strong>, entre otros.\n<\/p>\n<p>  M\u00e1s de 20.000 visitas<\/p>\n<p class=\"article-body__text \">\n        Desde su apertura, esta exposici\u00f3n ha recibido <strong>m\u00e1s de 20.000 visitas<\/strong>. Y, adem\u00e1s de las <strong>174 im\u00e1genes expuestas<\/strong>, incluye un apartado que recoge la historia de Leica. As\u00ed,en la muestra se exhibe una selecci\u00f3n de c\u00e1maras cl\u00e1sicas como Leica I (1925)y Leica II (1932) adem\u00e1s de materiales audiovisuales e hist\u00f3ricos procedentes de la colecci\u00f3n del Ernst Leitz Museumy que ilustra en Madrid la evoluci\u00f3n tecnol\u00f3gica y est\u00e9tica de la marca.Este espacio del \u00c1rea de Cultura, Turismo y Deporte acoge la muestra en su Sala de Exposiciones hasta el 11 de enero de 2026, de martes a domingo, de 10:00 a 20:00 horas, con acceso gratuito.<\/p>\n","protected":false},"excerpt":{"rendered":"El fot\u00f3grafo navarro Clemente Bernad participa en la exposici\u00f3n Leica. Un siglo de fotograf\u00eda con una imagen que&hellip;\n","protected":false},"author":2,"featured_media":191043,"comment_status":"","ping_status":"","sticky":false,"template":"","format":"standard","meta":{"footnotes":""},"categories":[173],"tags":[53418,229,233,231,230,53417,3434,6996,232,234,146,147,25,24,2846,23],"class_list":{"0":"post-191042","1":"post","2":"type-post","3":"status-publish","4":"format-standard","5":"has-post-thumbnail","7":"category-arte-y-diseno","8":"tag-100o","9":"tag-arte","10":"tag-arte-y-diseno","11":"tag-arts","12":"tag-arts-and-design","13":"tag-bernad","14":"tag-clemente","15":"tag-cumpleanos","16":"tag-design","17":"tag-diseno","18":"tag-entertainment","19":"tag-entretenimiento","20":"tag-es","21":"tag-espana","22":"tag-participa","23":"tag-spain"},"share_on_mastodon":{"url":"https:\/\/pubeurope.com\/@es\/115411051135416617","error":""},"_links":{"self":[{"href":"https:\/\/www.europesays.com\/es\/wp-json\/wp\/v2\/posts\/191042","targetHints":{"allow":["GET"]}}],"collection":[{"href":"https:\/\/www.europesays.com\/es\/wp-json\/wp\/v2\/posts"}],"about":[{"href":"https:\/\/www.europesays.com\/es\/wp-json\/wp\/v2\/types\/post"}],"author":[{"embeddable":true,"href":"https:\/\/www.europesays.com\/es\/wp-json\/wp\/v2\/users\/2"}],"replies":[{"embeddable":true,"href":"https:\/\/www.europesays.com\/es\/wp-json\/wp\/v2\/comments?post=191042"}],"version-history":[{"count":0,"href":"https:\/\/www.europesays.com\/es\/wp-json\/wp\/v2\/posts\/191042\/revisions"}],"wp:featuredmedia":[{"embeddable":true,"href":"https:\/\/www.europesays.com\/es\/wp-json\/wp\/v2\/media\/191043"}],"wp:attachment":[{"href":"https:\/\/www.europesays.com\/es\/wp-json\/wp\/v2\/media?parent=191042"}],"wp:term":[{"taxonomy":"category","embeddable":true,"href":"https:\/\/www.europesays.com\/es\/wp-json\/wp\/v2\/categories?post=191042"},{"taxonomy":"post_tag","embeddable":true,"href":"https:\/\/www.europesays.com\/es\/wp-json\/wp\/v2\/tags?post=191042"}],"curies":[{"name":"wp","href":"https:\/\/api.w.org\/{rel}","templated":true}]}}