{"id":191047,"date":"2025-10-21T07:50:08","date_gmt":"2025-10-21T07:50:08","guid":{"rendered":"https:\/\/www.europesays.com\/es\/191047\/"},"modified":"2025-10-21T07:50:08","modified_gmt":"2025-10-21T07:50:08","slug":"born-again-confirma-fecha-de-estreno-y-conexion-con-esta-nueva-pelicula-de-marvel-2","status":"publish","type":"post","link":"https:\/\/www.europesays.com\/es\/191047\/","title":{"rendered":"Born Again&#8217; confirma fecha de estreno y conexi\u00f3n con esta nueva pel\u00edcula de Marvel"},"content":{"rendered":"<p class=\"c-paragraph\"><b\/>Luego de una aclamada andadura en<b> Netflix <\/b>(que hubo de ser clausurada forzosamente ante la irrupci\u00f3n directa de <b>Marvel Studios <\/b>en el streaming a trav\u00e9s de<b> Disney+<\/b>), la continuidad de <b>Charlie Cox como Daredevil<\/b> qued\u00f3 comprometida. Pero, una vez pas\u00f3 un tiempo providencial y ante el clamor de los fans, tanto Cox como <b>Vincent D\u2019Onofrio<\/b> en el papel del villano Kingpin fueron reintroducidos en la continuidad del MCU.<\/p>\n<p class=\"c-paragraph\">Primero con <b>Spider-Man: No Way Home<\/b>, luego con series como<b> Ojo de Halc\u00f3n, She-Hulk y Echo<\/b>, y finalmente\u2026<\/p>\n<p class=\"c-paragraph\"><b>Daredevil: Born Again<\/b> es la serie dedicada oficialmente al justiciero invidente y al malvado Kingpin. Encabezada por Cox y D\u2019Onofrio, ha obtenido el benepl\u00e1cito del p\u00fablico, y<b> Kevin Feige <\/b>no dud\u00f3 en renovarla por una segunda temporada. Ahora mismo sabemos que los planes con Born Again son m\u00e1s amplios, pues tambi\u00e9n hay una tercera en camino, y ha habido otras revelaciones en la reciente Comic-Con de Nueva York.\u00a0<\/p>\n<p class=\"c-paragraph\">Fue cuando, en paralelo a anunciarse la renovaci\u00f3n de <b>Tu amigo y vecino Spider-Man<\/b> (una serie de animaci\u00f3n muy bien valorada), tambi\u00e9n se entraron en otros detalles con Born Again.<\/p>\n<p class=\"c-paragraph\">Por ejemplo en lo que respecta a una fecha oficial para estrenar la segunda temporada. Daredevil regresar\u00e1 el <b>4 de marzo de 2026<\/b>, una vez haya pasado casi un a\u00f1o exacto de la primera (que vio la luz el pasado <b>5 de marzo<\/b>). Sabemos que volver\u00e1n Cox y D\u2019Onofrio, y que se introducir\u00e1 a <b>Krysten Ritter <\/b>como Jessica Jones mientras<b> Matthew Lillard (<\/b><b>Scream<\/b><b>)<\/b> tambi\u00e9n se apunta interpretando a un nuevo villano.\u00a0<\/p>\n<p class=\"c-paragraph\">Lo m\u00e1s interesante, sin embargo, es que se ha confirmado que la segunda temporada tendr\u00e1 una relaci\u00f3n estrecha con un futuro film del MCU. Uno de los m\u00e1s esperados de la presente fase.<\/p>\n<p class=\"c-paragraph\"><b>Spider-Man: Brand New Day<\/b> es la continuaci\u00f3n de <b>No Way Home<\/b>, con <b>Tom Holland<\/b> volviendo como trepamuros. Dirigida por <b>Destin Daniel Cretton (<\/b><b>Shang-Chi y la leyenda de los diez anillos<\/b><b>)<\/b>, es la siguiente pel\u00edcula en el calendario de Marvel tras <b>Los 4 Fant\u00e1sticos: Primeros pasos<\/b>, y se supone que la intenci\u00f3n es reubicar a Spider-Man en un escenario m\u00e1s urbano, alejado de los jaleos multiv\u00e9rsicos de sus \u00faltimas iteraciones. De ah\u00ed que tenga en el reparto a<b> Jon Bernthal como Punisher<\/b>.<\/p>\n<p class=\"c-paragraph\">El Punisher de Bernthal proviene, claro, de la fase Netflix de Daredevil, y tambi\u00e9n ha aparecido en Born Again. As\u00ed que Marvel ha confirmado que habr\u00e1 una estrecha relaci\u00f3n entre el argumento de Brand New Day y la segunda temporada de Born Again, y esta ser\u00e1 una suerte de antesala para cuando la cuarta entrega de Spider-Man se estrene el <b>31 de julio de 2026<\/b>.<\/p>\n","protected":false},"excerpt":{"rendered":"Luego de una aclamada andadura en Netflix (que hubo de ser clausurada forzosamente ante la irrupci\u00f3n directa de&hellip;\n","protected":false},"author":2,"featured_media":188987,"comment_status":"","ping_status":"","sticky":false,"template":"","format":"standard","meta":{"footnotes":""},"categories":[169],"tags":[52517,52979,177,52978,146,36,147,25,24,176,175,3745,23],"class_list":{"0":"post-191047","1":"post","2":"type-post","3":"status-publish","4":"format-standard","5":"has-post-thumbnail","7":"category-cine","8":"tag-again","9":"tag-born","10":"tag-cine","11":"tag-daredevil","12":"tag-entertainment","13":"tag-entrega","14":"tag-entretenimiento","15":"tag-es","16":"tag-espana","17":"tag-film","18":"tag-movies","19":"tag-segunda","20":"tag-spain"},"share_on_mastodon":{"url":"https:\/\/pubeurope.com\/@es\/115411066914153866","error":""},"_links":{"self":[{"href":"https:\/\/www.europesays.com\/es\/wp-json\/wp\/v2\/posts\/191047","targetHints":{"allow":["GET"]}}],"collection":[{"href":"https:\/\/www.europesays.com\/es\/wp-json\/wp\/v2\/posts"}],"about":[{"href":"https:\/\/www.europesays.com\/es\/wp-json\/wp\/v2\/types\/post"}],"author":[{"embeddable":true,"href":"https:\/\/www.europesays.com\/es\/wp-json\/wp\/v2\/users\/2"}],"replies":[{"embeddable":true,"href":"https:\/\/www.europesays.com\/es\/wp-json\/wp\/v2\/comments?post=191047"}],"version-history":[{"count":0,"href":"https:\/\/www.europesays.com\/es\/wp-json\/wp\/v2\/posts\/191047\/revisions"}],"wp:featuredmedia":[{"embeddable":true,"href":"https:\/\/www.europesays.com\/es\/wp-json\/wp\/v2\/media\/188987"}],"wp:attachment":[{"href":"https:\/\/www.europesays.com\/es\/wp-json\/wp\/v2\/media?parent=191047"}],"wp:term":[{"taxonomy":"category","embeddable":true,"href":"https:\/\/www.europesays.com\/es\/wp-json\/wp\/v2\/categories?post=191047"},{"taxonomy":"post_tag","embeddable":true,"href":"https:\/\/www.europesays.com\/es\/wp-json\/wp\/v2\/tags?post=191047"}],"curies":[{"name":"wp","href":"https:\/\/api.w.org\/{rel}","templated":true}]}}