{"id":191058,"date":"2025-10-21T07:56:10","date_gmt":"2025-10-21T07:56:10","guid":{"rendered":"https:\/\/www.europesays.com\/es\/191058\/"},"modified":"2025-10-21T07:56:10","modified_gmt":"2025-10-21T07:56:10","slug":"el-expresidente-frances-sarkozy-a-punto-de-entrar-en-prision","status":"publish","type":"post","link":"https:\/\/www.europesays.com\/es\/191058\/","title":{"rendered":"El expresidente franc\u00e9s Sarkozy, a punto de entrar en prisi\u00f3n"},"content":{"rendered":"<p>    <img src=\"https:\/\/www.europesays.com\/es\/wp-content\/uploads\/2025\/10\/2025-10-21T063A463A07Z-90199095.jpg\" width=\"1024\" height=\"685\" alt=\"\" loading=\"eager\" decoding=\"sync\" fetchpriority=\"high\"\/><\/p>\n<p>            afp_tickers        <\/p>\n<p>        Este contenido fue publicado en    <\/p>\n<p>        21 octubre 2025 &#8211; 08:46\n<\/p>\n<p>Nicolas Sarkozy entrar\u00e1 este martes en prisi\u00f3n por maniobrar para financiar ilegalmente con dinero libio su campa\u00f1a electoral de 2007, convirti\u00e9ndose en el primer ex jefe de Estado franc\u00e9s entre rejas desde el fin de la Segunda Guerra Mundial.<\/p>\n<p>El presidente conservador entre 2007 y 2012, que defiende su inocencia, ingresar\u00e1 en la c\u00e1rcel parisina de la Sant\u00e9 para cumplir una pena de cinco a\u00f1os de prisi\u00f3n por asociaci\u00f3n il\u00edcita, impuesta por un tribunal de Par\u00eds en septiembre.<\/p>\n<p>\u00abA las 10H00 (08H00 GMT) estar\u00e1 en prisi\u00f3n\u00bb, donde \u00abpase lo que pase\u00bb, permanecer\u00e1 \u00abentre tres semanas y un mes\u00bb, indic\u00f3 a la radio Europe 1 su abogado Christophe Ingrain, en referencia a la solicitud de libertad condicional que presentar\u00e1 r\u00e1pidamente.<\/p>\n<p>Su condena estuvo acompa\u00f1ada de pol\u00e9mica porque el tambi\u00e9n marido de la cantante Carla Bruni cuestion\u00f3 que el tribunal ordenara su ingreso en prisi\u00f3n sin esperar al resultado de su recurso. El juicio en apelaci\u00f3n debe celebrarse en los pr\u00f3ximos meses.<\/p>\n<p>Su familia llam\u00f3 a manifestarse en apoyo al presidente, cuando abandone su domicilio en un exclusivo barrio del oeste de Par\u00eds rumbo a la \u00fanica prisi\u00f3n de la capital francesa. Una multitud de c\u00e1maras y fot\u00f3grafos seguir\u00e1n el recorrido.<\/p>\n<p>Este referente de la derecha francesa entrar\u00e1 \u00abcon la cabeza alta\u00bb y con una biograf\u00eda de Jes\u00fas y con \u00abEl Conde de Montecristo\u00bb, el inocente injustamente condenado m\u00e1s famoso de la literatura francesa, explic\u00f3 el domingo al diario Le Figaro.<\/p>\n<p>Para evitar el contacto con otros detenidos y eventuales fotos, Sarkozy ocupar\u00e1 probablemente una de las 15 celdas de nueve metros cuadrados del \u00e1rea de aislamiento de la Sant\u00e9, seg\u00fan agentes penitenciarios que conocen bien la prisi\u00f3n.<\/p>\n<p>Este hombre nacido el 28 de enero de 1955 seguir\u00e1 los pasos de otros famosos presos que ya pasaron por esta c\u00e1rcel, como el venezolano Carlos \u00abEl Chacal\u00bb, condenado por atentados en los a\u00f1os setenta y ochenta, o el dictador paname\u00f1o Manuel Antonio Noriega.<\/p>\n<p>Sus abogados pueden solicitar su libertad condicional desde el momento en que pise la c\u00e1rcel, porque ya tiene 70 a\u00f1os. La justicia tendr\u00e1 dos meses para resolver.<\/p>\n<p>\u2013 \u00abExcepcional gravedad\u00bb \u2013<\/p>\n<p>\u00abSarko\u00bb, como se le conoce en Francia, ser\u00e1 el primer ex jefe de Estado galo encarcelado desde Philippe P\u00e9tain, quien acab\u00f3 entre rejas al t\u00e9rmino de la Segunda Guerra Mundial por colaborar con la Alemania nazi.<\/p>\n<p>Aunque otros jefes de Estado europeos han pisado la c\u00e1rcel, el franc\u00e9s ser\u00e1 el primero de un pa\u00eds ya dentro de la Uni\u00f3n Europea.<\/p>\n<p>Este encarcelamiento choca con la imagen de mano dura contra los delincuentes que este animal pol\u00edtico se forj\u00f3 como ministro del Interior entre 2005 y 2007, un cargo que lo catapult\u00f3 a la presidencia.<\/p>\n<p>En concreto, fue condenado por permitir que allegados suyos se acercaran a la Libia de Muamar Gadafi, fallecido en 2011, para obtener fondos para financiar ilegalmente la campa\u00f1a de 2007 que le llev\u00f3 al poder.<\/p>\n<p>Aunque el proceso no permiti\u00f3 demostrar que el dinero se utiliz\u00f3 en \u00ab\u00faltima instancia\u00bb, el tribunal subray\u00f3 que s\u00ed sali\u00f3 de Libia, por lo que lo conden\u00f3 por asociaci\u00f3n il\u00edcita y por la \u00abexcepcional gravedad de los hechos\u00bb.<\/p>\n<p>\u2013 Independencia judicial \u2013<\/p>\n<p>Esta condena no es la primera contra el conservador, que ya port\u00f3 una tobillera electr\u00f3nica a inicios de a\u00f1o. Suma otras dos por corrupci\u00f3n, tr\u00e1fico de influencias y financiaci\u00f3n ilegal de campa\u00f1a en 2012, y tambi\u00e9n tiene otras causas abiertas.<\/p>\n<p>Aunque seis de cada 10 franceses consideran \u00abjusta\u00bb su entrada en prisi\u00f3n, seg\u00fan un sondeo reciente, sus cr\u00edticas a la presunta politizaci\u00f3n de los jueces, le cosecharon apoyos en sectores de la derecha y la ultraderecha.<\/p>\n<p>La fiscal\u00eda abri\u00f3 una investigaci\u00f3n por amenazas en las redes sociales contra la magistrada del caso, e incluso el presidente actual, el centroderechista Emmanuel Macron, se vio obligado a defender la justicia.<\/p>\n<p>Sin embargo, el viernes lo recibi\u00f3 en el Palacio del El\u00edseo, la sede de la presidencia. \u00abEra normal que, en el plano humano, recibiera a uno de mis predecesores en este contexto\u00bb, explic\u00f3 el lunes Macron.<\/p>\n<p>El ministro de Justicia, G\u00e9rald Darmanin, tambi\u00e9n asegur\u00f3 que visitar\u00e1 en prisi\u00f3n a su mentor en pol\u00edtica, una visita que podr\u00eda \u00abatentar contra la independencia de los magistrados\u00bb, advirti\u00f3 este martes el fiscal general de la Corte de Casaci\u00f3n, R\u00e9my Heitz.<\/p>\n<p>burs-tjc\/dbh<\/p>\n","protected":false},"excerpt":{"rendered":"afp_tickers Este contenido fue publicado en 21 octubre 2025 &#8211; 08:46 Nicolas Sarkozy entrar\u00e1 este martes en prisi\u00f3n&hellip;\n","protected":false},"author":2,"featured_media":191059,"comment_status":"","ping_status":"","sticky":false,"template":"","format":"standard","meta":{"footnotes":""},"categories":[42],"tags":[17,18,13,14,11,61,62,63,64,11894,11895,19,20,7657,9,10,15,16,88,25889,25890,90,12,11896,21,22,65,66,67],"class_list":{"0":"post-191058","1":"post","2":"type-post","3":"status-publish","4":"format-standard","5":"has-post-thumbnail","7":"category-internacional","8":"tag-breaking-news","9":"tag-breakingnews","10":"tag-featured-news","11":"tag-featurednews","12":"tag-headlines","13":"tag-internacional","14":"tag-international","15":"tag-international-news","16":"tag-internationalnews","17":"tag-judiciary-system-of-justice","18":"tag-justice-and-rights","19":"tag-latest-news","20":"tag-latestnews","21":"tag-law-and-order","22":"tag-news","23":"tag-noticias","24":"tag-noticias-destacadas","25":"tag-noticiasdestacadas","26":"tag-politics","27":"tag-prison","28":"tag-punishment","29":"tag-ticker","30":"tag-titulares","31":"tag-trials","32":"tag-ultimas-noticias","33":"tag-ultimasnoticias","34":"tag-world","35":"tag-world-news","36":"tag-worldnews"},"share_on_mastodon":{"url":"https:\/\/pubeurope.com\/@es\/115411090634878591","error":""},"_links":{"self":[{"href":"https:\/\/www.europesays.com\/es\/wp-json\/wp\/v2\/posts\/191058","targetHints":{"allow":["GET"]}}],"collection":[{"href":"https:\/\/www.europesays.com\/es\/wp-json\/wp\/v2\/posts"}],"about":[{"href":"https:\/\/www.europesays.com\/es\/wp-json\/wp\/v2\/types\/post"}],"author":[{"embeddable":true,"href":"https:\/\/www.europesays.com\/es\/wp-json\/wp\/v2\/users\/2"}],"replies":[{"embeddable":true,"href":"https:\/\/www.europesays.com\/es\/wp-json\/wp\/v2\/comments?post=191058"}],"version-history":[{"count":0,"href":"https:\/\/www.europesays.com\/es\/wp-json\/wp\/v2\/posts\/191058\/revisions"}],"wp:featuredmedia":[{"embeddable":true,"href":"https:\/\/www.europesays.com\/es\/wp-json\/wp\/v2\/media\/191059"}],"wp:attachment":[{"href":"https:\/\/www.europesays.com\/es\/wp-json\/wp\/v2\/media?parent=191058"}],"wp:term":[{"taxonomy":"category","embeddable":true,"href":"https:\/\/www.europesays.com\/es\/wp-json\/wp\/v2\/categories?post=191058"},{"taxonomy":"post_tag","embeddable":true,"href":"https:\/\/www.europesays.com\/es\/wp-json\/wp\/v2\/tags?post=191058"}],"curies":[{"name":"wp","href":"https:\/\/api.w.org\/{rel}","templated":true}]}}