{"id":191066,"date":"2025-10-21T08:00:10","date_gmt":"2025-10-21T08:00:10","guid":{"rendered":"https:\/\/www.europesays.com\/es\/191066\/"},"modified":"2025-10-21T08:00:10","modified_gmt":"2025-10-21T08:00:10","slug":"marquesa-vega-de-anzo-fallece-pilar-gonzalez-del-valle-marquesa-de-la-vega-de-anzo-y-gran-aficionada-a-los-toros","status":"publish","type":"post","link":"https:\/\/www.europesays.com\/es\/191066\/","title":{"rendered":"MARQUESA VEGA DE ANZO | Fallece Pilar Gonz\u00e1lez del Valle, marquesa de la Vega de Anzo y gran aficionada a los toros"},"content":{"rendered":"<p class=\"ft-text ft-helper-closenews\"><strong>El mundo taurino est\u00e1 de luto. <\/strong>Esta madrugada ha fallecido Pilar Gonz\u00e1lez del Valle y Garc\u00eda de la Pe\u00f1a, <strong>marquesa de la Vega de Anzo y gran aficionada a los toros que nunca falt\u00f3 a su cita con la feria taurina de Bego\u00f1a. <\/strong>Para ella, Gij\u00f3n y las corridas en su plaza de El Bibio ten\u00edan un lugar especial junto a la plaza de Las Ventas de Madrid y de Bilbao<strong>. Desde hace muchos a\u00f1os formaba parte del Centro de Asuntos Taurinos de la Comunidad de Madrid as\u00ed como de la pe\u00f1a taurina Las Majas de Goya. <\/strong><\/p>\n<p class=\"ft-text\">Afincada en Madrid, veraneaba en el palacio familiar de Casta\u00f1edo (Grado), que construy\u00f3 su bisabuelo, y tambi\u00e9n en Gij\u00f3n.<strong> Se cri\u00f3 entre Madrid, Grado y Extremadura,<\/strong> pero siempre hizo gala de su asturian\u00eda. En 1992 hered\u00f3 el marquesado de la Vega de Anzo, el t\u00edtulo de su padre, el ovetense Jos\u00e9 Mar\u00eda Gonz\u00e1lez del Valle Herrero.\u00a0Muy querida por la afici\u00f3n gijonesa, <strong>fue la pregonera de la feria de Bego\u00f1a hace dos a\u00f1os en la cita organizada por la pe\u00f1a Miguel \u00c1ngel Perera. <\/strong><\/p>\n<p class=\"ft-text\">El pasado agosto volvi\u00f3 a disfrutar de su plaza de Gij\u00f3n, <strong>igual que lo hizo en la pasada feria de Oto\u00f1o en la plaza de Las Ventas hace ahora apenas una semana.<\/strong> Durante la feria de Bego\u00f1a,<a class=\"ft-link ft-link--decoration\" href=\"https:\/\/www.lne.es\/gijon\/2025\/08\/18\/pilar-gonzalez-vale-marquesa-vega-120711973.html\" target=\"_blank\" rel=\"nofollow noopener\"> la marquesa de la Vega de Anzo conced\u00eda una entrevista a LA NUEVA ESPA\u00d1A<\/a>. \u00abQuiero agradecer a la Alcaldesa, Carmen Moriy\u00f3n, por restablecer los toros en Gij\u00f3n, que ya lo pod\u00eda hacer Oviedo tambi\u00e9n, porque fue uno de los primeros sitios en donde hubo corridas. Gracias a los toros y el impulso que dan al turismo Gij\u00f3n tiene una repercusi\u00f3n enorme\u00bb, confesaba.<\/p>\n<p class=\"ft-text\">Tambi\u00e9n en verano recibi\u00f3 un homenaje por parte del\u00a0<strong>Club Deportivo Mosconia\u00a0<\/strong>y del\u00a0<strong>Ayuntamiento de Grado<\/strong>\u00a0en el estadio mosc\u00f3n<a class=\"ft-link ft-link--decoration\" href=\"https:\/\/www.lne.es\/grado\/2025\/07\/27\/marquesa-vega-anzo-recibe-reconocimiento-120093650.html\" target=\"_blank\" rel=\"nofollow noopener\"> cuyo nombre homenajea la contribuci\u00f3n de esta familia a la dotaci\u00f3n de este campo de f\u00fatbol.<\/a> En Gij\u00f3n pasaba grandes temporadas, especialmente en verano y durante los festejos taurinos.<\/p>\n<p class=\"ft-text\"><strong>Siempre alegre, atente, dialogante y conocedora del sector taurino, <\/strong>Pilar Gonz\u00e1lez del Valle fue una figura fundamental para que la feria de Bego\u00f1a lograse prestigio en la tauromaquia. \u00abEstoy profundamente apenado. En ella siempre encontr\u00e9 un apoyo incondicional y en tiempos dif\u00edciles sigui\u00f3 remando con todos para que su Feria de Bego\u00f1a volviera a ser una realidad. La echaremos mucho de menos todos los veranos en Gij\u00f3n\u00bb, lamentaba esta ma\u00f1ana el empresario de El Bibio, Carlos Z\u00fa\u00f1iga, al conocer la noticia.<\/p>\n<p class=\"ft-text\">Sus restos mortales ser\u00e1n trasladados a partir de la una al tanatorio de Tres Cantos en Madrid. Por la tarde est\u00e1 prevista una misa en el mismo tanatorio.<\/p>\n<p data-close=\"closedContent\" class=\"subscribeHideForDisplay\">Suscr\u00edbete para seguir leyendo<\/p>\n","protected":false},"excerpt":{"rendered":"El mundo taurino est\u00e1 de luto. Esta madrugada ha fallecido Pilar Gonz\u00e1lez del Valle y Garc\u00eda de la&hellip;\n","protected":false},"author":2,"featured_media":191067,"comment_status":"","ping_status":"","sticky":false,"template":"","format":"standard","meta":{"footnotes":""},"categories":[277],"tags":[373,168,25,24,5992,5976,4785,3728,205,23707,8669,53419,1386,23,167,374,444,2123],"class_list":{"0":"post-191066","1":"post","2":"type-post","3":"status-publish","4":"format-standard","5":"has-post-thumbnail","7":"category-toreo","8":"tag-bullfighting","9":"tag-deportes","10":"tag-es","11":"tag-espana","12":"tag-fallece","13":"tag-gonzalez","14":"tag-la-vega","15":"tag-las-ventas","16":"tag-madrid","17":"tag-marquesa","18":"tag-pilar","19":"tag-pilar-gonzalez","20":"tag-plaza","21":"tag-spain","22":"tag-sports","23":"tag-toreo","24":"tag-toros","25":"tag-valle"},"share_on_mastodon":{"url":"https:\/\/pubeurope.com\/@es\/115411106066117478","error":""},"_links":{"self":[{"href":"https:\/\/www.europesays.com\/es\/wp-json\/wp\/v2\/posts\/191066","targetHints":{"allow":["GET"]}}],"collection":[{"href":"https:\/\/www.europesays.com\/es\/wp-json\/wp\/v2\/posts"}],"about":[{"href":"https:\/\/www.europesays.com\/es\/wp-json\/wp\/v2\/types\/post"}],"author":[{"embeddable":true,"href":"https:\/\/www.europesays.com\/es\/wp-json\/wp\/v2\/users\/2"}],"replies":[{"embeddable":true,"href":"https:\/\/www.europesays.com\/es\/wp-json\/wp\/v2\/comments?post=191066"}],"version-history":[{"count":0,"href":"https:\/\/www.europesays.com\/es\/wp-json\/wp\/v2\/posts\/191066\/revisions"}],"wp:featuredmedia":[{"embeddable":true,"href":"https:\/\/www.europesays.com\/es\/wp-json\/wp\/v2\/media\/191067"}],"wp:attachment":[{"href":"https:\/\/www.europesays.com\/es\/wp-json\/wp\/v2\/media?parent=191066"}],"wp:term":[{"taxonomy":"category","embeddable":true,"href":"https:\/\/www.europesays.com\/es\/wp-json\/wp\/v2\/categories?post=191066"},{"taxonomy":"post_tag","embeddable":true,"href":"https:\/\/www.europesays.com\/es\/wp-json\/wp\/v2\/tags?post=191066"}],"curies":[{"name":"wp","href":"https:\/\/api.w.org\/{rel}","templated":true}]}}