{"id":191068,"date":"2025-10-21T08:03:12","date_gmt":"2025-10-21T08:03:12","guid":{"rendered":"https:\/\/www.europesays.com\/es\/191068\/"},"modified":"2025-10-21T08:03:12","modified_gmt":"2025-10-21T08:03:12","slug":"davidovich-resurge-ante-sonego-y-busca-ya-su-mejor-ranking","status":"publish","type":"post","link":"https:\/\/www.europesays.com\/es\/191068\/","title":{"rendered":"Davidovich resurge ante Sonego y busca ya su mejor &#8216;ranking&#8217;"},"content":{"rendered":"<p>Alejandro Davidovich fue doble noticia este lunes. Al mediod\u00eda se confirm\u00f3 su ausencia en el equipo espa\u00f1ol de Copa Davis que acudir\u00e1 a la Final  &#8230; a 8 de Bolonia (del 18 al 23 de noviembre) y se cruzar\u00e1 contra la Rep\u00fablica Checa en cuartos de final. El malague\u00f1o podr\u00eda haber rehusado de nuevo a jugar en esas fechas, que le obligan a estar activo un par de semanas m\u00e1s tras cerrar su calendario, o bien el capit\u00e1n David Ferrer tom\u00f3 la decisi\u00f3n por su escaso compromiso en convocatorias anteriores.<\/p>\n<p class=\"v-p\">De hecho, Davidovich no va a la Copa Davis desde 2023, en Valencia (entonces fue n\u00famero uno espa\u00f1ol), y tampoco acudi\u00f3 a los Juegos Ol\u00edmpicos, alegando falta de forma o problemas f\u00edsicos. Ferrer deja abierta una quinta plaza cara a las pr\u00f3ximas semanas, pero no parece probable que pueda contar con \u00e9l, todo un 18\u00ba del mundo, si no ha sido citado entre los primeros cuatro elegidos (Alcaraz, Munar, Pedro Mart\u00ednez y Granolllers).<\/p>\n<p class=\"v-p\">A primera hora de la tarde el rinconero se deshizo de Lorenzo Sonego (41\u00ba) en la primera ronda del ATP 500 de Basilea, en &#8216;indoor&#8217;, despu\u00e9s de un 7-6 (2) y 6-4, en dos horas. Fueron dos duros sets tras entrar poco concentrado en el partido. Sus dos primeros juegos fueron realmente malos, primero al resto y luego sin lograr meter seis saques seguidos. En pleno desacierto, una derecha relativamente sencilla la estrell\u00f3 en la cinta de la red para que botara fuera para el 0-2.<\/p>\n<p class=\"v-p\">Verse &#8216;break&#8217; abajo ante un gran sacador como Sonego en esas condiciones de pista podr\u00eda ser un peaje casi definitivo para perder el set, pero el malague\u00f1o reaccion\u00f3 y sac\u00f3 adelante con claridad sus turnos al saque e inquiet\u00f3 continuamente al resto. Fueron cinco &#8216;break points&#8217; en tres juegos distintos, y logr\u00f3 s\u00f3lo un quiebre, suficiente para llegar a una &#8216;muerte s\u00fabita&#8217; muy bien jugada con su saque.<\/p>\n<p>\nEl malague\u00f1o se afianza con la victoria en la decimoctava plaza del ATP Ranking, su techo hist\u00f3rico, y acecha a Lehecka, Bublik y Khachanov para tratar de superarla\n<\/p>\n<p class=\"v-p\">La clave de la reacci\u00f3n estuvo sobre todo en el juego en la red. Sonego intent\u00f3 el saque y volea fallando continuamente. Luci\u00f3 un paup\u00e9rrimo 6\/16, por el 9\/10 de su rival. Con esa t\u00f3nica el partido ya ten\u00eda la iniciativa de Davidovich en el segundo set, que a\u00fan as\u00ed hubo que madurar. Pero casi siempre las opciones de presionar fueron suyas. Sobre todo con un 30-40 y 4-3, o al final del choque, con las dos primeras bolas de partido sobre el 5-4 y 15-40. Los errores del italiano, ya muy presionado, le condenaron.<\/p>\n<p class=\"v-p\">Ahora Davidovich se cruzar\u00e1 en octavos este mi\u00e9rcoles ante el estadounidense Jenson Brooskby (55\u00ba), que no cedi\u00f3 ni una bola de &#8216;reak&#8217; en su victoria ante el franc\u00e9s Alexandre Muller (44\u00ba). Busca el malague\u00f1o el mejor &#8216;ranking&#8217; de su carrera, decimoctavo y tratando de superar a los Lehecka, Bublik o Khachanov, en activo esta semana.<\/p>\n","protected":false},"excerpt":{"rendered":"Alejandro Davidovich fue doble noticia este lunes. Al mediod\u00eda se confirm\u00f3 su ausencia en el equipo espa\u00f1ol de&hellip;\n","protected":false},"author":2,"featured_media":191069,"comment_status":"","ping_status":"","sticky":false,"template":"","format":"standard","meta":{"footnotes":""},"categories":[274],"tags":[1575,331,2911,168,25,24,1684,6817,53420,53421,23,167,327,326],"class_list":{"0":"post-191068","1":"post","2":"type-post","3":"status-publish","4":"format-standard","5":"has-post-thumbnail","7":"category-tenis","8":"tag-ante","9":"tag-busca","10":"tag-davidovich","11":"tag-deportes","12":"tag-es","13":"tag-espana","14":"tag-mejor","15":"tag-ranking","16":"tag-resurge","17":"tag-sonego","18":"tag-spain","19":"tag-sports","20":"tag-tenis","21":"tag-tennis"},"share_on_mastodon":{"url":"https:\/\/pubeurope.com\/@es\/115411118069052188","error":""},"_links":{"self":[{"href":"https:\/\/www.europesays.com\/es\/wp-json\/wp\/v2\/posts\/191068","targetHints":{"allow":["GET"]}}],"collection":[{"href":"https:\/\/www.europesays.com\/es\/wp-json\/wp\/v2\/posts"}],"about":[{"href":"https:\/\/www.europesays.com\/es\/wp-json\/wp\/v2\/types\/post"}],"author":[{"embeddable":true,"href":"https:\/\/www.europesays.com\/es\/wp-json\/wp\/v2\/users\/2"}],"replies":[{"embeddable":true,"href":"https:\/\/www.europesays.com\/es\/wp-json\/wp\/v2\/comments?post=191068"}],"version-history":[{"count":0,"href":"https:\/\/www.europesays.com\/es\/wp-json\/wp\/v2\/posts\/191068\/revisions"}],"wp:featuredmedia":[{"embeddable":true,"href":"https:\/\/www.europesays.com\/es\/wp-json\/wp\/v2\/media\/191069"}],"wp:attachment":[{"href":"https:\/\/www.europesays.com\/es\/wp-json\/wp\/v2\/media?parent=191068"}],"wp:term":[{"taxonomy":"category","embeddable":true,"href":"https:\/\/www.europesays.com\/es\/wp-json\/wp\/v2\/categories?post=191068"},{"taxonomy":"post_tag","embeddable":true,"href":"https:\/\/www.europesays.com\/es\/wp-json\/wp\/v2\/tags?post=191068"}],"curies":[{"name":"wp","href":"https:\/\/api.w.org\/{rel}","templated":true}]}}