{"id":191080,"date":"2025-10-21T08:09:10","date_gmt":"2025-10-21T08:09:10","guid":{"rendered":"https:\/\/www.europesays.com\/es\/191080\/"},"modified":"2025-10-21T08:09:10","modified_gmt":"2025-10-21T08:09:10","slug":"cierra-el-estudio-el-historico-taller-de-gijon-donde-enmarcan-los-artistas-asturianos","status":"publish","type":"post","link":"https:\/\/www.europesays.com\/es\/191080\/","title":{"rendered":"Cierra El Estudio, el hist\u00f3rico taller de Gij\u00f3n donde enmarcan los artistas asturianos"},"content":{"rendered":"<p>Treinta a\u00f1os han pasado desde que abriese en la calle P\u00e9rez de Ayala de <a href=\"https:\/\/www.elcomercio.es\/gijon\/\" target=\"_blank\" data-voc-vtm-id=\"in-text-traffic\" title=\"Gij\u00f3n\" data-mrf-link=\"www.elcomercio.es\" rel=\"nofollow noopener\">Gij\u00f3n<\/a> un local de los que quedan grabados en la  &#8230; memoria de una ciudad. Regentado por Paloma Maese y Juanjo Prieto, <a href=\"https:\/\/www.elcomercio.es\/culturas\/estudio-ultima-exposicion-navidad-20250103214234-nt.html\" target=\"_self\" data-voc-vtm-id=\"in-text-traffic\" title=\"El Estudio\" data-mrf-link=\"www.elcomercio.es\" rel=\"nofollow noopener\">El Estudio<\/a> ha sido taller de enmarcaci\u00f3n pero tambi\u00e9n punto de encuentro y exposiciones por el que han pasado artistas indiscutibles como Pelayo Ortega, Rodolfo Pico, Elena Rato o Rafa Roll\u00f3n, los mismos que ahora participan en la \u00faltima colectiva que organizan en esta sala a modo de despedida y homenaje. <\/p>\n<p class=\"v-p\">Se inaugur\u00f3 ayer y sus puertas permanecer\u00e1n abiertas hasta el d\u00eda 30, cuando el peque\u00f1o local eche el cierre permanente por jubilaci\u00f3n. Sus propietarios atraviesan estos d\u00edas \u00abmuchas emociones\u00bb mientras se asoman inevitablemente a este punto de inflexi\u00f3n en su negocio y en sus vidas. \u00abEs un alivio porque sabes que vas a descansar, pero tambi\u00e9n da pena\u00bb, expresaba un emocionado Juanjo Prieto por la ma\u00f1ana, ya en el taller y con las obras colgadas sobre las paredes esperando la visita de los \u00faltimos espectadores. Por encima de todo, lamenta dejar de participar en el d\u00eda a d\u00eda de los artistas. \u00abAunque sigamos teniendo una relaci\u00f3n de amistad, ya no va a ser lo mismo al no tener el punto de referencia que era la tienda\u00bb.<\/p>\n<p class=\"v-p\">Ha sido un local polivalente y abierto a todos. Artistas y no artistas encontraban en ellos el mismo trato y el mismo cari\u00f1o y por sus manos y su destreza han pasado, adem\u00e1s de nombres propios del arte, los trabajos de \u00abuna se\u00f1ora que ven\u00eda con punto de cruz, una orla o un recuerdo de viaje\u00bb. \u00abLa intenci\u00f3n era y siempre ha sido ponerle mucho cari\u00f1o a todo lo que hac\u00edamos\u00bb, aseguraba Prieto. \u00abPero el problema de la cultura es la incomprensi\u00f3n por parte de mucha gente, y hab\u00eda veces que no se entend\u00edan las obras que hab\u00eda aqu\u00ed\u00bb, pues tan f\u00e1cil era encontrar piezas de un pintor reconocido como composiciones de un artista de nombre an\u00f3nimo. \u00abNuestra misi\u00f3n fue siempre tratar de poner a la vista la obra de gente que trabaja por la cultura\u00bb, sin hacer diferencias. Y vaya si lo consiguieron.<\/p>\n<p class=\"v-p\">En esta \u00faltima cita se ven las caras algunas de las firmas que han estado desde el principio. \u00abTodas los navidades sol\u00edamos hacer una exposici\u00f3n colectiva con ellos, as\u00ed que ahora, con el motivo de la jubilaci\u00f3n, les llamamos y cada uno aport\u00f3 una o dos obras\u00bb. Adem\u00e1s de los ya citados, estar\u00e1n tambi\u00e9n Jos\u00e9 Arias, Juan Zaratiegui, Mabel Lavandera, Javier Vitorero, Montse Medina, Miquel Watio, Pablo I Prada, Jorge Nava, Paton, Gallinota, Kike Llamas, Alberto Amez, Xabier Liz, Juan F. \u00c1lava, Rafael Fern\u00e1ndez , Javier Ortega, Jos\u00e9 Antonio \u00c1lvarez, Job S\u00e1nchez y el propio Juanjo Prieto, que cuenta que, entre las piezas seleccionadas, \u00abhubo algunas creadas \u00fanicamente para la exposici\u00f3n\u00bb, mientras que otros artistas \u00abtrajeron piezas que ten\u00edan en el estudio\u00bb. En su mayor\u00eda, los trabajos que ahora lucen en El Estudio no se hab\u00edan expuesto nunca o en raras ocasiones. <\/p>\n<p class=\"v-p\">Es el broche perfecto para una trayectoria larga y trascendente que da paso a un merecido descanso y que pone punto y final como Maese y Prieto mejor saben hacerlo: con una buena dosis de arte y rodeados de grandes amigos.<\/p>\n","protected":false},"excerpt":{"rendered":"Treinta a\u00f1os han pasado desde que abriese en la calle P\u00e9rez de Ayala de Gij\u00f3n un local de&hellip;\n","protected":false},"author":2,"featured_media":191081,"comment_status":"","ping_status":"","sticky":false,"template":"","format":"standard","meta":{"footnotes":""},"categories":[173],"tags":[229,233,505,231,230,32543,500,232,234,53424,146,147,25,24,1903,23,17034],"class_list":{"0":"post-191080","1":"post","2":"type-post","3":"status-publish","4":"format-standard","5":"has-post-thumbnail","7":"category-arte-y-diseno","8":"tag-arte","9":"tag-arte-y-diseno","10":"tag-artistas","11":"tag-arts","12":"tag-arts-and-design","13":"tag-asturianos","14":"tag-cierra","15":"tag-design","16":"tag-diseno","17":"tag-enmarcaban","18":"tag-entertainment","19":"tag-entretenimiento","20":"tag-es","21":"tag-espana","22":"tag-historico","23":"tag-spain","24":"tag-taller"},"share_on_mastodon":{"url":"https:\/\/pubeurope.com\/@es\/115411141678049329","error":""},"_links":{"self":[{"href":"https:\/\/www.europesays.com\/es\/wp-json\/wp\/v2\/posts\/191080","targetHints":{"allow":["GET"]}}],"collection":[{"href":"https:\/\/www.europesays.com\/es\/wp-json\/wp\/v2\/posts"}],"about":[{"href":"https:\/\/www.europesays.com\/es\/wp-json\/wp\/v2\/types\/post"}],"author":[{"embeddable":true,"href":"https:\/\/www.europesays.com\/es\/wp-json\/wp\/v2\/users\/2"}],"replies":[{"embeddable":true,"href":"https:\/\/www.europesays.com\/es\/wp-json\/wp\/v2\/comments?post=191080"}],"version-history":[{"count":0,"href":"https:\/\/www.europesays.com\/es\/wp-json\/wp\/v2\/posts\/191080\/revisions"}],"wp:featuredmedia":[{"embeddable":true,"href":"https:\/\/www.europesays.com\/es\/wp-json\/wp\/v2\/media\/191081"}],"wp:attachment":[{"href":"https:\/\/www.europesays.com\/es\/wp-json\/wp\/v2\/media?parent=191080"}],"wp:term":[{"taxonomy":"category","embeddable":true,"href":"https:\/\/www.europesays.com\/es\/wp-json\/wp\/v2\/categories?post=191080"},{"taxonomy":"post_tag","embeddable":true,"href":"https:\/\/www.europesays.com\/es\/wp-json\/wp\/v2\/tags?post=191080"}],"curies":[{"name":"wp","href":"https:\/\/api.w.org\/{rel}","templated":true}]}}