{"id":191092,"date":"2025-10-21T08:16:08","date_gmt":"2025-10-21T08:16:08","guid":{"rendered":"https:\/\/www.europesays.com\/es\/191092\/"},"modified":"2025-10-21T08:16:08","modified_gmt":"2025-10-21T08:16:08","slug":"colaboraciones-temas-exclusivos-y-tematica-mistica-todos-los-detalles-sobre-lux-el-nuevo-disco-de-rosalia-el-mundo","status":"publish","type":"post","link":"https:\/\/www.europesays.com\/es\/191092\/","title":{"rendered":"Colaboraciones, temas exclusivos y tem\u00e1tica m\u00edstica: todos los detalles sobre Lux, el nuevo disco de Rosal\u00eda &#8211; El Mundo"},"content":{"rendered":"<ol>\n<li><a href=\"https:\/\/news.google.com\/rss\/articles\/CBMihAFBVV95cUxPVVI0UFBSZWlHek5pS0xjMjU2bmNJSzRzUU1TekVlZDlQdlpfTk8zTktFdHVwSmhJSng2aTMwUFlDQmMtdjdURU96Q1VVYXJoNWowTC1KUzZoWEVybWRiOVhLMU9kZG1oR3F3YUtaZ2xZMV9KRG9mX0tiUjdFMDNwM3lzZGvSAYQBQVVfeXFMUDVRQWQ0dF8xbXl1US1lem9tNEpaQUVSTk9vVDhsSGI5QjFIbThiLVlXaUg0N0dwUVhkN3VVTmQ5M3lvOGV1NXlLQmROanlRc0RZRUlSZUVRQ0V0VHZJVWktdFFzdlYtZXJhREhMaVZhN3pxN2FGRjlXVEhHY1ozcDBjcHdL?oc=5\" target=\"_blank\" rel=\"nofollow noopener\">Colaboraciones, temas exclusivos y tem\u00e1tica m\u00edstica: todos los detalles sobre Lux, el nuevo disco de Rosal\u00eda<\/a>&nbsp;&nbsp;El Mundo<\/li>\n<li><a href=\"https:\/\/news.google.com\/rss\/articles\/CBMiqgFBVV95cUxNZno2NUVEREF2RUV3SGpzeVMwZmZreUhWY2NoUjEwa1lrdjZMX0FoNjNpVm1PYzlXaXRaRndzS3poZzh6ZlZPYk14VEtSX05rZUFIU3V3NU9kRXllYkh0UWFoczBCN3Z5MDZzUEx1LUNOWnJaeHU4UWk2b09JSWdoTGt2andfa2o5WEQ2RUhxTE90ZnFMWVFGbUVfOEN6XzQ5S2c1V3BxX1Y1Zw?oc=5\" target=\"_blank\" rel=\"nofollow noopener\">Aruseros: Alfonso Ar\u00fas habla alto y claro de &#8216;Lux&#8217;, el nuevo disco de Rosal\u00eda: \u00abDe mi \u00e9poca\u00bb<\/a>&nbsp;&nbsp;ABC<\/li>\n<li><a href=\"https:\/\/news.google.com\/rss\/articles\/CBMisgFBVV95cUxPNy1nYy02aG50MUFNWHdHLUtKT25kTzZFX2R0TG8xYjRyTnhJeGJRcDRKVmNld29kd29yTjhWYlpJX2ZreHRqeGFRR0NPaDlBa2JDbUFsemhPV2xNc1FsLXpGcDkwRWxpNVpKV09JalZmTnlzRWdSOG41eVpzTGRKYXRQOV9scUV5MTZmQThOclZCZmlYQ29LeEN2bmRSYk5nZjVqUXNkS2k5UXYyV3hnbmZR0gGyAUFVX3lxTE9lTUlKenJkYkc4UlhPWXM2TEVLdmFmMjc5M2EtV3lzS1JmeURRWWZfMVBiRUtmZk5Eb1dIeWo0SmVfS2ctbGlrNGZRMnE2dFlhV0habzJPX3NCbERUT0hLTXNlSGJPaU5Jbi0xRlQ0MFN1S2ZMUi1JVXdzeGQ1QXhXbWYwRUdXWXZ6WFlZWkpJSW5wN0xMSXZWWkhPdlNMbWJoNk9OSGlHMm9sMzYzZDM3eUE?oc=5\" target=\"_blank\" rel=\"nofollow noopener\">El enfado de Rosal\u00eda: \u00abQuiero saber qui\u00e9n lo ha hecho\u00bb<\/a>&nbsp;&nbsp;El Peri\u00f3dico<\/li>\n<li><a href=\"https:\/\/news.google.com\/rss\/articles\/CBMivwFBVV95cUxPd0lhVG9qaHZQbnNMYzhEMEJFUHk0TDgwV08xU3ZrMmVvTWYyZE9iMnZZQ0QxcHhFUnRYbDBjNE96VURCZGkxSEJPTDliM0xjNUlqbld4bGhCaDNLQUt5U3VMYWx5RUUzWEpiWVNEWGQwTWFHWE50X3pGTTdja3B1S1JDV0llbDNyTXROYXV3bmhjS094ckFZMmdGM3V0QUJGWW4wc0tZSnRJbXc2TWYzN21ocXpyTmJTYWJfbXp4Z9IBxAFBVV95cUxOMUg0SFd1bmNMSkNHLUFDOTYwbDN5S0pjTi0zT18tenpWWmVhUXkyU1RhWGNRTXc4TWVxZ3JoWTk2SXkwZTZHaWVfYjczZk5lZTMzOERUaU82cjhZdnhWSTd0ZjlRTFc3SFVPS0hhUV9mTVp4WGNOcFJuOWlDSnNYNTdjSVI5OEJRNDJ1T1UtRjB3U0tSZWJwbkw5S0RpUWx1cE80ckI5RXlKdzZvSE1oaDhaYjdVTTlkQ0lzOVBFRmdTaEtk?oc=5\" target=\"_blank\" rel=\"nofollow noopener\">El estilo de Rosal\u00eda arrasa en la Gran V\u00eda de Madrid: decoloraci\u00f3n celestial, conjunto abullonado y zapatos &#8216;mago de Oz&#8217;<\/a>&nbsp;&nbsp;Vanitatis<\/li>\n<li><a href=\"https:\/\/news.google.com\/rss\/articles\/CBMiuAFBVV95cUxOZHg2bmhsQWZ1aUdwMEJOcld1RWNmaFR6dVkxdGYyUURhSVBBdFBWVkctMFZJc3lRUjNrLVA3MjlPWVhDNnBlZXpTdlQ4dERNb0NMNm55VlMzSjlPbDJTLVp4bHFtRWlPa2FWNThJUFVXd252TkhiOTFYN285R2FfT1Fmb19ETWExZHVrWWlZZnBJTzEzU0RmNDJ3c2pmSDZ5bTI0d1k0d1pfa1d0RDFxVG1iNkw3Q1d2?oc=5\" target=\"_blank\" rel=\"nofollow noopener\">Rosal\u00eda corre por la Gran V\u00eda (literalmente) para anunciar su nuevo disco, \u2018Lux\u2019<\/a>&nbsp;&nbsp;EL PA\u00cdS<\/li>\n<\/ol>\n","protected":false},"excerpt":{"rendered":"Colaboraciones, temas exclusivos y tem\u00e1tica m\u00edstica: todos los detalles sobre Lux, el nuevo disco de Rosal\u00eda&nbsp;&nbsp;El Mundo Aruseros:&hellip;\n","protected":false},"author":2,"featured_media":191093,"comment_status":"","ping_status":"","sticky":false,"template":"","format":"standard","meta":{"footnotes":""},"categories":[91],"tags":[209,10593,146,147,25,24,185,4147,23],"class_list":{"0":"post-191092","1":"post","2":"type-post","3":"status-publish","4":"format-standard","5":"has-post-thumbnail","7":"category-entretenimiento","8":"tag-cultura","9":"tag-cultura-musica","10":"tag-entertainment","11":"tag-entretenimiento","12":"tag-es","13":"tag-espana","14":"tag-musica","15":"tag-rosalia","16":"tag-spain"},"share_on_mastodon":{"url":"https:\/\/pubeurope.com\/@es\/115411169123252054","error":""},"_links":{"self":[{"href":"https:\/\/www.europesays.com\/es\/wp-json\/wp\/v2\/posts\/191092","targetHints":{"allow":["GET"]}}],"collection":[{"href":"https:\/\/www.europesays.com\/es\/wp-json\/wp\/v2\/posts"}],"about":[{"href":"https:\/\/www.europesays.com\/es\/wp-json\/wp\/v2\/types\/post"}],"author":[{"embeddable":true,"href":"https:\/\/www.europesays.com\/es\/wp-json\/wp\/v2\/users\/2"}],"replies":[{"embeddable":true,"href":"https:\/\/www.europesays.com\/es\/wp-json\/wp\/v2\/comments?post=191092"}],"version-history":[{"count":0,"href":"https:\/\/www.europesays.com\/es\/wp-json\/wp\/v2\/posts\/191092\/revisions"}],"wp:featuredmedia":[{"embeddable":true,"href":"https:\/\/www.europesays.com\/es\/wp-json\/wp\/v2\/media\/191093"}],"wp:attachment":[{"href":"https:\/\/www.europesays.com\/es\/wp-json\/wp\/v2\/media?parent=191092"}],"wp:term":[{"taxonomy":"category","embeddable":true,"href":"https:\/\/www.europesays.com\/es\/wp-json\/wp\/v2\/categories?post=191092"},{"taxonomy":"post_tag","embeddable":true,"href":"https:\/\/www.europesays.com\/es\/wp-json\/wp\/v2\/tags?post=191092"}],"curies":[{"name":"wp","href":"https:\/\/api.w.org\/{rel}","templated":true}]}}