{"id":191096,"date":"2025-10-21T08:18:12","date_gmt":"2025-10-21T08:18:12","guid":{"rendered":"https:\/\/www.europesays.com\/es\/191096\/"},"modified":"2025-10-21T08:18:12","modified_gmt":"2025-10-21T08:18:12","slug":"suspension-temporal-en-bolsa-para-duro-felguera-por-parte-de-la-cnmv","status":"publish","type":"post","link":"https:\/\/www.europesays.com\/es\/191096\/","title":{"rendered":"Suspensi\u00f3n temporal en Bolsa para Duro Felguera por parte de la CNMV"},"content":{"rendered":"<p>La Comisi\u00f3n Nacional del Mercado de Valores (CNMV) ha decidido suspender de forma temporal y con efectos inmediatos la cotizaci\u00f3n de las acciones de Duro Felguera en la Bolsa, as\u00ed como en el sistema de interconexi\u00f3n burs\u00e1til, hasta que se publique una informaci\u00f3n relevante sobre la empresa.<\/p>\n<p>Al cierre de la jornada anterior, las acciones de Duro Felguera se situaron en 0,2145 euros cada una, experimentando una ca\u00edda del 0,92%.<\/p>\n<p>Recientemente, el 2 de octubre, el Juzgado de lo Mercantil n\u00famero 3 de Gij\u00f3n, encargado del proceso concursal de la compa\u00f1\u00eda, rechaz\u00f3 otorgar una cuarta pr\u00f3rroga solicitada por Duro Felguera para extender las negociaciones con sus acreedores, ordenando el cierre del procedimiento. Esto ocurri\u00f3 despu\u00e9s de que la empresa solicitara extender su preconcurso de acreedores.<\/p>\n<p>Desde Duro Felguera se comunic\u00f3 hace apenas unos d\u00edas que tienen plazo hasta el 31 de octubre para presentar un plan de reestructuraci\u00f3n judicial, expresando su intenci\u00f3n de hacerlo \u201ctan pronto\u201d como consigan los apoyos necesarios para evitar el concurso de acreedores.<\/p>\n","protected":false},"excerpt":{"rendered":"La Comisi\u00f3n Nacional del Mercado de Valores (CNMV) ha decidido suspender de forma temporal y con efectos inmediatos&hellip;\n","protected":false},"author":2,"featured_media":135832,"comment_status":"","ping_status":"","sticky":false,"template":"","format":"standard","meta":{"footnotes":""},"categories":[80],"tags":[82,95,94,25,24,23],"class_list":{"0":"post-191096","1":"post","2":"type-post","3":"status-publish","4":"format-standard","5":"has-post-thumbnail","7":"category-economia","8":"tag-business","9":"tag-economia","10":"tag-economy","11":"tag-es","12":"tag-espana","13":"tag-spain"},"share_on_mastodon":{"url":"https:\/\/pubeurope.com\/@es\/115411177281172370","error":""},"_links":{"self":[{"href":"https:\/\/www.europesays.com\/es\/wp-json\/wp\/v2\/posts\/191096","targetHints":{"allow":["GET"]}}],"collection":[{"href":"https:\/\/www.europesays.com\/es\/wp-json\/wp\/v2\/posts"}],"about":[{"href":"https:\/\/www.europesays.com\/es\/wp-json\/wp\/v2\/types\/post"}],"author":[{"embeddable":true,"href":"https:\/\/www.europesays.com\/es\/wp-json\/wp\/v2\/users\/2"}],"replies":[{"embeddable":true,"href":"https:\/\/www.europesays.com\/es\/wp-json\/wp\/v2\/comments?post=191096"}],"version-history":[{"count":0,"href":"https:\/\/www.europesays.com\/es\/wp-json\/wp\/v2\/posts\/191096\/revisions"}],"wp:featuredmedia":[{"embeddable":true,"href":"https:\/\/www.europesays.com\/es\/wp-json\/wp\/v2\/media\/135832"}],"wp:attachment":[{"href":"https:\/\/www.europesays.com\/es\/wp-json\/wp\/v2\/media?parent=191096"}],"wp:term":[{"taxonomy":"category","embeddable":true,"href":"https:\/\/www.europesays.com\/es\/wp-json\/wp\/v2\/categories?post=191096"},{"taxonomy":"post_tag","embeddable":true,"href":"https:\/\/www.europesays.com\/es\/wp-json\/wp\/v2\/tags?post=191096"}],"curies":[{"name":"wp","href":"https:\/\/api.w.org\/{rel}","templated":true}]}}