{"id":191117,"date":"2025-10-21T08:32:22","date_gmt":"2025-10-21T08:32:22","guid":{"rendered":"https:\/\/www.europesays.com\/es\/191117\/"},"modified":"2025-10-21T08:32:22","modified_gmt":"2025-10-21T08:32:22","slug":"de-su-talento-bailando-a-la-relacion-con-sus-hermanos","status":"publish","type":"post","link":"https:\/\/www.europesays.com\/es\/191117\/","title":{"rendered":"de su talento bailando a la relaci\u00f3n con sus hermanos"},"content":{"rendered":"<p id=\"epZHLi8k1P\" data-wc=\"100\">Quedaban solo 40 minutos para la medianoche cuando lleg\u00f3 al mundo la segunda hija en com\u00fan de<strong>\u00a0Manuel D\u00edaz &#8216;El Cordob\u00e9s&#8217; y Virginia Troconis<\/strong>, que<a class=\"hm-link ho-link\" href=\"https:\/\/www.hola.com\/actualidad\/20240206248827\/manuel-diaz-el-cordobes-y-virginia-troconis-20-aniversario-boda-nsv\/\" data-mrf-recirculation=\"article-body-link\" rel=\"nofollow noopener\" target=\"_blank\"> se hab\u00edan casado tres a\u00f1os antes <\/a>tras conocerse por casualidad en Venezuela. La felicidad del matrimonio se multiplic\u00f3 al tener en brazos a <strong>Triana<\/strong>, cuyo nombre les pareci\u00f3 \u00abprecioso\u00bb y supone un homenaje a Sevilla, ciudad que la ha visto crecer desde aquel 21 de octubre de 2007. Este martes se cumplen exactamente 18 a\u00f1os de aquel momento en el que el diestro form\u00f3 su so\u00f1ada familia numerosa. <strong>Despixelamos y te presentamos a la joven.<\/strong><\/p>\n<p> <img src=\"https:\/\/www.europesays.com\/es\/wp-content\/uploads\/2025\/10\/9f1af4363a97-un-da-para-el-recuerdohoy-de-resaca-emocional-qued-todo-tan-bonitocomo-ella.jpg\"   width=\"768\" height=\"1024\" loading=\"lazy\" decoding=\"async\" alt=\"Media Image\" fetchpriority=\"auto\" class=\"image ho-image\"\/>\u00a9 virtroconis<\/p>\n<p id=\"enT1v7ZS51\" data-wc=\"111\">Triana <a class=\"hm-link ho-link\" href=\"https:\/\/www.hola.com\/actualidad\/20251020862463\/triana-hija-de-el-cordobes-y-virginia-troconis-cumple-18\/\" data-mrf-recirculation=\"article-body-link\" rel=\"nofollow noopener\" target=\"_blank\">ha celebrado por adelantado su mayor\u00eda de edad<\/a> en una fiesta que da muchas pistas acerca de su personalidad. Y es que quiso alejarse de las puestas de largo m\u00e1s tradicionales para disfrutar de un d\u00eda lleno de m\u00fasica y diversi\u00f3n inspirado en la Feria de Abril, uno de sus momentos favoritos del a\u00f1o. \u00a0\u00abMe dijo: mam\u00e1, yo no quiero una puesta de largo, <strong>quiero una fiesta como las que t\u00fa haces, con flamenco, en el campo y modo feria.\u00a0<\/strong>Y sus deseos fueron cumplidos\u00bb, contaba Virginia sobre este \u00abd\u00eda para el recuerdo\u00bb en el que abrieron las puertas de su hogar, <a class=\"hm-link ho-link\" href=\"https:\/\/www.hola.com\/actualidad\/20180929130451\/fincas-toreros\/\" data-mrf-recirculation=\"article-body-link\" rel=\"nofollow noopener\" target=\"_blank\">la finca Cerro Negro<\/a>, a familiares y amigos.<\/p>\n<p> <img src=\"https:\/\/www.europesays.com\/es\/wp-content\/uploads\/2025\/10\/73fed72d33b4-un-da-para-el-recuerdohoy-de-resaca-emocional-qued-todo-tan-bonitocomo-ella.jpg\"   width=\"768\" height=\"1024\" loading=\"lazy\" decoding=\"async\" alt=\"Media Image\" fetchpriority=\"auto\" class=\"image ho-image\"\/>\u00a9 virtroconis<\/p>\n<p> <img src=\"https:\/\/www.europesays.com\/es\/wp-content\/uploads\/2025\/10\/0682f152a7d0-un-da-para-el-recuerdohoy-de-resaca-emocional-qued-todo-tan-bonitocomo-ella.jpg\"   width=\"768\" height=\"1024\" loading=\"lazy\" decoding=\"async\" alt=\"Media Image\" fetchpriority=\"auto\" class=\"image ho-image\"\/>\u00a9 virtroconis<\/p>\n<p id=\"eBRO9byxS9\" data-wc=\"95\">En la fiesta con la que dio la bienvenida a sus 18 a\u00f1os, Triana dej\u00f3 claro que es una apasionada de los toros, animales con los que ha convivido desde peque\u00f1a por la profesi\u00f3n de su padre. De hecho, le ha animado personalmente en muchas de sus faenas y cuando <a class=\"hm-link ho-link\" href=\"https:\/\/www.hola.com\/actualidad\/20230318228448\/manuel-diaz-cordobes-despedida-toros-padre-mujer\/\" data-mrf-recirculation=\"article-body-link\" rel=\"nofollow noopener\" target=\"_blank\">Manuel se retir\u00f3 <\/a>le apoy\u00f3 no pudo evitar emocionarse hasta las l\u00e1grimas. En su cumplea\u00f1os,<strong>\u00a0incluso se anim\u00f3 a coger el capote en la plaza que hay en la finca, rodeada de todos sus amigos<\/strong>. Con este gesto demostr\u00f3 su valent\u00eda, pero tambi\u00e9n su espontaneidad.<\/p>\n<p> <img src=\"https:\/\/www.europesays.com\/es\/wp-content\/uploads\/2025\/10\/4bdf39237f4b-dlu542696105.jpg\"   width=\"682\" height=\"1024\" loading=\"lazy\" decoding=\"async\" alt=\"Media Image\" fetchpriority=\"auto\" class=\"image ho-image\"\/>\u00a9 GTRES<\/p>\n<p> <img src=\"https:\/\/www.europesays.com\/es\/wp-content\/uploads\/2025\/10\/3515ec35e05d-dlu542698100.jpg\"   width=\"1024\" height=\"682\" loading=\"lazy\" decoding=\"async\" alt=\"Media Image\" fetchpriority=\"auto\" class=\"image ho-image\"\/>\u00a9 GTRES<\/p>\n<p id=\"e6iwRUhsLk\" data-wc=\"76\">Aficionada al f\u00fatbol, concretamente al Real Madrid, divertida, con un car\u00e1cter que recuerda al de su padre y con mucho estilo. As\u00ed es<strong>\u00a0Triana D\u00edaz, quien promete<\/strong><a class=\"hm-link ho-link\" href=\"https:\/\/www.hola.com\/moda\/20251020862464\/virginia-troconis-vestido-marron-18-cumpleanios-triana-diaz-hija-el-cordoves\/\" data-mrf-recirculation=\"article-body-link\" rel=\"nofollow noopener\" target=\"_blank\"> marcar tendencia entre las nuevas generaciones <\/a><strong>con sus looks<\/strong>: desde los trajes de flamenca a los vestidos que escoge para celebraciones, pasando por las prendas que lleva en su d\u00eda a d\u00eda. Sin duda, ha heredado su pasi\u00f3n por la moda de su madre y de su hermana mayor.<\/p>\n<p> <img src=\"https:\/\/www.europesays.com\/es\/wp-content\/uploads\/2025\/10\/cdf4da129145-saveclipapp43772885718408555055067228107264263944578946n.jpg\"   width=\"819\" height=\"1024\" loading=\"lazy\" decoding=\"async\" alt=\"Media Image\" fetchpriority=\"auto\" class=\"image ho-image\"\/>\u00a9 elcordobesoficial<\/p>\n<p> <img src=\"https:\/\/www.europesays.com\/es\/wp-content\/uploads\/2025\/10\/62da6a92bbd7-saveclipapp51162284418511739548000838613182529370310631n.jpg\"   width=\"768\" height=\"1024\" loading=\"lazy\" decoding=\"async\" alt=\"Media Image\" fetchpriority=\"auto\" class=\"image ho-image\"\/>\u00a9 virtroconis<br \/>\n<img src=\"https:\/\/www.europesays.com\/es\/wp-content\/uploads\/2025\/10\/72a19d68903b-dlu528463013.jpg\"   width=\"1024\" height=\"683\" loading=\"lazy\" decoding=\"async\" alt=\"Media Image\" fetchpriority=\"auto\" class=\"image ho-image\"\/>\u00a9 GTRESSus estudios y la relaci\u00f3n con su familia<\/p>\n<p id=\"euZsrAsln3\" data-wc=\"88\">A pesar de haber convivido desde reci\u00e9n nacida con los medios de comunicaci\u00f3n, Triana opta por la discreci\u00f3n y tiene sus redes sociales privadas. Eso s\u00ed, aparece con frecuencia en las de sus padres, quienes han compartido adem\u00e1s detalles del futuro de su hija. \u00abEmpieza nueva etapa el a\u00f1o que viene, que empieza su universidad. <strong>Quiere estudiar Psicolog\u00eda<\/strong>\u00ab, nos contaba a principios de a\u00f1o Manuel, que se defin\u00eda como un padre orgulloso. Por su parte, Virginia la define como una chica con una \u00abbonita energ\u00eda y sentimientos puros\u00bb.<\/p>\n<p> <img src=\"https:\/\/www.europesays.com\/es\/wp-content\/uploads\/2025\/10\/5a861de5c50c-saveclipapp406704751183821392420672284097001601156986709n.jpg\"   width=\"902\" height=\"1024\" loading=\"lazy\" decoding=\"async\" alt=\"Media Image\" fetchpriority=\"auto\" class=\"image ho-image\"\/>\u00a9 elcordobesoficial<\/p>\n<p> <img src=\"https:\/\/www.europesays.com\/es\/wp-content\/uploads\/2025\/10\/893d89a0c878-saveclipapp42246668818392095486067228271851983072797286n.jpg\"   width=\"819\" height=\"1024\" loading=\"lazy\" decoding=\"async\" alt=\"Media Image\" fetchpriority=\"auto\" class=\"image ho-image\"\/>\u00a9 elcordobesoficial<\/p>\n<p> <img src=\"https:\/\/www.europesays.com\/es\/wp-content\/uploads\/2025\/10\/4cb2d7a54d4f-saveclipapp50274761613706950575416707259420880971912823n.jpg\"   width=\"576\" height=\"1024\" loading=\"lazy\" decoding=\"async\" alt=\"Media Image\" fetchpriority=\"auto\" class=\"image ho-image\"\/>\u00a9 elcordobesoficial<\/p>\n<p id=\"eIUTW9-Zks\" data-wc=\"118\">Tambi\u00e9n gracias a su hermana mayor hemos visto el talento que tiene para bailar tras practicar ballet de ni\u00f1a. Siempre que est\u00e1n juntas, Alba y Triana se graban haciendo coreograf\u00edas. Ambas tienen una relaci\u00f3n muy especial, como la propia influencer nos contaba durante su asistencia a los premios Gen \u00a1H! \u00abHablamos much\u00edsimo. Es muy madura y aprendo mucho de ella\u00bb, explicaba. Tambi\u00e9n nos confesaba el consejo que le da tanto a Triana como a Manuel, a los que considera sus mejores amigos y con los que comparte valores y forma de pensar: <strong>\u00abQue sigan su coraz\u00f3n porque tienen tiempo para equivocarse. Porque si te equivocas siguiendo tu coraz\u00f3n has sido fiel a ti, es otra manera de aprender\u00bb.\u00a0<\/strong><\/p>\n<p> <img src=\"https:\/\/www.europesays.com\/es\/wp-content\/uploads\/2025\/10\/d5edc95e0225-saveclipapp50631836912785498872277409107531722697095345n.jpg\"   width=\"576\" height=\"1024\" loading=\"lazy\" decoding=\"async\" alt=\"Media Image\" fetchpriority=\"auto\" class=\"image ho-image\"\/><\/p>\n<p> <img src=\"https:\/\/www.europesays.com\/es\/wp-content\/uploads\/2025\/10\/56eefb7e625d-saveclipapp503506095725700223209947616874971405067239n.jpg\"   width=\"576\" height=\"1024\" loading=\"lazy\" decoding=\"async\" alt=\"Media Image\" fetchpriority=\"auto\" class=\"image ho-image\"\/><\/p>\n<p> <img src=\"https:\/\/www.europesays.com\/es\/wp-content\/uploads\/2025\/10\/1e0485e921b2-dlu536129013.jpg\"   width=\"1024\" height=\"786\" loading=\"lazy\" decoding=\"async\" alt=\"Media Image\" fetchpriority=\"auto\" class=\"image ho-image\"\/>\u00a9 GTRES<\/p>\n<p id=\"evxSQdAkrL\" data-wc=\"162\">Siempre ha sido una chica muy familiar y tiene una gran conexi\u00f3n con Chema, su t\u00edo paterno. El hermano de Manuel le escrib\u00eda unas bonitas palabras al finalizar el curso, un texto que refleja la personalidad de Triana: \u00abQuerida sobrina m\u00eda, mi persona favorita, mi confidente especial y mi isla tranquila. Esa que estando cerca me llena de calma y paz. Quiz\u00e1s la \u00fanica persona que muchos d\u00edas me pregunta, &#8216;bueno tito, \u00bfy t\u00fa c\u00f3mo est\u00e1s? <strong>No son solo las palabras, es tu forma dulce y amable de empatizar con los dem\u00e1s desde el coraz\u00f3n hermoso, de esas bonitas formas fruto de tu exquisita educaci\u00f3n y tu costumbre de preocuparte por los dem\u00e1s<\/strong>. Quiero que sepas que estoy muy orgulloso de ti, de tu lucha, tu esfuerzo y dedicaci\u00f3n de ver c\u00f3mo te crec\u00edas ante las dificultades y nunca te rendiste. Cada ma\u00f1ana una sonrisa, cada tarde un ratito m\u00e1s entre sue\u00f1o y libros, esos libros que te ayudar\u00e1n en un futuro\u00bb.<\/p>\n<p> <img src=\"https:\/\/www.europesays.com\/es\/wp-content\/uploads\/2025\/10\/6e3ca54809a2-img6905.jpg\"   width=\"1024\" height=\"801\" loading=\"lazy\" decoding=\"async\" alt=\"Media Image\" fetchpriority=\"auto\" class=\"image ho-image\"\/>\u00a9 chemadiaz96<\/p>\n<p> <img src=\"https:\/\/www.europesays.com\/es\/wp-content\/uploads\/2025\/10\/cd6295658220-img6904.jpg\"   width=\"1024\" height=\"891\" loading=\"lazy\" decoding=\"async\" alt=\"Media Image\" fetchpriority=\"auto\" class=\"image ho-image\"\/>\u00a9 chemadiaz96<\/p>\n<p> <img src=\"https:\/\/www.europesays.com\/es\/wp-content\/uploads\/2025\/10\/c15029ff44a2-img6903.jpg\"   width=\"1024\" height=\"685\" loading=\"lazy\" decoding=\"async\" alt=\"Media Image\" fetchpriority=\"auto\" class=\"image ho-image\"\/>\u00a9 chemadiaz96<\/p>\n<p> <img src=\"https:\/\/www.europesays.com\/es\/wp-content\/uploads\/2025\/10\/8a42e16001c4-img6902.jpg\"   width=\"1024\" height=\"669\" loading=\"lazy\" decoding=\"async\" alt=\"Media Image\" fetchpriority=\"auto\" class=\"image ho-image\"\/>\u00a9 chemadiaz96<\/p>\n<p id=\"eqxESCdAIX\" data-wc=\"86\">Uno de los grandes regalos de Triana es <a class=\"hm-link ho-link\" href=\"https:\/\/www.hola.com\/actualidad\/20230214226405\/manuel-diaz-cordobes-primera-foto-padre\/\" data-mrf-recirculation=\"article-body-link\" rel=\"nofollow noopener\" target=\"_blank\">contar desde 2023 con su abuelo paterno.<\/a> Tanto ella como sus hermanos conectaron con Manuel Ben\u00edtez desde el instante en el que lo conocieron personalmente. \u00abEst\u00e1n felices con \u00e9l, porque es un fen\u00f3meno. <strong>Le llamamos el abuelo col\u00e1geno porque absorbe la energ\u00eda de los j\u00f3venes<\/strong>. Los deja embobados\u00bb, aseguraba el diestro, que se cort\u00f3 la coleta hace ahora dos a\u00f1os para volcarse en sus otros proyectos profesionales y, sobre todo, en su familia, que ahora est\u00e1 de celebraci\u00f3n.<\/p>\n","protected":false},"excerpt":{"rendered":"Quedaban solo 40 minutos para la medianoche cuando lleg\u00f3 al mundo la segunda hija en com\u00fan de\u00a0Manuel D\u00edaz&hellip;\n","protected":false},"author":2,"featured_media":191118,"comment_status":"","ping_status":"","sticky":false,"template":"","format":"standard","meta":{"footnotes":""},"categories":[174],"tags":[517,255,146,147,25,24,256,21808,23,53425],"class_list":{"0":"post-191117","1":"post","2":"type-post","3":"status-publish","4":"format-standard","5":"has-post-thumbnail","7":"category-famosos","8":"tag-actualidad","9":"tag-celebrities","10":"tag-entertainment","11":"tag-entretenimiento","12":"tag-es","13":"tag-espana","14":"tag-famosos","15":"tag-manuel-diaz-el-cordobes","16":"tag-spain","17":"tag-virginia-troconis"},"share_on_mastodon":{"url":"https:\/\/pubeurope.com\/@es\/115411232961414400","error":""},"_links":{"self":[{"href":"https:\/\/www.europesays.com\/es\/wp-json\/wp\/v2\/posts\/191117","targetHints":{"allow":["GET"]}}],"collection":[{"href":"https:\/\/www.europesays.com\/es\/wp-json\/wp\/v2\/posts"}],"about":[{"href":"https:\/\/www.europesays.com\/es\/wp-json\/wp\/v2\/types\/post"}],"author":[{"embeddable":true,"href":"https:\/\/www.europesays.com\/es\/wp-json\/wp\/v2\/users\/2"}],"replies":[{"embeddable":true,"href":"https:\/\/www.europesays.com\/es\/wp-json\/wp\/v2\/comments?post=191117"}],"version-history":[{"count":0,"href":"https:\/\/www.europesays.com\/es\/wp-json\/wp\/v2\/posts\/191117\/revisions"}],"wp:featuredmedia":[{"embeddable":true,"href":"https:\/\/www.europesays.com\/es\/wp-json\/wp\/v2\/media\/191118"}],"wp:attachment":[{"href":"https:\/\/www.europesays.com\/es\/wp-json\/wp\/v2\/media?parent=191117"}],"wp:term":[{"taxonomy":"category","embeddable":true,"href":"https:\/\/www.europesays.com\/es\/wp-json\/wp\/v2\/categories?post=191117"},{"taxonomy":"post_tag","embeddable":true,"href":"https:\/\/www.europesays.com\/es\/wp-json\/wp\/v2\/tags?post=191117"}],"curies":[{"name":"wp","href":"https:\/\/api.w.org\/{rel}","templated":true}]}}