{"id":191119,"date":"2025-10-21T08:33:13","date_gmt":"2025-10-21T08:33:13","guid":{"rendered":"https:\/\/www.europesays.com\/es\/191119\/"},"modified":"2025-10-21T08:33:13","modified_gmt":"2025-10-21T08:33:13","slug":"gracias-a-arquitectos-como-julbe-ibiza-no-es-torremolinos","status":"publish","type":"post","link":"https:\/\/www.europesays.com\/es\/191119\/","title":{"rendered":"\u00abGracias a arquitectos como Julbe, Ibiza no es Torremolinos\u00bb"},"content":{"rendered":"<p class=\"ft-text ft-helper-closenews\"><a class=\"ft-link ft-link--decoration\" href=\"https:\/\/www.diariodeibiza.es\/tags\/ibiza\/\" rel=\"nofollow noopener\" target=\"_blank\">Ibiza<\/a> y <a class=\"ft-link ft-link--decoration\" href=\"https:\/\/www.diariodeibiza.es\/tags\/formentera\/\" rel=\"nofollow noopener\" target=\"_blank\">Formentera<\/a> le deben mucho a arquitectos como <a class=\"ft-link ft-link--decoration\" href=\"https:\/\/www.diariodeibiza.es\/dominical\/2023\/04\/30\/felix-julbe-arquitecto-espiritu-humanista-86457418.html\" rel=\"nofollow noopener\" target=\"_blank\">F\u00e9lix Julbe Moreno <\/a>(Madrid, 1940-2013),<a class=\"ft-link ft-link--decoration\" href=\"https:\/\/www.diariodeibiza.es\/ibiza\/2013\/01\/23\/fallece-raimon-torres-arquitecto-comprometido-30677978.html\" rel=\"nofollow noopener\" target=\"_blank\"> Raimon Torres Torres<\/a> (Barcelona, 1934-2013) e <a class=\"ft-link ft-link--decoration\" href=\"https:\/\/www.diariodeibiza.es\/ibiza\/2023\/01\/26\/medalla-oro-sant-josep-isabel-82047278.html\" rel=\"nofollow noopener\" target=\"_blank\">Isabel Mart\u00ednez Le\u00f3n <\/a>(Larache, Marruecos, 1949) porque sin ellos, probablemente, apenas quedar\u00eda rastro de la belleza y singularidad de la que hacen gala las Pitiusas como destinos tur\u00edsticos de primer orden. Reivindicar su legado es lo que pretende<strong> el documental \u2018Julbe, Torres i Mart\u00ednez: L\u2019Eivissa ut\u00f2pica\u2019<\/strong>, de<strong> Luis Ortas<\/strong>, qu<strong>e se proyectar\u00e1 este viernes, 24 de octubre, a las 19.30 horas <\/strong>en Can Llaneres, en Dalt Vila, la sede de la Demarcaci\u00f3n de Ibiza y Formentera del Col\u00b7legi Oficial d\u2019Arquitectes de les Illes Balears (<a class=\"ft-link ft-link--decoration\" href=\"https:\/\/www.diariodeibiza.es\/tags\/coaib\/\" rel=\"nofollow noopener\" target=\"_blank\">Coaib<\/a>).<\/p>\n<p class=\"ft-text\">Este largometraje, <strong>producido por IB3<\/strong>, se remonta a la <strong>d\u00e9cada de los 70 <\/strong>para relatar <strong>c\u00f3mo estos tres arquitectos y algunos m\u00e1s plantaron cara a la especulaci\u00f3n urban\u00edstica, disparada por un <\/strong><a class=\"ft-link ft-link--decoration\" href=\"https:\/\/www.diariodeibiza.es\/tags\/turismo\/\" rel=\"nofollow noopener\" target=\"_blank\"><strong>turismo<\/strong><\/a><strong> en auge<\/strong>, y <strong>se dejaron la piel para defender el patrimonio pitiuso y \u00abdemostrar que el desarrollo pod\u00eda ser compatible con la belleza y la memoria del lugar\u00bb<\/strong>. Aquella lucha la pagaron caro, como queda reflejado en este trabajo, en el que participan familiares y amigos de F\u00e9lix Julbe y Raimon Torres y que recoge tambi\u00e9n el testimonio de Isabel Mart\u00ednez.<\/p>\n<p class=\"ft-text\">\u00abGracias a ellos Ibiza y Formentera mantuvieron el potencial paisaj\u00edstico y arquitect\u00f3nico que es su sello distintivo y no se convirtieron en destinos tur\u00edsticos como Torremolinos\u00bb, afirma a Diario de Ibiza Ortas, que a\u00f1ade que \u00ab<strong>mucha de la gente de visi\u00f3n cortoplacista que les critic\u00f3<\/strong> y se opuso a ellos en su momento, ahora les agradecen su labor\u00bb.<\/p>\n<p>Homenaje a un \u00abhumanista\u00bb<\/p>\n<p class=\"ft-text\">Esta pieza audiovisual, como explica su director, rinde un especial homenaje a Julbe, <strong>un arquitecto y urbanista \u00absingular y humanista\u00bb <\/strong>que cay\u00f3 rendido ante los encantos de Ibiza y de su arquitectura tradicional. Hombre de fuertes convicciones, <strong>pele\u00f3 contra viento y marea para que las Pitiusas siguieran siendo el para\u00edso del que se enamor\u00f3 en 1971<\/strong>, cuando inaugur\u00f3 <strong>su despacho en el paseo de Vara de Rey junto a Jos\u00e9 Luis Amigo<\/strong>, <a class=\"ft-link ft-link--decoration\" href=\"https:\/\/www.diariodeibiza.es\/tags\/muertos-en-ibiza\/ \" rel=\"nofollow noopener\" target=\"_blank\">fallecido<\/a> en 1972 en la<a class=\"ft-link ft-link--decoration\" href=\"https:\/\/www.diariodeibiza.es\/ibiza\/2022\/01\/07\/50-anos-accidente-aereo-ibiza-61326420.html\" rel=\"nofollow noopener\" target=\"_blank\"> cat\u00e1strofe a\u00e9rea de ses Roques Altes<\/a>. \u00abIr a Ibiza supuso un punto de inflexi\u00f3n para \u00e9l, lleg\u00f3 con ganas de transformar cosas\u00bb, asegura en el largometraje una de sus hijas, <strong>Nuria<\/strong>, tambi\u00e9n arquitecta de profesi\u00f3n.<\/p>\n<p><img decoding=\"async\" src=\"https:\/\/www.europesays.com\/es\/wp-content\/uploads\/2025\/10\/1a2ca8aa-1ce0-40f4-9733-234a7b710478_alta-libre-aspect-ratio_default_0.jpg\" width=\"1200\" height=\"832\" alt=\"F\u00e9lix Julbe y Raimon Torres, en la casa de este \u00faltimo en Formentera a finales de los a\u00f1os 90.\" class=\"ft-helper-img-rd\" loading=\"lazy\" hasdataaida=\"true\"\/><\/p>\n<p class=\"ft-helper-fontColor-quaternary ft-helper-fontSize-body-S ft-helper-spacer-t-xxs\">F\u00e9lix Julbe con Raimon Torres, en la casa de este \u00faltimo en Formentera a finales de los a\u00f1os 90.  \/ Mariona Julbe<\/p>\n<p class=\"ft-text\"><strong>Poniendo siempre el inter\u00e9s colectivo por encima del propio<\/strong>, Julbe<strong> no se dobleg\u00f3 antes \u00ablos poderes f\u00e1cticos\u00bb de las Pitiusas<\/strong>, que le hicieron la vida imposible y le fueron cerrando puertas hasta que en 1986, sin apenas encargos, <strong>no le qued\u00f3 otra que salir de Ibiza con su familia \u00abpor la puerta de atr\u00e1s\u00bb<\/strong>. Lo explica en el documental el hijo de <strong>su viuda, Ana Casanovas, el director literario en Penguin Random House David Tr\u00edas<\/strong>.<\/p>\n<p class=\"ft-text\">Fue a trav\u00e9s de<strong> Mariona Julbe, la hija peque\u00f1a del arquitecto madrile\u00f1o y Ana Casanovas<\/strong>, que Ortas descubri\u00f3 la figura de este<strong> hombre adelantado a su tiempo<\/strong>. Tr\u00edas y otros testimonios, como el del artista gr\u00e1fico N\u00e9stor Pellicer, destacan de \u00e9l \u00ab<strong>su pasi\u00f3n, su idealismo, su humanismo, sus ganas de cambiar las cosas, su amor a Ibiza y su lucha contra ciertos poderes e intereses que pretend\u00edan urbanizar la isla a toda costa<\/strong>\u00bb. Tanto le fascin\u00f3 al cineasta mallorqu\u00edn este activista c\u00edvico moralmente incorruptible que decidi\u00f3 dedicarle un documental que, a propuesta de IB3, se acab\u00f3 convirtiendo en el retrato de una generaci\u00f3n de arquitectos en la que destacan tambi\u00e9n Torres y Mart\u00ednez.<\/p>\n<p class=\"ft-text\">El trabajo, realizado en 2023, se pudo ver por primera vez en febrero de este a\u00f1o en el<strong> Centre Obert d\u2019Arquitectura, en Barcelona<\/strong>. El segundo pase, abierto al p\u00fablico, ser\u00e1 este viernes en Can Llaneres. Tras la proyecci\u00f3n<strong>, habr\u00e1 un coloquio en el que participar\u00e1n el propio Ortas <\/strong>y algunas de las personas que aparecen en el documental<strong>: la periodista Pilar Bonet, el poeta Julio Herranz y los arquitectos Salvador Roig y Xavier Magriny\u00e0<\/strong>.<\/p>\n<p><img decoding=\"async\" src=\"https:\/\/www.europesays.com\/es\/wp-content\/uploads\/2025\/10\/a28bb875-a70e-4b07-a3c1-b208b2fcd3ec_alta-libre-aspect-ratio_default_0.jpg\" width=\"1200\" height=\"860\" alt=\"F\u00e9lix Julbe con dos de sus hijas, Marta y Nuria. | IMAGEN CEDIDA POR LUIS ORTAS\" class=\"ft-helper-img-rd\" loading=\"lazy\" hasdataaida=\"true\"\/><\/p>\n<p class=\"ft-helper-fontColor-quaternary ft-helper-fontSize-body-S ft-helper-spacer-t-xxs\">Ana Casanovas, la viuda de F\u00e9lix Julbe.  \/ Luis Ortas<\/p>\n<p class=\"ft-text\">El<strong> director y c\u00e1mara del documental <\/strong>adelanta que tambi\u00e9n est\u00e1 previsto que el largometraje, con <strong>guion de Maria Eug\u00e8nia Quetglas y producci\u00f3n de Mateu Moll<\/strong>, se presente en la sede en Palma del Coaib. <strong>Todav\u00eda no hay fecha, sin embargo, para su emisi\u00f3n en IB3<\/strong>, a pesar de que el canal auton\u00f3mico ha producido el trabajo, que es la segunda temporada de \u2018Hist\u00f2ria B\u2019, una docuserie de cuatro cap\u00edtulos que explica la historia del siglo XX en Balears a trav\u00e9s de casos judiciales, empresarios, pol\u00edticos y personajes significativos de diferentes \u00e9pocas.<\/p>\n<p class=\"ft-text\">Esta <strong>segunda entrega de \u2018Hist\u00f2ria B\u2019 <\/strong>se centra en una \u00e9poca en la que las Pitiusas viv\u00edan una metamorfosis vertiginosa y hace hincapi\u00e9 en un personaje \u00abcontrovertido\u00bb como Julbe, que residi\u00f3 en Ibiza 15 a\u00f1os. Durante su etapa en la isla, entre otras cosas,<strong> ejerci\u00f3 de arquitecto de visado del Coaib en las Pitiusas<\/strong> y <strong>fue miembro del equipo redactor<\/strong>, como coordinador, <strong>del Plan de reforma interior de la ciudad de Ibiza <\/strong>(1974-75), <strong>bajo la direcci\u00f3n de Raimon Torres<\/strong>. Junto a \u00e9l tambi\u00e9n, como <strong>arquitecto municipal de Formentera<\/strong>, estuvo al frente del Plan de Ordenaci\u00f3n de la isla (1975-77), trabajo que acabaron, una d\u00e9cada despu\u00e9s, Mart\u00ednez y su pareja, Xavier Magriny\u00e0. Entre los logros de Julbe, est\u00e1, adem\u00e1s, el <strong>haber dejado \u00abla semilla para que Ibiza fuera declarada Patrimonio de la Humanidad por la Unesco\u00bb<\/strong> con la confecci\u00f3n de un expediente encargado por el Ministerio de Cultura.<\/p>\n<p>Torres, \u00abdefensor de la arquitectura sostenible\u00bb<\/p>\n<p class=\"ft-text\">Como se pone de manifiesto en el trabajo de Ortas, <strong>Torres, \u00abdefensor de la arquitectura sostenible y adecuada al paisaje\u00bb<\/strong>, fue <strong>\u00abesencial en la vida social, personal y profesional de Julbe\u00bb<\/strong>.<\/p>\n<p class=\"ft-text\">Tr\u00edas hace referencia al t\u00e1ndem que formaron<strong>. Los dos eran idealistas y cre\u00edan en un desarrollo racional de las Pitiusas<\/strong> en<strong> unos tiempos en \u00ablos que la utop\u00eda todav\u00eda era posible\u00bb<\/strong>, como dice <strong>Julio Herranz <\/strong>en el documental. \u00abSo\u00f1aban con unas islas m\u00e1s habitables y en hacer planes urban\u00edsticos m\u00e1s a la medida de las personas\u00bb, se\u00f1ala el editor, antes de apuntar que ambos, grandes amigos, desafiaron los poderes econ\u00f3micos de su tiempo y acabaron y\u00e9ndose de Ibiza.<\/p>\n<p><img decoding=\"async\" src=\"https:\/\/www.europesays.com\/es\/wp-content\/uploads\/2025\/10\/45ffe127-77f6-4d79-9c54-61dcdb679f66_alta-libre-aspect-ratio_default_0.jpg\" width=\"1200\" height=\"900\" alt=\"El arquitecto Raimon Torres en 2011.\" class=\"ft-helper-img-rd\" loading=\"lazy\" hasdataaida=\"true\"\/><\/p>\n<p class=\"ft-helper-fontColor-quaternary ft-helper-fontSize-body-S ft-helper-spacer-t-xxs\">El arquitecto Raimon Torres en 2011.  \/ Carmelo Convalia<\/p>\n<p class=\"ft-text\">La \u00fanica que se qued\u00f3 en las Pitiusas fue<strong> Isabel Mart\u00ednez<\/strong>, arquitecta municipal del <a class=\"ft-link ft-link--decoration\" href=\"https:\/\/www.diariodeibiza.es\/tags\/sant-josep\/\" rel=\"nofollow noopener\" target=\"_blank\">Ayuntamiento de Sant Josep<\/a> entre los a\u00f1os 1974 y 1977, <strong>cuando la empresa Ibifor trat\u00f3 de urbanizar <\/strong><a class=\"ft-link ft-link--decoration\" href=\"https:\/\/www.diariodeibiza.es\/ibiza\/2022\/10\/30\/plataformas-sociales-pararon-cemento-77898425.html\" rel=\"nofollow noopener\" target=\"_blank\">ses Salines<\/a> mediante una serie de complejos tur\u00edsticos para casi 20.000 plazas. <strong>Se vio forzada a abandonar su puesto de trabajo <\/strong>por no querer plegarse a las presiones de los promotores urban\u00edsticos y 46 a\u00f1os despu\u00e9s, en 2023, el Ayuntamiento de Sant Josep le quiso resarcir entreg\u00e1ndole la<a class=\"ft-link ft-link--decoration\" href=\"https:\/\/www.diariodeibiza.es\/ibiza\/2023\/01\/26\/medalla-oro-sant-josep-isabel-82047278.html\" rel=\"nofollow noopener\" target=\"_blank\"> Medalla de Oro del municipio<\/a>.<\/p>\n<p>Mart\u00ednez y la lucha por salvar ses Salines<\/p>\n<p class=\"ft-text\">En la \u00e9poca en la que ella comenz\u00f3 a ejercer su oficio, cuenta a Diario de Ibiza, \u00ab<strong>la vor\u00e1gine edificatoria en Ibiza era incre\u00edble<\/strong> y tampoco hab\u00eda una normativa urban\u00edstica muy amplia, pero s\u00ed muy clara y suficiente para defender el territorio\u00bb.<\/p>\n<p class=\"ft-text\">Ante las amenazas que se cern\u00edan sobre las Pitiusas, ella, Julbe y Torres, conscientes del valor paisaj\u00edstico, cultural y emocional que ten\u00edan, so\u00f1aban con unas islas que siguieran siendo tan id\u00edlicas como las que se hab\u00edan encontrado. <strong>Los tres compart\u00edan, dice la arquitecta, \u00abuna \u00e9tica absoluta<\/strong>, unos principios inamovibles que respetaban lo que eran las normas urban\u00edsticas de aplicaci\u00f3n, a pesar de las presiones que sufr\u00edan\u00bb y<strong> demostraron ser \u00abincorruptibles\u00bb<\/strong>. <strong>\u00abNo ten\u00edamos miedo porque defend\u00edamos lo que verdaderamente hab\u00eda que defender\u00bb<\/strong>, asegura Mart\u00ednez, que <strong>destaca tambi\u00e9n la labor de otros profesionales como Magriny\u00e0 y Jos\u00e9 Mar\u00eda Puget Acebo<\/strong>, que en su momento fue presidente de la demarcaci\u00f3n pitiusa del Coaib. \u00ab<strong>Estuvimos donde hab\u00eda que estar, hicimos lo que ten\u00edamos que hacer y tuvimos los apoyos suficientes y necesarios y la voluntad para frenar el urbanismo salvaje en Ibiza y en Formentera<\/strong>\u00bb, afirma con contundencia la arquitecta. Como se remarca en el largometraje, en el que intervienen tambi\u00e9n<a class=\"ft-link ft-link--decoration\" href=\"https:\/\/www.diariodeibiza.es\/ibiza\/2021\/06\/09\/administracion-debe-pueda-don-pepe-52769726.html\" rel=\"nofollow noopener\" target=\"_blank\"> Carmen Navas-Parejo<\/a>, la predecesora de Llu\u00eds Oliva en la presidencia del Coaib en las Pitiusas; y el arquitecto <strong>Salvador Roig<\/strong>, \u00ab<strong>la aportaci\u00f3n\u00bb de todos ellos a las Pitiusas es \u00ababsolutamente fundamental\u00bb<\/strong>.<\/p>\n<p><img decoding=\"async\" src=\"https:\/\/www.europesays.com\/es\/wp-content\/uploads\/2025\/10\/4763b7c8-3580-4377-ac76-11eb111ae897_alta-libre-aspect-ratio_default_0.jpg\" width=\"1200\" height=\"759\" alt=\"Ana Casanovas, viuda de F\u00e9lix Julbe. | LUIS ORTAS\" class=\"ft-helper-img-rd\" loading=\"lazy\" hasdataaida=\"true\"\/><\/p>\n<p class=\"ft-helper-fontColor-quaternary ft-helper-fontSize-body-S ft-helper-spacer-t-xxs\">La arquitecta Isabel Mart\u00ednez, en una captura del documental de Luis Ortas.  \/ Luis Ortas<\/p>\n<p class=\"ft-text\"><strong>Isabel Mart\u00ednez afirma sentirse \u00abmuy feliz\u00bb de que el documental de Ortas reivindique en especial la figura de Julbe<\/strong>, del que alaba \u00ab<strong>su valent\u00eda <\/strong>y su actitud profesional\u00bb. Recuerda tambi\u00e9n que <strong>el madrile\u00f1o fue una de las pocas personas que le apoy\u00f3 en su empe\u00f1o por salvar ses Salines <\/strong>y con posterioridad. \u00ab<strong>Con su actitud, \u00e9l y Raimon Torres dejaron una huella que los hace inmortales<\/strong>\u00bb, asegura emocionada.<\/p>\n<p class=\"ft-text\">Con este documental y el <a class=\"ft-link ft-link--decoration\" href=\"https:\/\/www.diariodeibiza.es\/cultura\/2018\/03\/16\/premio-visionario-felix-julbe-29963645.html\" rel=\"nofollow noopener\" target=\"_blank\">premio p\u00f3stumo a su trayectoria<\/a> que le concedi\u00f3 el Coaib en 2018, la familia de Julbe considera que <strong>se est\u00e1 haciendo justicia a su memoria<\/strong>, aunque su viuda, Ana Casanovas, considera que teniendo en cuenta todo lo que hizo por<strong> Formentera se merecer\u00eda una calle all\u00ed<\/strong> . Tr\u00edas va m\u00e1s all\u00e1 y sugiere que se le deber\u00eda hacer un reconocimiento dedic\u00e1ndole en Ibiza \u00abuna calle, una plaza o un parque\u00bb.<\/p>\n<p><img decoding=\"async\" src=\"https:\/\/www.europesays.com\/es\/wp-content\/uploads\/2025\/10\/0f15af2e-0dea-4827-8918-8fe475f05858_alta-libre-aspect-ratio_default_0.jpg\" width=\"1200\" height=\"672\" alt=\"El editor David Tr\u00edas en el documental de Ortas.\" class=\"ft-helper-img-rd\" loading=\"lazy\" hasdataaida=\"true\"\/><\/p>\n<p class=\"ft-helper-fontColor-quaternary ft-helper-fontSize-body-S ft-helper-spacer-t-xxs\">El editor David Tr\u00edas en el documental de Ortas.  \/ Luis Ortas<\/p>\n<p class=\"ft-text\">Tanto el editor como Isabel Mart\u00ednez tienen claro que<strong> si Julbe levantara la cabeza \u00absentir\u00eda mucha rabia y dolor\u00bb al ver \u00absus peores presagios cumplidos\u00bb <\/strong>y que sus esfuerzos no han evitado que \u00abse haya destruido mucha parte del territorio de Ibiza\u00bb. A pesar de la tristeza, con esa vitalidad que le caracterizaba, apunta <a class=\"ft-link ft-link--decoration\" href=\"https:\/\/www.diariodeibiza.es\/ibiza\/2011\/05\/29\/plaza-janes-planeta-son-madrid-30785380.html\" rel=\"nofollow noopener\" target=\"_blank\">Tr\u00edas<\/a>, si Julbe estuviera vivo ahor<strong>a \u00abhubiera intentado conectar con la gente joven\u00bb<\/strong> para animarla a <strong>seguir alzando la voz <\/strong>defendiendo y reivindicando todo el valor paisaj\u00edstico, patrimonial e hist\u00f3rico que todav\u00eda conservan las Pitiusas.<\/p>\n<p data-close=\"closedContent\" class=\"subscribeHideForDisplay\">Suscr\u00edbete para seguir leyendo<\/p>\n","protected":false},"excerpt":{"rendered":"Ibiza y Formentera le deben mucho a arquitectos como F\u00e9lix Julbe Moreno (Madrid, 1940-2013), Raimon Torres Torres (Barcelona,&hellip;\n","protected":false},"author":2,"featured_media":191120,"comment_status":"","ping_status":"","sticky":false,"template":"","format":"standard","meta":{"footnotes":""},"categories":[173],"tags":[3739,53427,229,233,231,230,232,234,6084,146,147,25,24,2837,6079,53426,23,42886],"class_list":{"0":"post-191119","1":"post","2":"type-post","3":"status-publish","4":"format-standard","5":"has-post-thumbnail","7":"category-arte-y-diseno","8":"tag-arquitectos","9":"tag-arquitectos-de-ibiza","10":"tag-arte","11":"tag-arte-y-diseno","12":"tag-arts","13":"tag-arts-and-design","14":"tag-design","15":"tag-diseno","16":"tag-documental","17":"tag-entertainment","18":"tag-entretenimiento","19":"tag-es","20":"tag-espana","21":"tag-gracias","22":"tag-ibiza","23":"tag-julbe","24":"tag-spain","25":"tag-torremolinos"},"share_on_mastodon":{"url":"https:\/\/pubeurope.com\/@es\/115411235954167525","error":""},"_links":{"self":[{"href":"https:\/\/www.europesays.com\/es\/wp-json\/wp\/v2\/posts\/191119","targetHints":{"allow":["GET"]}}],"collection":[{"href":"https:\/\/www.europesays.com\/es\/wp-json\/wp\/v2\/posts"}],"about":[{"href":"https:\/\/www.europesays.com\/es\/wp-json\/wp\/v2\/types\/post"}],"author":[{"embeddable":true,"href":"https:\/\/www.europesays.com\/es\/wp-json\/wp\/v2\/users\/2"}],"replies":[{"embeddable":true,"href":"https:\/\/www.europesays.com\/es\/wp-json\/wp\/v2\/comments?post=191119"}],"version-history":[{"count":0,"href":"https:\/\/www.europesays.com\/es\/wp-json\/wp\/v2\/posts\/191119\/revisions"}],"wp:featuredmedia":[{"embeddable":true,"href":"https:\/\/www.europesays.com\/es\/wp-json\/wp\/v2\/media\/191120"}],"wp:attachment":[{"href":"https:\/\/www.europesays.com\/es\/wp-json\/wp\/v2\/media?parent=191119"}],"wp:term":[{"taxonomy":"category","embeddable":true,"href":"https:\/\/www.europesays.com\/es\/wp-json\/wp\/v2\/categories?post=191119"},{"taxonomy":"post_tag","embeddable":true,"href":"https:\/\/www.europesays.com\/es\/wp-json\/wp\/v2\/tags?post=191119"}],"curies":[{"name":"wp","href":"https:\/\/api.w.org\/{rel}","templated":true}]}}