{"id":191132,"date":"2025-10-21T08:41:10","date_gmt":"2025-10-21T08:41:10","guid":{"rendered":"https:\/\/www.europesays.com\/es\/191132\/"},"modified":"2025-10-21T08:41:10","modified_gmt":"2025-10-21T08:41:10","slug":"cultura-programa-para-este-sabado-el-cuentacuentos-multimedia-blancanieves-y-los-77-enanitos","status":"publish","type":"post","link":"https:\/\/www.europesays.com\/es\/191132\/","title":{"rendered":"Cultura programa para este s\u00e1bado el cuentacuentos multimedia \u2018Blancanieves y los 77 enanitos\u2019"},"content":{"rendered":"<p class=\"uk-article-meta\">\n\t\tEscrito en 21 Octubre 2025.\t<\/p>\n<p>\t\t\t\t\t\t<img decoding=\"async\" class=\"uk-align-right\" src=\"https:\/\/www.europesays.com\/es\/wp-content\/uploads\/2025\/10\/CARTEL_Blancanieves_y_los_77_enanitos_intro.jpg\" alt=\"\"\/><\/p>\n<p>La Delegaci\u00f3n de Cultura del Ayuntamiento, a trav\u00e9s del programa Planeamos de la Diputaci\u00f3n Provincial, acerca a Benalup-Casas Viejas el cuentacuentos multimedia \u2018Blancanieves y los 77 enanitos\u2019, cuya representaci\u00f3n tendr\u00e1 lugar este s\u00e1bado 25 de octubre a las 12:00 horas en el Teatro Municipal. La entrada ser\u00e1 gratuita hasta completar el aforo.<\/p>\n<p>&#13;<br \/>\n &#13;<\/p>\n<p>\u2018Blancanieves y los 77 enanitos\u2019, de la compa\u00f1\u00eda TEJ Producciones, es un cuentacuentos multimedia narrado por Will el Cuentacuentos que est\u00e1 dirigido a un p\u00fablico infantil y familiar. En el espect\u00e1culo se utilizan las siguientes t\u00e9cnicas: cuentacuentos, teatro, multimedia y educaci\u00f3n emocional. \u00a0\u00a0<\/p>\n<p>&#13;<\/p>\n<p><strong>Sinopsis:<\/strong> \u00c9rase una vez, en alg\u00fan lugar del bosque, una ni\u00f1a llamada Blancanieves. Hu\u00eda de una malvada bruja. En una peque\u00f1a casa, habitada por 77 enanitos, encontr\u00f3 refugio. Los simp\u00e1ticos enanitos estuvieron de acuerdo en que pod\u00eda quedarse con ellos todo el tiempo que deseara. Pero\u2026 \u00bfa cambio de qu\u00e9? Esta reinterpretaci\u00f3n del cuento cl\u00e1sico de los hermanos Grimm supone un canto a la libertad, al respeto y a la igualdad entre ni\u00f1os y ni\u00f1as.<\/p>\n","protected":false},"excerpt":{"rendered":"Escrito en 21 Octubre 2025. La Delegaci\u00f3n de Cultura del Ayuntamiento, a trav\u00e9s del programa Planeamos de la&hellip;\n","protected":false},"author":2,"featured_media":191133,"comment_status":"","ping_status":"","sticky":false,"template":"","format":"standard","meta":{"footnotes":""},"categories":[81],"tags":[39861,39864,39862,39863,119,123,124,25,24,117,121,122,23,118,120],"class_list":{"0":"post-191132","1":"post","2":"type-post","3":"status-publish","4":"format-standard","5":"has-post-thumbnail","7":"category-ciencia-y-tecnologia","8":"tag-ayuntamiento-de-benalup-casas-viejas","9":"tag-benalup","10":"tag-benalup-casas-viejas","11":"tag-benalup-casas-viejas-cadiz","12":"tag-ciencia","13":"tag-ciencia-y-tecnologia","14":"tag-cienciaytecnologia","15":"tag-es","16":"tag-espana","17":"tag-science","18":"tag-science-and-technology","19":"tag-scienceandtechnology","20":"tag-spain","21":"tag-technology","22":"tag-tecnologia"},"share_on_mastodon":{"url":"https:\/\/pubeurope.com\/@es\/115411267585906209","error":""},"_links":{"self":[{"href":"https:\/\/www.europesays.com\/es\/wp-json\/wp\/v2\/posts\/191132","targetHints":{"allow":["GET"]}}],"collection":[{"href":"https:\/\/www.europesays.com\/es\/wp-json\/wp\/v2\/posts"}],"about":[{"href":"https:\/\/www.europesays.com\/es\/wp-json\/wp\/v2\/types\/post"}],"author":[{"embeddable":true,"href":"https:\/\/www.europesays.com\/es\/wp-json\/wp\/v2\/users\/2"}],"replies":[{"embeddable":true,"href":"https:\/\/www.europesays.com\/es\/wp-json\/wp\/v2\/comments?post=191132"}],"version-history":[{"count":0,"href":"https:\/\/www.europesays.com\/es\/wp-json\/wp\/v2\/posts\/191132\/revisions"}],"wp:featuredmedia":[{"embeddable":true,"href":"https:\/\/www.europesays.com\/es\/wp-json\/wp\/v2\/media\/191133"}],"wp:attachment":[{"href":"https:\/\/www.europesays.com\/es\/wp-json\/wp\/v2\/media?parent=191132"}],"wp:term":[{"taxonomy":"category","embeddable":true,"href":"https:\/\/www.europesays.com\/es\/wp-json\/wp\/v2\/categories?post=191132"},{"taxonomy":"post_tag","embeddable":true,"href":"https:\/\/www.europesays.com\/es\/wp-json\/wp\/v2\/tags?post=191132"}],"curies":[{"name":"wp","href":"https:\/\/api.w.org\/{rel}","templated":true}]}}