{"id":191136,"date":"2025-10-21T08:43:09","date_gmt":"2025-10-21T08:43:09","guid":{"rendered":"https:\/\/www.europesays.com\/es\/191136\/"},"modified":"2025-10-21T08:43:09","modified_gmt":"2025-10-21T08:43:09","slug":"el-brutal-crimen-de-la-pequena-lola-daviet-la-nina-de-12-anos-fue-violada-y-torturada-antes-de-morir","status":"publish","type":"post","link":"https:\/\/www.europesays.com\/es\/191136\/","title":{"rendered":"El brutal crimen de la peque\u00f1a Lola Daviet: la ni\u00f1a de 12 a\u00f1os fue violada y torturada antes de morir"},"content":{"rendered":"<p>Francia rememora estos<strong> d\u00edas <\/strong>el<a href=\"https:\/\/www.libertaddigital.com\/internacional\/europa\/2022-10-24\/el-macabro-asesinato-de-la-pequena-lola-en-francia-venganza-o-ritual-satanico-6946268\/\" rel=\"nofollow noopener\" target=\"_blank\"> brutal asesinato de la peque\u00f1a Lola Daviet<\/a>, de 12 a\u00f1os, el 14 de octubre de 2022. El pasado viernes arrancaba en Par\u00eds el <strong>juicio contra la argelina Dahbia Benkired<\/strong> \u2014de 27 a\u00f1os\u2014 acusada de violar, torturar y matar a la menor. La joven criminal se encontraba en situaci\u00f3n irregular en el pa\u00eds en el momento de los hechos, lo que puso sobre la mesa el <a href=\"https:\/\/www.france24.com\/es\/francia\/20221020-el-sesinato-de-una-ni%C3%B1a-de-12-a%C3%B1os-reabre-el-debate-sobre-la-migraci%C3%B3n-ilegal-en-francia\" rel=\"nofollow noreferrer noopener\" target=\"_blank\">debate sobre las pol\u00edticas migratorias<\/a>. <strong>\u00abEste horror <strong>podr\u00eda<\/strong> haberse evitado\u00bb<\/strong>, reproch\u00f3 entonces <a href=\"https:\/\/www.libertaddigital.com\/personajes\/marine-le-pen\/\" rel=\"nofollow noopener\" target=\"_blank\">Marine Le Pen<\/a>.<\/p>\n<p>\u00abLo que hice fue horrible\u00bb, declar\u00f3 Benkired ante la familia de la v\u00edctima al inicio del juicio. Se adelantaba as\u00ed a las terribles im\u00e1genes y testimonios que pasar\u00edan por el Tribunal de lo Penal de Par\u00eds en los d\u00edas sucesivos \u2014hasta el pr\u00f3ximo viernes, si todo va seg\u00fan lo previsto\u2014. La m\u00e9dico forense que realiz\u00f3 la autopsia ha revelado este lunes que la menor<strong> fue violada vaginal y analmente<\/strong> cuando a\u00fan estaba viva.<\/p>\n<p>Lola recibi\u00f3 decenas de cortes en distintas partes del cuerpo \u2014concretamente 38, especialmente en la espalda y el cuello\u2014, <strong>fue asfixiada y casi decapitada<\/strong>. La pat\u00f3loga ha destacado el <strong>\u00absufrimiento <strong>f\u00edsico<\/strong>, <strong>psicol\u00f3gico<\/strong> y moral\u00bb<\/strong> que padeci\u00f3 la peque\u00f1a como consecuencia de la forma en la que muri\u00f3. \u00abLa dificultad respiratoria es especialmente angustiosa\u00bb, ha aseverado.<\/p>\n<p>El estado del <strong>cad\u00e1ver<\/strong><\/p>\n<p>En la primera sesi\u00f3n del juicio compareci\u00f3 el comisario de polic\u00eda que estaba de guardia la noche de los hechos y al que le toc\u00f3 acudir tras el hallazgo del cad\u00e1ver. <strong>\u00abDesnudo\u00bb<\/strong>,<strong> \u00abcompletamente oculto por cinta adhesiva\u00bb<\/strong> y con las<strong> manos \u00abatadas\u00bb<\/strong>. \u00abTen\u00eda una herida en el cuello que casi provoc\u00f3 la decapitaci\u00f3n\u00bb, a\u00f1adi\u00f3. Tambi\u00e9n \u00abheridas de arma blanca\u00bb y \u00abdos n\u00fameros escritos <strong>bajo los pies, un 0 y un 1<\/strong>, con una especie de l\u00edquido rojo\u00bb.<\/p>\n<p>Este detalle hizo pensar en un primer momento que el crimen pudiera responder a alg\u00fan tipo de ritual. Pero todo fue bastante \u00abirracional\u00bb, ha se\u00f1alado el investigador. Una de las cosas que llam\u00f3 la atenci\u00f3n el viernes fue la actitud con la que la acusada escuchaba al comisario,<strong> impasible y con los brazos cruzados<\/strong>, incluso cuando se mostraron las fotograf\u00edas del estado en el que se encontr\u00f3 el cad\u00e1ver. Algunos familiares de Lola prefirieron salir de la sala para no ver las im\u00e1genes.<\/p>\n<p>Ni arrepentimiento ni <strong>empat\u00eda<\/strong><\/p>\n<p>Uno de los aspectos que destac\u00f3 el comisario fue precisamente la actitud de la joven argelina, que no mostr\u00f3 el m\u00e1s m\u00ednimo arrepentimiento <strong>cuando fue detenida, un <strong>d\u00eda<\/strong> <strong>despu\u00e9s<\/strong> <\/strong>de haber cometido el terrible asesinato. \u00c9l pensaba que, dada la dureza de los hechos, se encontrar\u00eda \u00abcon alguien que lo confesar\u00eda todo y se derrumbar\u00eda.<\/p>\n<p>\u00abNo fue as\u00ed en absoluto\u00bb, exclam\u00f3. \u00abMe sorprendi\u00f3; <strong><strong>pens\u00e9<\/strong> que <strong>hab\u00edamos<\/strong> cometido un error<\/strong>\u00ab, llega a decir el polic\u00eda. En la misma l\u00ednea testific\u00f3 un segundo polic\u00eda al frente de la investigaci\u00f3n del crimen y la detenci\u00f3n de la acusada, que \u2014seg\u00fan explic\u00f3\u2014 incluso habr\u00eda intentado desestabilizar a los agentes durante los interrogatorios. \u00abElla nunca mostr\u00f3 empat\u00eda\u00bb, asegur\u00f3.<\/p>\n<p>&#13;<br \/>\n    Relacionado&#13;<br \/>\n    &#13;<\/p>\n<p><strong>V\u00eddeos<\/strong> incriminatorios<\/p>\n<p>Cabe recordar que el cad\u00e1ver de Lola Daviet fue encontrado por un indigente horas despu\u00e9s de su desaparici\u00f3n, dentro de un ba\u00fal que hab\u00eda sido abandonado en el n\u00famero 40 de la calle Hautpoul por la acusada. Durante el juicio, se han mostrado im\u00e1genes en las que se ve claramente a<strong> Dahbia Benkired trasladando el <strong>arc\u00f3n<\/strong><\/strong>, de color negro.<\/p>\n<p>Uno de los v\u00eddeos m\u00e1s impactantes \u2014al que ha accedido Le Parisien\u2014 es el de la argelina con uno de los testigos <a href=\"https:\/\/www.leparisien.fr\/faits-divers\/la-video-surrealiste-de-dahbia-benkired-ramenant-dans-un-bar-la-valise-contenant-le-corps-de-lola-et-diffusee-au-tribunal-17-10-2025-FMU5QZJKPVB2VH7NR3XZ3GSDT4.php\" rel=\"nofollow noreferrer noopener\" target=\"_blank\"><strong>en un bar de la Rue Manin, apenas un par de horas <strong>despu\u00e9s<\/strong><\/strong><\/a> de asesinato de la menor en el apartamento de su hermana, que era vecina de la familia de Lola. La mujer llega al establecimiento cargada con el ba\u00fal negro y dos grandes maletas. El hombre entra, se sienta y ambos charlan relajadamente.<\/p>\n<p><a href=\"#\" target=\"_blank\" rel=\"nofollow\" data-embed=\"https:\/\/tv.libertaddigital.com\/videos\/embed\/3-x9sag5o.html\"><img decoding=\"async\" src=\"https:\/\/www.europesays.com\/es\/wp-content\/uploads\/2025\/10\/ZHD1C1ez6LUsKx28S.jpeg\" style=\"aspect-ratio: 16 \/ 9\"\/><\/a><\/p>\n<p>\u00bfUn acto de venganza?<\/p>\n<p>Ella parece invitar al var\u00f3n a que mire lo que hay en el interior del mencionado arc\u00f3n. \u00c9l abre la tapa y la cierra r\u00e1pidamente. Despu\u00e9s, se marcha. Lo cierto es que Benkired fue la principal sospechosa desde el principio. Las c\u00e1maras de seguridad del edificio en el que viv\u00eda la menor captaron <strong>el encuentro de ambas en el portal<\/strong>, cuando la peque\u00f1a volvi\u00f3 del colegio.<\/p>\n<p>Una de las principales hip\u00f3tesis es que el asesinato fuese un acto de<strong> venganza contra la madre de Lola<\/strong>, que ejerc\u00eda como conserje en el bloque de pisos en el que resid\u00edan tanto la familia de la ni\u00f1a como una hermana de la acusada, debido a que le <strong>habr\u00eda<\/strong> <strong>prohibido el acceso al inmueble<\/strong> en alguna ocasi\u00f3n. Aunque los padres de la menor dijeron a la polic\u00eda que no conoc\u00edan a la acusada.<\/p>\n","protected":false},"excerpt":{"rendered":"Francia rememora estos d\u00edas el brutal asesinato de la peque\u00f1a Lola Daviet, de 12 a\u00f1os, el 14 de&hellip;\n","protected":false},"author":2,"featured_media":191137,"comment_status":"","ping_status":"","sticky":false,"template":"","format":"standard","meta":{"footnotes":""},"categories":[42],"tags":[53430,53431,17,18,3718,13,14,317,11,61,62,63,64,19,20,53432,2126,9,10,15,16,4759,12,53433,30451,21,22,3033,17467,65,66,67],"class_list":{"0":"post-191136","1":"post","2":"type-post","3":"status-publish","4":"format-standard","5":"has-post-thumbnail","7":"category-internacional","8":"tag-argelina","9":"tag-asesinada","10":"tag-breaking-news","11":"tag-breakingnews","12":"tag-crimen","13":"tag-featured-news","14":"tag-featurednews","15":"tag-francia","16":"tag-headlines","17":"tag-internacional","18":"tag-international","19":"tag-international-news","20":"tag-internationalnews","21":"tag-latest-news","22":"tag-latestnews","23":"tag-lola-daviet","24":"tag-menor","25":"tag-news","26":"tag-noticias","27":"tag-noticias-destacadas","28":"tag-noticiasdestacadas","29":"tag-paris","30":"tag-titulares","31":"tag-torturada","32":"tag-torturas","33":"tag-ultimas-noticias","34":"tag-ultimasnoticias","35":"tag-violacion","36":"tag-violada","37":"tag-world","38":"tag-world-news","39":"tag-worldnews"},"share_on_mastodon":{"url":"","error":"Validation failed: Text character limit of 500 exceeded"},"_links":{"self":[{"href":"https:\/\/www.europesays.com\/es\/wp-json\/wp\/v2\/posts\/191136","targetHints":{"allow":["GET"]}}],"collection":[{"href":"https:\/\/www.europesays.com\/es\/wp-json\/wp\/v2\/posts"}],"about":[{"href":"https:\/\/www.europesays.com\/es\/wp-json\/wp\/v2\/types\/post"}],"author":[{"embeddable":true,"href":"https:\/\/www.europesays.com\/es\/wp-json\/wp\/v2\/users\/2"}],"replies":[{"embeddable":true,"href":"https:\/\/www.europesays.com\/es\/wp-json\/wp\/v2\/comments?post=191136"}],"version-history":[{"count":0,"href":"https:\/\/www.europesays.com\/es\/wp-json\/wp\/v2\/posts\/191136\/revisions"}],"wp:featuredmedia":[{"embeddable":true,"href":"https:\/\/www.europesays.com\/es\/wp-json\/wp\/v2\/media\/191137"}],"wp:attachment":[{"href":"https:\/\/www.europesays.com\/es\/wp-json\/wp\/v2\/media?parent=191136"}],"wp:term":[{"taxonomy":"category","embeddable":true,"href":"https:\/\/www.europesays.com\/es\/wp-json\/wp\/v2\/categories?post=191136"},{"taxonomy":"post_tag","embeddable":true,"href":"https:\/\/www.europesays.com\/es\/wp-json\/wp\/v2\/tags?post=191136"}],"curies":[{"name":"wp","href":"https:\/\/api.w.org\/{rel}","templated":true}]}}