{"id":191138,"date":"2025-10-21T08:44:07","date_gmt":"2025-10-21T08:44:07","guid":{"rendered":"https:\/\/www.europesays.com\/es\/191138\/"},"modified":"2025-10-21T08:44:07","modified_gmt":"2025-10-21T08:44:07","slug":"ana-rosa-quintana-sentencia-la-propuesta-del-cambio-horario-con-una-demoledora-replica-a-pedro-sanchez","status":"publish","type":"post","link":"https:\/\/www.europesays.com\/es\/191138\/","title":{"rendered":"Ana Rosa Quintana sentencia la propuesta del cambio horario con una demoledora r\u00e9plica a Pedro S\u00e1nchez"},"content":{"rendered":"<p class=\"voc-p\" style=\"\">Pedro S\u00e1nchez, el presidente del Gobierno, sorprend\u00eda este lunes con un v\u00eddeo en el que propon\u00eda mantener el<strong> horario de invierno<\/strong> todo el a\u00f1o. Una propuesta que volv\u00eda a traer este debate a los ciudadanos y, por supuesto, a los programas de televisi\u00f3n.  &#8230; As\u00ed, <strong>Ana Rosa Quintana<\/strong> se ha &#8216;mojado&#8217; en &#8216;<a href=\"https:\/\/www.abc.es\/noticias\/el-programa-de-ana-rosa\/\" target=\"_self\" data-voc-vtm-id=\"in-text-traffic\" title=\"El programa de Ana Rosa\" data-mrf-link=\"www.abc.es\" rel=\"nofollow noopener\">El programa de Ana Rosa<\/a>&#8216; (Telecinco) sobre el pol\u00e9mico tema y ha sentenciado al jefe del Ejecutivo por su iniciativa.<\/p>\n<p class=\"voc-p\" style=\"\">\u00abTortilla espa\u00f1ola con cebolla o sin cebolla\u00bb, comenzaba diciendo la presentadora de &#8216;<a href=\"https:\/\/www.abc.es\/play\/television\/noticias\/economista-destapa-verdad-subida-autonomos-quieren-contar-20251020110453-nt.html\" target=\"_self\" data-voc-vtm-id=\"in-text-traffic\" title=\"El programa de Ana Rosa\" data-mrf-link=\"www.abc.es\" rel=\"nofollow noopener\">El programa de Ana Rosa<\/a>&#8216;. \u00abEs el nuevo debate nacional que podr\u00eda plantear Pedro S\u00e1nchez tras el cambio de hora. Un debate pol\u00edtico, el del<strong> cambio horario<\/strong>, que no estaba sobre la mesa. S\u00e1nchez irrumpe en un v\u00eddeo entonando &#8216;reloj no marques las horas&#8217; para marcar los tiempos con esta ocurrencia que ha ocupado tan solo un par de d\u00edas en las portadas y que en Europa tan solo cuenta con el apoyo de Polonia y Finlancia. El presidente se ha convertido en Bill Murray para poner sobre la mesa viejos debates del d\u00eda de la marmota\u00bb, apuntaba <strong>Ana Rosa Quintana<\/strong> que seguidamente sacaba a la luz desde el plat\u00f3 del <a href=\"https:\/\/www.abc.es\/play\/television\/noticias\/ana-rosa-quintana-vaticina-medias-tintas-pasara-20251016095855-nt.html\" target=\"_self\" data-voc-vtm-id=\"in-text-traffic\" title=\"espacio\" data-mrf-link=\"www.abc.es\" rel=\"nofollow noopener\">espacio<\/a> de Mediaset las intenciones del presidente del Gobierno tras su nuevo movimiento. <\/p>\n<p class=\"voc-p\" style=\"\">\u00abEl presidente irrumpe en modo ninja lanzando una bomba de humo para tapar los verdaderos debates\u00bb, manifestaba rotunda <strong>Ana Rosa Quintana<\/strong> que inmediatamente le expon\u00eda a <strong>Pedro S\u00e1nchez<\/strong> desde el <a href=\"https:\/\/www.abc.es\/play\/television\/noticias\/ana-rosa-quintana-dicta-rotunda-sentencia-sobre-20251017105213-nt.html\" target=\"_self\" data-voc-vtm-id=\"in-text-traffic\" title=\"matinal\" data-mrf-link=\"www.abc.es\" rel=\"nofollow noopener\">matinal<\/a> de Telecinco cu\u00e1les eran las verdaderas preocupaciones de los ciudadanos.<\/p>\n<p class=\"voc-p\" style=\"\">\u00abEl debate principal que preocupa a la gente es carne o hipoteca. Una de cada tres familias espa\u00f1olas renuncia a la carne y al pescado para poder pagar el alquiler o la hipoteca. A estas familias el cambio horario les importa tanto como si el gazpacho debe llevar pepino. A los tres millones de aut\u00f3nomos tampoco les importa el cambio horario ni los biorritmos, aunque ahora el Gobierno decida enterrar el hacha y vendan como una congelaci\u00f3n de cuotas lo que es una rectificaci\u00f3n en toda regla. S\u00e1nchez lo llamar\u00eda un cambio de opini\u00f3n\u00bb, sentenciaba <strong>Ana Rosa Quintana<\/strong> ante las c\u00e1maras de &#8216;<strong>El programa de Ana Rosa<\/strong>&#8216; que continuaba con su editorial arremetiendo contra el Gobierno por la presunta financiaci\u00f3n ilegal del PSOE. <\/p>\n<p>\nArt\u00edculo solo para suscriptores\n<\/p>\n<p>Reportar un error<\/p>\n","protected":false},"excerpt":{"rendered":"Pedro S\u00e1nchez, el presidente del Gobierno, sorprend\u00eda este lunes con un v\u00eddeo en el que propon\u00eda mantener el&hellip;\n","protected":false},"author":2,"featured_media":191139,"comment_status":"","ping_status":"","sticky":false,"template":"","format":"standard","meta":{"footnotes":""},"categories":[8],"tags":[683,17,18,7556,25,24,13,14,11,319,19,20,9,10,15,16,1822,7679,27011,2465,11534,199,5877,57,23,12,21,22],"class_list":{"0":"post-191138","1":"post","2":"type-post","3":"status-publish","4":"format-standard","5":"has-post-thumbnail","7":"category-espana","8":"tag-ana","9":"tag-breaking-news","10":"tag-breakingnews","11":"tag-cambio","12":"tag-es","13":"tag-espana","14":"tag-featured-news","15":"tag-featurednews","16":"tag-headlines","17":"tag-horario","18":"tag-latest-news","19":"tag-latestnews","20":"tag-news","21":"tag-noticias","22":"tag-noticias-destacadas","23":"tag-noticiasdestacadas","24":"tag-pedro","25":"tag-propuesta","26":"tag-quintana","27":"tag-rosa","28":"tag-rotunda","29":"tag-sanchez","30":"tag-sentencia","31":"tag-sobre","32":"tag-spain","33":"tag-titulares","34":"tag-ultimas-noticias","35":"tag-ultimasnoticias"},"share_on_mastodon":{"url":"https:\/\/pubeurope.com\/@es\/115411279434784845","error":""},"_links":{"self":[{"href":"https:\/\/www.europesays.com\/es\/wp-json\/wp\/v2\/posts\/191138","targetHints":{"allow":["GET"]}}],"collection":[{"href":"https:\/\/www.europesays.com\/es\/wp-json\/wp\/v2\/posts"}],"about":[{"href":"https:\/\/www.europesays.com\/es\/wp-json\/wp\/v2\/types\/post"}],"author":[{"embeddable":true,"href":"https:\/\/www.europesays.com\/es\/wp-json\/wp\/v2\/users\/2"}],"replies":[{"embeddable":true,"href":"https:\/\/www.europesays.com\/es\/wp-json\/wp\/v2\/comments?post=191138"}],"version-history":[{"count":0,"href":"https:\/\/www.europesays.com\/es\/wp-json\/wp\/v2\/posts\/191138\/revisions"}],"wp:featuredmedia":[{"embeddable":true,"href":"https:\/\/www.europesays.com\/es\/wp-json\/wp\/v2\/media\/191139"}],"wp:attachment":[{"href":"https:\/\/www.europesays.com\/es\/wp-json\/wp\/v2\/media?parent=191138"}],"wp:term":[{"taxonomy":"category","embeddable":true,"href":"https:\/\/www.europesays.com\/es\/wp-json\/wp\/v2\/categories?post=191138"},{"taxonomy":"post_tag","embeddable":true,"href":"https:\/\/www.europesays.com\/es\/wp-json\/wp\/v2\/tags?post=191138"}],"curies":[{"name":"wp","href":"https:\/\/api.w.org\/{rel}","templated":true}]}}