{"id":191144,"date":"2025-10-21T08:47:08","date_gmt":"2025-10-21T08:47:08","guid":{"rendered":"https:\/\/www.europesays.com\/es\/191144\/"},"modified":"2025-10-21T08:47:08","modified_gmt":"2025-10-21T08:47:08","slug":"asturias-pierde-a-la-marquesa-de-la-vega-de-anzo","status":"publish","type":"post","link":"https:\/\/www.europesays.com\/es\/191144\/","title":{"rendered":"Asturias pierde a la marquesa de la Vega de Anzo"},"content":{"rendered":"<p><a class=\"v-mdl-ath__fig-a\" href=\"https:\/\/www.elcomercio.es\/autor\/azahara-villacorta-222.html\" title=\"Azahara Villacorta\" rel=\"nofollow noopener\" target=\"_blank\"><br \/>\n<img decoding=\"async\" class=\"v-mdl-ath__img\" src=\"https:\/\/www.europesays.com\/es\/wp-content\/uploads\/2025\/10\/autor-222-foto-2.jpeg\" alt=\"Azahara Villacorta\"\/><br \/>\n<\/a><\/p>\n<p class=\"v-mdl-ath__p v-mdl-ath__p--6\">\nMartes, 21 de octubre 2025, 10:21<\/p>\n<p>| Actualizado 10:32h.<\/p>\n<p class=\"v-p\">La <a href=\"https:\/\/www.elcomercio.es\/sociedad\/gloria-toro-morir-20180225005209-ntvo.html\" data-voc-vtm-id=\"in-text-traffic\" title=\"marquesa de la Vega de Anzo\" data-mrf-link=\"www.elcomercio.es\" rel=\"nofollow noopener\" target=\"_blank\">marquesa de la Vega de Anzo<\/a>, Pilar Gonz\u00e1lez del Valle y Garc\u00eda de la Pe\u00f1a, ha fallecido y el mundo taurino llora ya a una de sus m\u00e1s firmes valedoras. La arist\u00f3crata asturiana, una de las habituales de la feria taurina de Bego\u00f1a, donde lleg\u00f3 a ser pregonera, genio y figura, estaba muy vinculada a <a href=\"https:\/\/www.elcomercio.es\/gijon\/\" data-voc-vtm-id=\"in-text-traffic\" title=\"Gij\u00f3n\" data-mrf-link=\"www.elcomercio.es\" rel=\"nofollow noopener\" target=\"_blank\">Gij\u00f3n<\/a> y a Grado. <\/p>\n<p class=\"v-p\">Entre la villa moscona y la de Jovellanos, donde era muy querida por los aficionados al mundo del toro, se cri\u00f3, adem\u00e1s de a caballo entre Madrid y Extremadura, pero llevaba a Asturias en el coraz\u00f3n, como recordaba cada vez que ten\u00eda oportunidad.<\/p>\n<p class=\"v-p\">Afincada en Madrid, Pilar Gonz\u00e1lez del Valle hab\u00eda heredado en 1992 el el marquesado de la Vega de Anzo, t\u00edtulo que hasta ese momento ostentaba su padre, el ovetense Jos\u00e9 Mar\u00eda Gonz\u00e1lez del Valle Herrero, aunque uno de sus blasones fue siempre la cercan\u00eda.<\/p>\n<p>Reporta un error<\/p>\n","protected":false},"excerpt":{"rendered":"Martes, 21 de octubre 2025, 10:21 | Actualizado 10:32h. La marquesa de la Vega de Anzo, Pilar Gonz\u00e1lez&hellip;\n","protected":false},"author":2,"featured_media":191145,"comment_status":"","ping_status":"","sticky":false,"template":"","format":"standard","meta":{"footnotes":""},"categories":[277],"tags":[6831,53436,373,168,25,24,23707,23,167,374,8932],"class_list":{"0":"post-191144","1":"post","2":"type-post","3":"status-publish","4":"format-standard","5":"has-post-thumbnail","7":"category-toreo","8":"tag-adios","9":"tag-anzo","10":"tag-bullfighting","11":"tag-deportes","12":"tag-es","13":"tag-espana","14":"tag-marquesa","15":"tag-spain","16":"tag-sports","17":"tag-toreo","18":"tag-vega"},"share_on_mastodon":{"url":"https:\/\/pubeurope.com\/@es\/115411290914285299","error":""},"_links":{"self":[{"href":"https:\/\/www.europesays.com\/es\/wp-json\/wp\/v2\/posts\/191144","targetHints":{"allow":["GET"]}}],"collection":[{"href":"https:\/\/www.europesays.com\/es\/wp-json\/wp\/v2\/posts"}],"about":[{"href":"https:\/\/www.europesays.com\/es\/wp-json\/wp\/v2\/types\/post"}],"author":[{"embeddable":true,"href":"https:\/\/www.europesays.com\/es\/wp-json\/wp\/v2\/users\/2"}],"replies":[{"embeddable":true,"href":"https:\/\/www.europesays.com\/es\/wp-json\/wp\/v2\/comments?post=191144"}],"version-history":[{"count":0,"href":"https:\/\/www.europesays.com\/es\/wp-json\/wp\/v2\/posts\/191144\/revisions"}],"wp:featuredmedia":[{"embeddable":true,"href":"https:\/\/www.europesays.com\/es\/wp-json\/wp\/v2\/media\/191145"}],"wp:attachment":[{"href":"https:\/\/www.europesays.com\/es\/wp-json\/wp\/v2\/media?parent=191144"}],"wp:term":[{"taxonomy":"category","embeddable":true,"href":"https:\/\/www.europesays.com\/es\/wp-json\/wp\/v2\/categories?post=191144"},{"taxonomy":"post_tag","embeddable":true,"href":"https:\/\/www.europesays.com\/es\/wp-json\/wp\/v2\/tags?post=191144"}],"curies":[{"name":"wp","href":"https:\/\/api.w.org\/{rel}","templated":true}]}}