{"id":191151,"date":"2025-10-21T08:54:09","date_gmt":"2025-10-21T08:54:09","guid":{"rendered":"https:\/\/www.europesays.com\/es\/191151\/"},"modified":"2025-10-21T08:54:09","modified_gmt":"2025-10-21T08:54:09","slug":"directo-rueda-de-prensa-de-corberan-despues-del-alaves-valencia-cf-laliga-ea-sports-superdeporte","status":"publish","type":"post","link":"https:\/\/www.europesays.com\/es\/191151\/","title":{"rendered":"Directo | Rueda de prensa de Corber\u00e1n despu\u00e9s del Alav\u00e9s &#8211; Valencia CF | LaLiga EA Sports &#8211; Superdeporte"},"content":{"rendered":"<ol>\n<li><a href=\"https:\/\/news.google.com\/rss\/articles\/CBMipgFBVV95cUxPYTJ4d3h3VHYwdHdKQnVjRWVtcWw2UU5fbTREX2F5ano0cEVSb1phMGg2M3U5UnlXQ1ZSLVp5eXdrNU9jbjB4blk0TVRNM0FKcGJOU0hJQndmR0wycHo3Q09JT1RWWVBXdGRVdDRKQTlfUTVaR21iRlpSeUI2Z2J2aC10c0ZXTVM1LU9hNERXM3ZsUFFzc1dzRkkyeVR2eE9VUjV3bS130gGrAUFVX3lxTFBqYVVfZjRwYzJWUTEzbWlxdFc3endSRmViTWxSbDFvZ1RYeldDdEpkMmxkOWZKUHZwWmx4WjJFUDZzU1pyT0JYdEVpX0plTFpHYWxxVnUtTVB4SjloN3A2bUk5RmFxVzFvUzl1VUI3YTVzbTVSQ01MWXRzMkdkVS0yYWtLeGtBMmR3ZHpicW1OWnpXelBINW5JQThfYkJLU0FjU0Y3ay1QVm5aWQ?oc=5\" target=\"_blank\" rel=\"nofollow noopener\">Directo | Rueda de prensa de Corber\u00e1n despu\u00e9s del Alav\u00e9s &#8211; Valencia CF | LaLiga EA Sports<\/a>&nbsp;&nbsp;Superdeporte<\/li>\n<li><a href=\"https:\/\/news.google.com\/rss\/articles\/CBMiwwFBVV95cUxONl9lUnFIMWd5Mi1xMDRZVDFfekktQ19xOTAwcE5vUUtRcGg2VlhSR0tGVVVfWUlpTUZzMnk4aXNmRUJ0NU91NExCSlltTzlGbjhZVUxqVVU4dEJsbXdEaGFPUjlUYno2MnhSbVh1MTIyWXZBNEM1RDcxcy1Ka1RCQWgzX1RleERRb2pyb0NfSkE1Z255Mm5rNDRWczJQcUJMTVBRQ3piSk1oVE9TTFlhN194VW1kZ0hHRmZCOFFJZzRjbEk?oc=5\" target=\"_blank\" rel=\"nofollow noopener\">Carlos Corber\u00e1n: \u00abSolo con la mentalidad no es suficiente\u00bb<\/a>&nbsp;&nbsp;Superdeporte<\/li>\n<li><a href=\"https:\/\/news.google.com\/rss\/articles\/CBMiogFBVV95cUxOclBjMms0VFNZMnFEYlh3ZFFfb3ZFOERiZnRBNnYxN09wcVZKMmhqaGUyRENOUU5vLVF2enJiMGJQRFZXaTFGeWtPNFJmTzZ2UFVrQjhoM3h2WlAzbjlkRjZjd1IyODZobkNKNzNkZUlPYmZlRGJFUU1INmx4QkxGRzZaQkhCQTlHSGZZYTR4NDV4UDVRSFJDaGNCRklCWVctSkHSAbYBQVVfeXFMTVZtUC1XY2s3N3BuN1VwM0s4b2NRRzh2NXZxM041WUYxMnlFSDJnU3Bnc0FUbWJsOXlrSjc4R0gxeDhyZG9FM3cxMGxXRUF5WHZtTDZNcG9kMU5ha21Kbm9KX29faTBvN2tRVzlybGlCYl9sWFRPS2g0UlB6UzRxVkJUZXdXTXdOOHk2ajBRbzRvUVI1VGVvV1lkc1hJMEZ5MlVFWDF4NjViV2JiTDNrZV9QTi1Rbnc?oc=5\" target=\"_blank\" rel=\"nofollow noopener\">Corber\u00e1n: \u201cHemos evolucionado en la mentalidad, no en el juego\u201d<\/a>&nbsp;&nbsp;Diario AS<\/li>\n<li><a href=\"https:\/\/news.google.com\/rss\/articles\/CBMi1gFBVV95cUxQUUhFN2EwXzhUWlZCYTU5REdLNHZmLTJFN3paMXlGNmc0SWk1amxNaHQxZmxvb09YVGEwcHBnYkJ2bWp6bURYU2o0cF9oc0liOHJza2tZTHJmMDV0VnNKR0xXeUJkT0NPLUl2eTA1SUkyVy03R3AwUHV1R0hXMXU5aWdHcnNvR1FsLV9JWkpuYmx1YnNReXUtTmdJUktkRVQzTTZvMW9yQWkwTmd3UGhCdUsxTURCYndKSTY5b3RVdlNhelpSMnpacmJqLW15WjhYdno0a2N3?oc=5\" target=\"_blank\" rel=\"nofollow noopener\">Corber\u00e1n: \u00abEl equipo ha evolucionado en la mentalidad\u00bb<\/a>&nbsp;&nbsp;Plaza Deportiva<\/li>\n<li><a href=\"https:\/\/news.google.com\/rss\/articles\/CBMimAFBVV95cUxOZnBTUFhmd08wenFFdFc1WlY2T0tZUkhQR1ZhX1R2LUhfX1dGUnNZVVJFdC1LRVhaVmZMZXl2dmR1SFdEZXVmYkNDaG91NW5XLW9FeWs1T082d3p5eHpvQ0lYaG1OLWtaYlZoanl2ckZhV0piMEl0TlVPNl8tNEtCTk9DZmp1TDkzQlNLcWtraEQtejV1S2xTeQ?oc=5\" target=\"_blank\" rel=\"nofollow noopener\">La psicosis del bal\u00f3n parado en el Valencia<\/a>&nbsp;&nbsp;Las Provincias<\/li>\n<\/ol>\n","protected":false},"excerpt":{"rendered":"Directo | Rueda de prensa de Corber\u00e1n despu\u00e9s del Alav\u00e9s &#8211; Valencia CF | LaLiga EA Sports&nbsp;&nbsp;Superdeporte Carlos&hellip;\n","protected":false},"author":2,"featured_media":190852,"comment_status":"","ping_status":"","sticky":false,"template":"","format":"standard","meta":{"footnotes":""},"categories":[268],"tags":[53374,27893,53375,168,53371,25,24,280,282,53373,53372,281,23,167,5419,53370],"class_list":{"0":"post-191151","1":"post","2":"type-post","3":"status-publish","4":"format-standard","5":"has-post-thumbnail","7":"category-futbol","8":"tag-analisis-partido-valencia-cf","9":"tag-carlos-corberan","10":"tag-cronica-valencia-cf-alaves","11":"tag-deportes","12":"tag-empate-valencia-cf","13":"tag-es","14":"tag-espana","15":"tag-football","16":"tag-futbol","17":"tag-noticias-valencia-cf","18":"tag-rueda-de-prensa-corberan","19":"tag-soccer","20":"tag-spain","21":"tag-sports","22":"tag-valencia-cf","23":"tag-valencia-cf-alaves"},"share_on_mastodon":{"url":"https:\/\/pubeurope.com\/@es\/115411318535231566","error":""},"_links":{"self":[{"href":"https:\/\/www.europesays.com\/es\/wp-json\/wp\/v2\/posts\/191151","targetHints":{"allow":["GET"]}}],"collection":[{"href":"https:\/\/www.europesays.com\/es\/wp-json\/wp\/v2\/posts"}],"about":[{"href":"https:\/\/www.europesays.com\/es\/wp-json\/wp\/v2\/types\/post"}],"author":[{"embeddable":true,"href":"https:\/\/www.europesays.com\/es\/wp-json\/wp\/v2\/users\/2"}],"replies":[{"embeddable":true,"href":"https:\/\/www.europesays.com\/es\/wp-json\/wp\/v2\/comments?post=191151"}],"version-history":[{"count":0,"href":"https:\/\/www.europesays.com\/es\/wp-json\/wp\/v2\/posts\/191151\/revisions"}],"wp:featuredmedia":[{"embeddable":true,"href":"https:\/\/www.europesays.com\/es\/wp-json\/wp\/v2\/media\/190852"}],"wp:attachment":[{"href":"https:\/\/www.europesays.com\/es\/wp-json\/wp\/v2\/media?parent=191151"}],"wp:term":[{"taxonomy":"category","embeddable":true,"href":"https:\/\/www.europesays.com\/es\/wp-json\/wp\/v2\/categories?post=191151"},{"taxonomy":"post_tag","embeddable":true,"href":"https:\/\/www.europesays.com\/es\/wp-json\/wp\/v2\/tags?post=191151"}],"curies":[{"name":"wp","href":"https:\/\/api.w.org\/{rel}","templated":true}]}}