{"id":191154,"date":"2025-10-21T08:56:16","date_gmt":"2025-10-21T08:56:16","guid":{"rendered":"https:\/\/www.europesays.com\/es\/191154\/"},"modified":"2025-10-21T08:56:16","modified_gmt":"2025-10-21T08:56:16","slug":"10-proyectos-ideales-y-con-mucha-personalidad-para-este-otono-invierno","status":"publish","type":"post","link":"https:\/\/www.europesays.com\/es\/191154\/","title":{"rendered":"10 proyectos ideales y con mucha personalidad para este oto\u00f1o-invierno"},"content":{"rendered":"<p id=\"eGLuApnl8Bz\" data-wc=\"60\">Si algo ha quedado claro en los \u00faltimos a\u00f1os es que la cocina ha dejado de ser un espacio puramente funcional para convertirse en el aut\u00e9ntico coraz\u00f3n de la casa. Este oto\u00f1o-invierno, <strong>las\u00a0<\/strong><a class=\"hm-link ho-link\" href=\"https:\/\/www.hola.com\/decoracion\/20250408824866\/cocinas-tendencias-casa-decor-2025\/\" data-mrf-recirculation=\"article-body-link\" rel=\"nofollow noopener\" target=\"_blank\">tendencias se alejan de lo est\u00e1ndar y apuestan por cocinas personalizadas<\/a>, llenas de detalles con personalidad, materiales nobles y soluciones inteligentes que combinan trabajo, ocio y reuni\u00f3n.\u00a0<\/p>\n<p>110<\/p>\n<p>  <img src=\"https:\/\/www.europesays.com\/es\/wp-content\/uploads\/2025\/10\/12eb31867c40-vivienda-bori-i-fontesta-trs.jpg\"   width=\"1920\" height=\"1080\" loading=\"lazy\" decoding=\"async\" alt=\"Cocina en madera con isla\" fetchpriority=\"auto\" class=\"image ho-image\"\/>\u00a9 The Room Studio<\/p>\n<p> La cocina, nuevas tendencias<\/p>\n<p id=\"ejIKSnDeR6\">La cocina es, sin duda, una de las estancias que m\u00e1s ha cambiado en los \u00faltimos a\u00f1os. \u00abDe ser un espacio cerrado y puramente funcional, ha pasado a convertirse en el <strong>centro de la vida dom<\/strong><strong>\u00e9<\/strong><strong>stica<\/strong>: el lugar donde arrancan las ma\u00f1anas, donde se improvisan sobremesas eternas y donde los amigos terminan reunidos alrededor de una copa de vino. Una <a class=\"hm-link ho-link\" href=\"https:\/\/www.hola.com\/decoracion\/20241218734846\/tendencias-cocina-para-2025-segun-interiorista-am\/\" data-mrf-recirculation=\"article-body-link\" rel=\"nofollow noopener\" target=\"_blank\">cocina bien dise\u00f1ada<\/a><strong>\u00a0no es solo para cocinar, es un espacio para vivir y compartir<\/strong>\u00ab, afirman Meritxell Rib\u00e9, interiorista al frente de The Room Studio junto a Josep Puigdom\u00e8nech.<\/p>\n<p id=\"eLDWhn20km\">La clave para estos expertos es que los <strong>espacios cuenten historias<\/strong>. En los proyectos de The Room Studio, las cocinas se dise\u00f1an <strong>a medida del estilo de vida de cada familia<\/strong>. Islas que se convierten en punto de encuentro, muebles integrados que esconden la tecnolog\u00eda y multiplican el orden, materiales nobles que transmiten autenticidad y rincones vers\u00e1tiles que hacen posible que la cocina sea, al mismo tiempo, lugar de trabajo, ocio y reuni\u00f3n. Aqu\u00ed, un proyecto del estudio, con isla central, comedor adosado y mucho acabado en madera que deja poco a la vista.<\/p>\n<p>210<\/p>\n<p>  <img src=\"https:\/\/www.europesays.com\/es\/wp-content\/uploads\/2025\/10\/8f2d5d336fb2-017-rekkergina-mariapujol.jpg\"   width=\"1920\" height=\"1080\" loading=\"lazy\" decoding=\"async\" alt=\"Cocina con isla\" fetchpriority=\"auto\" class=\"image ho-image\"\/>\u00a9 Mar\u00eda Pujol<\/p>\n<p> La atenci\u00f3n en la isla<\/p>\n<p id=\"efCEK-GFO7\">Las <a class=\"hm-link ho-link\" href=\"https:\/\/www.hola.com\/decoracion\/20250421827094\/usos-isla-cocina\/\" data-mrf-recirculation=\"article-body-link\" rel=\"nofollow noopener\" target=\"_blank\">islas multifunci\u00f3n se dise\u00f1an como coraz\u00f3n del hogar<\/a>. En este <strong>elemento se combina zona de trabajo, barra de desayuno y lugar de encuentro familiar<\/strong>. Es el punto que transforma la cocina en un espacio social y din\u00e1mico. Por eso cada vez se dise\u00f1an islas de cocina con l\u00edneas curvas, revestimientos o materiales diferenciadores, placas de cocci\u00f3n invisibles que dejan la superficie despejada cuando no se usan\u2026 Esta cocina con gran isla central y mueble de apoyo en la pared es de Rekker.<\/p>\n<p>310<\/p>\n<p>  <img src=\"https:\/\/www.europesays.com\/es\/wp-content\/uploads\/2025\/10\/2ec1604e63b6-bakio005.jpg\"   width=\"1080\" height=\"1800\" loading=\"lazy\" decoding=\"async\" alt=\"Cocina con mucho color\" fetchpriority=\"auto\" class=\"image ho-image\"\/>\u00a9 Erlantz Biderbost<\/p>\n<p> El color puede ser un elemento distintivo<\/p>\n<p id=\"exAUN59TIL\">Cuando hablamos de cocinas \u00abfuera de norma\u00bb, el <a class=\"hm-link ho-link\" href=\"https:\/\/www.hola.com\/decoracion\/20240619254942\/cocinas-modernas-renovadas-con-color\/\" data-mrf-recirculation=\"article-body-link\" rel=\"nofollow noopener\" target=\"_blank\">color puede ser ese elemento que logre dise\u00f1os \u00fanicos y personales<\/a>. Los colores tambi\u00e9n pueden contar historias. Tonos c\u00e1lidos y atrevidos conviven con neutros sofisticados, creando cocinas con personalidad propia y car\u00e1cter distintivo. Este es un proyecto de Jorge Laucirica (ARBE Decoraci\u00f3n), Santos Estudio Bilbao da vida a una cocina en la que cada m\u00f3dulo estaba lacado en un color totalmente diferente.\u00a0<\/p>\n<p>410<\/p>\n<p>  <img src=\"https:\/\/www.europesays.com\/es\/wp-content\/uploads\/2025\/10\/74bfe965a2da-casa-brava-a7.jpg\"   width=\"1920\" height=\"1080\" loading=\"lazy\" decoding=\"async\" alt=\"Cocina con frente de azulejos\" fetchpriority=\"auto\" class=\"image ho-image\"\/>\u00a9 Viu Emporda\u0300<\/p>\n<p> Detalles que marcan la diferencia<\/p>\n<p id=\"euuQgebnPV\">Y de repente, \u00a1algo llama la atenci\u00f3n! Ese <strong>algo hace que la cocina resulte \u00fanica<\/strong>. Puede ser un tirador, una l\u00e1mpara de dise\u00f1o, la texturizaci\u00f3n de una superficie\u2026 Aqu\u00ed, el frente de <a class=\"hm-link ho-link\" href=\"https:\/\/www.hola.com\/decoracion\/20240916718372\/azulejos-cocina-tendencias\/\" data-mrf-recirculation=\"article-body-link\" rel=\"nofollow noopener\" target=\"_blank\">azulejos en color amarillo<\/a> con el que se reviste la pen\u00ednsula de la cocina se convierte en se\u00f1a de identidad. Viu Emporda\u0300 gestiona esta casa ubicada en la Costa Brava<\/p>\n<p>510<\/p>\n<p>  <img src=\"https:\/\/www.europesays.com\/es\/wp-content\/uploads\/2025\/10\/d9004854b4b9-marazzi.jpg\"   width=\"1920\" height=\"1080\" loading=\"lazy\" decoding=\"async\" alt=\"Cocina original con l\u00edneas curvas y mezcla de materiales\" fetchpriority=\"auto\" class=\"image ho-image\"\/>\u00a9 Marazzi<\/p>\n<p> Materiales nobles con car\u00e1cter<\/p>\n<p class=\"\" id=\"ebqghTkNCF\">La <a class=\"hm-link ho-link\" href=\"https:\/\/www.hola.com\/decoracion\/20250309818770\/ideas-para-cocina-moderna\/\" data-mrf-recirculation=\"article-body-link\" rel=\"nofollow noopener\" target=\"_blank\">madera, el m\u00e1rmol y el acero combinan funcionalidad y est\u00e9tica<\/a>, transmitiendo calidez y autenticidad en cada proyecto. Y pueden <strong>combinarse en un mismo espacio<\/strong>, en los diferentes elementos. Esto aporta car\u00e1cter y movimiento. Una cocina que se sale de la norma no es lineal. En ella siempre hay acentos que marcan el ritmo \u00fanico. Como en esta propuesta de la firma Marazzi en la que no solo se juega con los materiales y colores, tambi\u00e9n con los planos y las l\u00edneas.\u00a0<\/p>\n<p>610<\/p>\n<p>  <img src=\"https:\/\/www.europesays.com\/es\/wp-content\/uploads\/2025\/10\/27a2317049ac-marinacocinasleixuri-bermeo-7.jpg\"   width=\"1080\" height=\"1800\" loading=\"lazy\" decoding=\"async\" alt=\"Cocina con saliente\" fetchpriority=\"auto\" class=\"image ho-image\"\/>\u00a9 MIA Studio<\/p>\n<p> L\u00edneas sinuosas y distribuciones que se salen de lo establecido<\/p>\n<p id=\"evUCz39eHs\">Este oto\u00f1o-invierno, algunas cocinas rompen con lo convencional a trav\u00e9s de <a class=\"hm-link ho-link\" href=\"https:\/\/www.hola.com\/decoracion\/20230529232415\/tendencia-decorar-forma-sinuosas-am\/\" data-mrf-recirculation=\"article-body-link\" rel=\"nofollow noopener\" target=\"_blank\">l\u00edneas sinuosas y distribuciones inesperada<\/a><strong>s<\/strong> que desaf\u00edan la rigidez de los dise\u00f1os est\u00e1ndar. Las curvas suaves en encimeras, muebles e islas generan un <strong>movimiento visual\u00a0<\/strong>que aporta dinamismo y personalidad al espacio, mientras que salientes, vol\u00famenes diferenciadores o elementos integrados fuera de lo habitual convierten cada cocina en un escenario \u00fanico.\u00a0<\/p>\n<p id=\"eXoSVr687VZ\">Lejos de ser solo funcionales, estos <strong>dise\u00f1os invitan a vivir y disfrutar la cocina<\/strong> como un lugar con car\u00e1cter propio, donde cada rinc\u00f3n sorprende y conecta con quienes lo habitan. Es el caso de este proyecto de Marina Cocinas, ubicado en Bermeo (Vizcaya). La distribuci\u00f3n del espacio destinado a la cocina es alargada y se aprovecha al m\u00e1ximo con una distribuci\u00f3n en \u201cL\u201d tradicional, pero con un detalle que maximiza su funcionalidad: un peque\u00f1o saliente triangular que sirve a modo de pen\u00ednsula. Este saliente aporta superficie extra de encimera en la cocina, lo que aumenta la zona de trabajo y permite crear una barra con taburetes. Cocina de Leicht y encimera de Levantina. Taburetes de Artisan.\u00a0<\/p>\n<p>710<\/p>\n<p>  <img src=\"https:\/\/www.europesays.com\/es\/wp-content\/uploads\/2025\/10\/f6082a663927-proyecto-de-marta-castellano-mas-foto-davide-pellegrini-01.jpg\"   width=\"1080\" height=\"1800\" loading=\"lazy\" decoding=\"async\" alt=\"Cocina original\" fetchpriority=\"auto\" class=\"image ho-image\"\/>\u00a9 Davide Pellegrini<\/p>\n<p> Mirar hacia la zona alta de la cocina<\/p>\n<p id=\"e_y1BH8Om1\">Los <a class=\"hm-link ho-link\" href=\"https:\/\/www.hola.com\/decoracion\/20220909216230\/ideas-decoracion-aprovechar-techo-alto-am\/\" data-mrf-recirculation=\"article-body-link\" rel=\"nofollow noopener\" target=\"_blank\">techos altos y las zonas elevadas de la cocina<\/a> cobran protagonismo, convirti\u00e9ndose en un <strong>elemento de dise\u00f1o que aporta sensaci\u00f3n de amplitud y dramatismo<\/strong>. Campanas que caen como esculturas funcionales, estanter\u00edas suspendidas con plantas o accesorios decorativos, y luminarias que cuelgan generando juego de alturas, transforman la parte superior de la cocina en un espacio con vida propia. \u00bfInstalaciones a la vista? As\u00ed, incluso los rincones m\u00e1s altos se convierten en protagonistas, <strong>aportando verticalidad, dinamismo y un aire de sofisticaci\u00f3n<\/strong>, como sucede en este proyecto de Marta Castellano-Mas.<\/p>\n<p>810<\/p>\n<p>  <img src=\"https:\/\/www.europesays.com\/es\/wp-content\/uploads\/2025\/10\/1adcb9c9ada6-sapienstonefior-di-viola-4d2.jpg\"   width=\"1920\" height=\"1080\" loading=\"lazy\" decoding=\"async\" alt=\"Cocina elegante con isla\" fetchpriority=\"auto\" class=\"image ho-image\"\/>\u00a9 Sapienstone\/Cupa Stone<\/p>\n<p> La luz como ingrediente esencial<\/p>\n<p id=\"eLFbpTcyFSF\">Si hay algo que define <a class=\"hm-link ho-link\" href=\"https:\/\/www.hola.com\/decoracion\/20250811847835\/iluminacion-cocina-diseno-luz-consejos-expertos\/\" data-mrf-recirculation=\"article-body-link\" rel=\"nofollow noopener\" target=\"_blank\">una cocina bien resuelta es la luz<\/a>. La <strong>entrada de luz natural<\/strong> no solo transforma la est\u00e9tica, tambi\u00e9n influye en el \u00e1nimo y en la forma de disfrutarla. Ventanales, tragaluces o conexiones con el exterior multiplican la sensaci\u00f3n de amplitud y bienestar. En un escenario as\u00ed, las texturas y matices de los materiales se ven a\u00fan m\u00e1s. En la imagen, revestimiento de la original isla central, de grandes dimensiones, de Sapienstone, distribuido en Espa\u00f1a por Cupa Stone. Las prestaciones de Sapienstone le permiten ser colocado en suelo o pared para conseguir un efecto total de integraci\u00f3n en el espacio.\u00a0<\/p>\n<p>910<\/p>\n<p>  <img src=\"https:\/\/www.europesays.com\/es\/wp-content\/uploads\/2025\/10\/c836984368fb-mobalpa-ambiente-cozy-1.jpg\"   width=\"1920\" height=\"1080\" loading=\"lazy\" decoding=\"async\" alt=\"Cocina \" fetchpriority=\"auto\" class=\"image ho-image\"\/>\u00a9 Mobalpa<\/p>\n<p> Muebles integrados que esconden tecnolog\u00eda<\/p>\n<p id=\"eUELBD5fsU\">Tambi\u00e9n como tendencia, las cocinas buscan no dejarse ver. Esto significa que cada vez <strong>ocultan m\u00e1s que son una cocin<\/strong><strong>a<\/strong>. Est\u00e1 relacionado con el hecho de que cada vez <a class=\"hm-link ho-link\" href=\"https:\/\/www.hola.com\/decoracion\/20250401823499\/cocinas-estilo-buenas-ideas-para-copiar-lm\/\" data-mrf-recirculation=\"article-body-link\" rel=\"nofollow noopener\" target=\"_blank\">se conectan m\u00e1s las cocinas con el sal\u00f3n o el comedor<\/a>. Y se tiende a ocultar en armarios los electrodom\u00e9sticos, <strong>manteniendo la est\u00e9tica limpia sin renunciar a la funcionalidad.<\/strong> Pero tambi\u00e9n con encimeras sin grifos porque se ocultan debajo de la encimera, sin placas de cocci\u00f3n porque son invisibles, sin campanas a la vista, sin enchufes\u2026 Cocina dise\u00f1ada por Mobalpa.<\/p>\n<p>1010<\/p>\n<p>  <img src=\"https:\/\/www.europesays.com\/es\/wp-content\/uploads\/2025\/10\/19a0f5741daa-cristina-goleman-eva-3.jpg\"   width=\"1920\" height=\"1080\" loading=\"lazy\" decoding=\"async\" alt=\"Cocina con barra con taburetes\" fetchpriority=\"auto\" class=\"image ho-image\"\/>\u00a9 CRISTINA GOLEMAN<\/p>\n<p> Romper con originalidad lo convencional<\/p>\n<p id=\"eAycRDo1_1\"><strong>Dar personalidad a un elemento t\u00edpico de la cocina<\/strong> puede transformar por completo el espacio y marcar la diferencia frente a una distribuci\u00f3n convencional. Una <a class=\"hm-link ho-link\" href=\"https:\/\/www.hola.com\/decoracion\/20250212812919\/isla-barra-cocina-pros-contras\/\" data-mrf-recirculation=\"article-body-link\" rel=\"nofollow noopener\" target=\"_blank\">barra rematada en curva<\/a>, una pata de isla con dise\u00f1o escult\u00f3rico o un taburete llamativo act\u00faan como puntos focales que aportan car\u00e1cter y sorpresa, demostrando que incluso los <strong>detalles m\u00e1s cotidianos pueden convertirse en protagonistas<\/strong>. Son peque\u00f1os gestos de creatividad que rompen la rutina visual y convierten la cocina en un espacio \u00fanico, donde cada elecci\u00f3n refleja estilo y audacia. Este proyecto es un ejemplo. Lo firma Taff Estudio.<\/p>\n","protected":false},"excerpt":{"rendered":"Si algo ha quedado claro en los \u00faltimos a\u00f1os es que la cocina ha dejado de ser un&hellip;\n","protected":false},"author":2,"featured_media":191155,"comment_status":"","ping_status":"","sticky":false,"template":"","format":"standard","meta":{"footnotes":""},"categories":[173],"tags":[229,233,231,230,8372,15798,232,253,234,146,147,25,24,53438,23,15718],"class_list":{"0":"post-191154","1":"post","2":"type-post","3":"status-publish","4":"format-standard","5":"has-post-thumbnail","7":"category-arte-y-diseno","8":"tag-arte","9":"tag-arte-y-diseno","10":"tag-arts","11":"tag-arts-and-design","12":"tag-decoracion","13":"tag-decoracion-cocinas","14":"tag-design","15":"tag-discover","16":"tag-diseno","17":"tag-entertainment","18":"tag-entretenimiento","19":"tag-es","20":"tag-espana","21":"tag-muebles-de-cocina","22":"tag-spain","23":"tag-tendencias-decoracion"},"share_on_mastodon":{"url":"https:\/\/pubeurope.com\/@es\/115411326599996111","error":""},"_links":{"self":[{"href":"https:\/\/www.europesays.com\/es\/wp-json\/wp\/v2\/posts\/191154","targetHints":{"allow":["GET"]}}],"collection":[{"href":"https:\/\/www.europesays.com\/es\/wp-json\/wp\/v2\/posts"}],"about":[{"href":"https:\/\/www.europesays.com\/es\/wp-json\/wp\/v2\/types\/post"}],"author":[{"embeddable":true,"href":"https:\/\/www.europesays.com\/es\/wp-json\/wp\/v2\/users\/2"}],"replies":[{"embeddable":true,"href":"https:\/\/www.europesays.com\/es\/wp-json\/wp\/v2\/comments?post=191154"}],"version-history":[{"count":0,"href":"https:\/\/www.europesays.com\/es\/wp-json\/wp\/v2\/posts\/191154\/revisions"}],"wp:featuredmedia":[{"embeddable":true,"href":"https:\/\/www.europesays.com\/es\/wp-json\/wp\/v2\/media\/191155"}],"wp:attachment":[{"href":"https:\/\/www.europesays.com\/es\/wp-json\/wp\/v2\/media?parent=191154"}],"wp:term":[{"taxonomy":"category","embeddable":true,"href":"https:\/\/www.europesays.com\/es\/wp-json\/wp\/v2\/categories?post=191154"},{"taxonomy":"post_tag","embeddable":true,"href":"https:\/\/www.europesays.com\/es\/wp-json\/wp\/v2\/tags?post=191154"}],"curies":[{"name":"wp","href":"https:\/\/api.w.org\/{rel}","templated":true}]}}