{"id":191160,"date":"2025-10-21T09:00:12","date_gmt":"2025-10-21T09:00:12","guid":{"rendered":"https:\/\/www.europesays.com\/es\/191160\/"},"modified":"2025-10-21T09:00:12","modified_gmt":"2025-10-21T09:00:12","slug":"gaza-es-un-pequeno-pedazo-de-tierra-junto-al-mar-por-eso-tenemos-esa-conexion-con-el-nos-hace-felices","status":"publish","type":"post","link":"https:\/\/www.europesays.com\/es\/191160\/","title":{"rendered":"Gaza es un peque\u00f1o pedazo de tierra junto al mar. Por eso tenemos esa conexi\u00f3n con \u00e9l, nos hace felices"},"content":{"rendered":"<p class=\"ft-text\">Hoy cuesta creerlo pero hace no mucho la gente era feliz en <a class=\"ft-link ft-link--decoration\" href=\"https:\/\/www.elcorreogallego.es\/tags\/gaza\/\" target=\"_blank\" rel=\"nofollow noopener\"><strong>Gaza<\/strong><\/a>. De esa transici\u00f3n desde la alegr\u00eda hasta <a class=\"ft-link ft-link--decoration\" href=\"https:\/\/www.elcorreogallego.es\/mundo\/2024\/10\/08\/matanza-israel-carniceria-gaza-francotiradores-ninos-109082879.html\" target=\"_blank\" rel=\"nofollow noopener\"><strong>las atrocidades in\u00e9ditas en la guerra moderna que han sufrido los gazat\u00edes<\/strong><\/a> trata &#8216;This is Gaza&#8217;. El documental protagonizado por el cineasta y periodista\u00a0palestino <strong>Yousef Hammash <\/strong>dio ayer inicio a la XXIII edici\u00f3n del<strong> <\/strong><a class=\"ft-link ft-link--decoration\" href=\"https:\/\/www.elcorreogallego.es\/santiago\/2025\/10\/14\/amal-foco-palestina-cine-santiago-teatro-principal-122581480.html\" target=\"_blank\" rel=\"nofollow noopener\"><strong>Festival AMAL<\/strong><\/a>, que se celebra esta semana en <strong>Santiago<\/strong> con el foco sobre la Franja y el objetivo de que el p\u00fablico entienda el conflicto. Las grabaciones fueron realizadas durante los seis primeros meses de guerra por el propio Yousef,\u00a0premio BATFA 2024 entre otros reconocimientos por su trabajo period\u00edstico. Entrevistamos a este cineasta gazat\u00ed para desgranar los aspectos menos visibles de la vida en la Franja y el sentir de los palestinos.<\/p>\n<p class=\"ft-text\"><strong>Ahora cuesta creerlo tras dos a\u00f1os de masacre y d\u00e9cadas de bloqueo pero no hace mucho la gente en Gaza era feliz. &#8216;This is Gaza&#8217; nos lo recuerda&#8230; <\/strong><\/p>\n<p class=\"ft-text\">Los palestinos llevamos viviendo siete d\u00e9cadas bajo ocupaci\u00f3n y el asedio a Gaza dura ya m\u00e1s de 18 a\u00f1os. Pero tambi\u00e9n somos dos millones de personas y contamos con nuestro mecanismo de supervivencia, que nos ayuda a buscar la felicidad. Siempre estamos hambrientos de felicidad, as\u00ed que cada vez que tenemos una oportunidad la aprovechamos pese al ciclo de violencia que sufrimos -he presenciado las guerras de 2008, 2012-2014, 2018, 2021 y la de 2023, que hizo entender al mundo que existe Gaza-, pese al bloqueo, pese a tener cuatro horas de electricidad al d\u00eda&#8230; Yo logr\u00e9 salir por primera vez de Gaza cuando ten\u00eda 32 a\u00f1os. Hasta entonces el mundo para m\u00ed eran 360 kil\u00f3metros cuadrados. El 90% de la poblaci\u00f3n nunca ha salido de la Franja. Nunca han visto un aeropuerto ni saben qu\u00e9 es un tren porque estamos cercados en ese peque\u00f1o pedazo de tierra junto al mar. Por eso tenemos esa conexi\u00f3n con el mar, que nos hace felices. Siempre he cre\u00eddo que si esta tierra no estuviera junto al mar habr\u00eda gente que se suicidar\u00eda todos los d\u00edas.<\/p>\n<p class=\"ft-text\">Es una situaci\u00f3n horrible, no solo por las guerras, sino por la vida cotidiana. Tenemos la tasa de desempleo m\u00e1s alta del planeta, el 50% de la poblaci\u00f3n depende de la ayuda humanitaria, no hay futuro y sufrimos un bloqueo total. Pero si no intent\u00e1ramos ser tan felices como podamos perder\u00edamos la cabeza. Una vez que sales de Gaza te das cuenta de que no hay ning\u00fan lugar como este y quieres volver. Por eso desde el comienzo del genocidio empujan a la gente a marcharse y nosotros nos negamos. Por esperanza.<\/p>\n<p class=\"ft-text\"><strong>Hace a\u00f1os, hablando sobre las Intifadas con un amigo palestino le coment\u00e9 la osad\u00eda de enfrentarse a blindados con piedras. \u00c9l me respondi\u00f3: \u00abLa piedra es el mensaje. Significa que nunca nos rendiremos\u00bb. \u00bfHan perdido la esperanza los palestinos? <\/strong><\/p>\n<p class=\"ft-text\">Lo que nos mantiene unidos y nos permite sobrevivir es que tenemos esperanza, pero hemos perdido la fe. La supervivencia se basa b\u00e1sicamente en la esperanza y bas\u00e1ndonos en ella construimos nuestra vida cotidiana. No puedes imaginar c\u00f3mo fue estar en Gaza durante los primeros seis meses de la guerra. Recuerdo cuando ve\u00eda las protestas en Europa y pensaba: \u00abEso es lo que estamos buscando\u00bb. La esperanza es que la pr\u00f3xima generaci\u00f3n est\u00e9 m\u00e1s informada sobre lo que pasa en Palestina. Su responsabilidad es hacia nosotros, los palestinos. Eso es esperanza. Pero hemos perdido la fe en la humanidad en su conjunto. No son los 78 a\u00f1os de ocupaci\u00f3n ni los 18 de bloqueo que hacen Gaza inhabitable, tampoco los bombardeos de cada a\u00f1o, sino el hecho de que pasamos por este horror una y otra vez. Dos a\u00f1os de genocidio continuo y muchos ni siquiera se atrev\u00edan a definirlo como tal.<\/p>\n<blockquote class=\"ft-mol-quote\" data-aida-quote=\"\"><p>Si no hay rendici\u00f3n de cuentas por Gaza suceder\u00e1 lo mismo en otras partes del mundo<\/p><\/blockquote>\n<p class=\"ft-text\">Cuando escuchas a los l\u00edderes mundiales, a la llamada comunidad internacional, cuando ves c\u00f3mo se comportan y ves lo que est\u00e1 pasando sobre el terreno pierdes definitivamente la fe. Pero no perdemos la esperanza. Es algo innato. Tengo una gran esperanza en la pr\u00f3xima generaci\u00f3n. Porque saben m\u00e1s y entienden el conflicto gracias a la tecnolog\u00eda, a las redes sociales, a las fuentes abiertas, a pesar de los esfuerzos de Israel, que impide el acceso a los periodistas internacionales, corta Internet y la electricidad para ocultar lo que est\u00e1 pasando en Gaza. No ha tenido \u00e9xito. Eso es lo que nos da esperanza, que la pr\u00f3xima generaci\u00f3n estar\u00e1 en una posici\u00f3n de tomar decisiones.<\/p>\n<p><img decoding=\"async\" src=\"https:\/\/www.europesays.com\/es\/wp-content\/uploads\/2025\/10\/522fd01c-311d-4876-8635-a04d8fa0cbbb_alta-libre-aspect-ratio_default_0.jpg\" width=\"1200\" height=\"800\" alt=\"Yousef Hammash, periodista y cineasta palestino de Gaza\" class=\"ft-helper-img-rd\" loading=\"lazy\" hasdataaida=\"true\"\/><\/p>\n<p class=\"ft-helper-fontColor-quaternary ft-helper-fontSize-body-S ft-helper-spacer-t-xxs\">Yousef Hammash, periodista y cineasta palestino de Gaza  \/ Jes\u00fas Prieto<\/p>\n<p class=\"ft-text\"><strong>\u00bfValoran entonces los palestinos las protestas en Espa\u00f1a y el resto de Europa?<\/strong><\/p>\n<p class=\"ft-text\">Al cien por cien. Y somos conscientes de la diferencia entre gobiernos y pueblo. Un ejemplo claro es cuando ves a miles de personas protestando en nuestro nombre porque tienen sentido de la humanidad. Y despu\u00e9s ves a los gobiernos armando a Israel, defendiendo a Israel de cualquier forma posible. Hay dos formas de verlo: primero, la segregaci\u00f3n entre gobiernos y pueblos y, segundo, que no somos los \u00fanicos que sufrimos una ocupaci\u00f3n. Tambi\u00e9n vosotros est\u00e1is ocupados, os guste o no. Mira c\u00f3mo influye Israel en Europa y especialmente en EEUU. El Gobierno estadounidense no hace por su pueblo lo que hace por Israel. Cuando vosotros se\u00e1is libres, como primer mundo, nosotros seremos libres. Y, de nuevo, todo se reduce a la esperanza. Si no fuera por la esperanza, \u00bfc\u00f3mo podr\u00edamos permanecer firmes como palestinos durante casi 80 a\u00f1os? Somos conscientes de la impunidad de Israel, de que nadie puede hacer nada, pero todav\u00eda podemos tener esperanza.<\/p>\n<p class=\"ft-text\"><strong>El objetivo de AMAL este a\u00f1o es que el p\u00fablico entienda el conflicto en Gaza. La sociedad espa\u00f1ola est\u00e1 tremendamente polarizada. \u00bfC\u00f3mo le explicar\u00edas la situaci\u00f3n? <\/strong><\/p>\n<p class=\"ft-text\">Despu\u00e9s del 7 de Octubre, lo primero que hizo Israel cuando anunci\u00f3 una guerra en Gaza fue advertir que no permitir\u00eda el acceso a la prensa internacional. Quer\u00edan ocultar lo que iban a hacer. A ello se suman las campa\u00f1as de desprestigio contra los periodistas palestinos y la acusaci\u00f3n sistem\u00e1tica de que los palestinos difunden noticias falsas. Recuerdo cuando un portavoz del Ej\u00e9rcito israel\u00ed tach\u00f3 de fake news un incidente que tengo registrado en mis c\u00e1maras desde tres \u00e1ngulos diferentes. Era un ni\u00f1o en llamas. Incluso inventaron ese eslogan de \u00abPallywood\u00bb. B\u00e1sicamente, intentan predicar al mundo que Israel no est\u00e1 cometiendo un genocidio. Esto carga una responsabilidad sobre los palestinos y, especialmente, los periodistas palestinos para contar la historia tal y como es. Arriesgan sus vidas cada d\u00eda. <a class=\"ft-link ft-link--decoration\" href=\"https:\/\/www.elcorreogallego.es\/mundo\/2025\/01\/26\/israel-masacra-periodistas-palestinos-aniquilar-113618989.html\" target=\"_blank\" rel=\"nofollow noopener\">M\u00e1s de 250 periodistas han sido asesinados en Gaza<\/a>. Tenemos la responsabilidad de contrarrestar esa narrativa porque llevan 80 a\u00f1os deshumanizando a los palestinos. Ahora tenemos la responsabilidad de recuperar nuestra humanidad.<\/p>\n<p class=\"ft-text\">El riesgo no solo lo corren los palestinos. Si lo que hemos visto en Gaza se permite, si no hay rendici\u00f3n de cuentas, volver\u00e1 a suceder en otros lugares del mundo. Lo primero es poner fin a todo este caos, porque es incre\u00edble que tras m\u00e1s de dos a\u00f1os el genocidio siga adelante. Pero si no hay rendici\u00f3n de cuentas ver\u00e1s lo mismo en otros lugares. Tendr\u00e1n la justificaci\u00f3n para hacerlo. Ser\u00e1 un peligro para el mundo entero.<\/p>\n<p>La programaci\u00f3n de AMAL<\/p>\n<p class=\"ft-text\">La programaci\u00f3n contar\u00e1 con cinco piezas del cine palestino, desde documentales hasta ficci\u00f3n. El martes, el p\u00fablico podr\u00e1 asistir a &#8216;Janin, Jenin&#8217;, de Mohammed Bakri, un documental sobre el regreso del autor al campo de refugiados de Jenin m\u00e1s de 20 a\u00f1os despu\u00e9s de &#8216;Jenin, Jenin&#8217;, la primera pel\u00edcula del director.<\/p>\n<p class=\"ft-text\">El mi\u00e9rcoles, los asistentes podr\u00e1n ver &#8216;The time that remains&#8217;, de Elia Suleiman. Se trata de una ficci\u00f3n que, a lo largo de cuatro episodios, cuenta como una familia palestina vive entre la creaci\u00f3n del Estado de Israel y la memoria heredada.<\/p>\n<p class=\"ft-text\">La programaci\u00f3n tambi\u00e9n cuenta con &#8216;Notes on displacement&#8217;, un documental de Khaled Jarrar que ser\u00e1 exhibido el jueves 23, que sigue a una anciana palestina en su segundo desplazamiento de Damasco a Europa, a trav\u00e9s de la ruta de los Balcanes.<\/p>\n<p class=\"ft-text\">Finalmente, el viernes 24, &#8216;The Encampments&#8217;, de Kei Pritsker y Michael T. Workman, expondr\u00e1 las protestas estudiantiles en solidaridad con Palestina en 2024.<\/p>\n<p class=\"ft-text\"><strong>Una de las grandes inc\u00f3gnitas sobre el plan de Trump es qui\u00e9n gobernar\u00e1 Gaza, qu\u00e9 papel tendr\u00e1 la Autoridad Nacional Palestina. Hablamos mucho de Ham\u00e1s pero muy poco de qu\u00e9 quieren los gazat\u00edes&#8230;<\/strong><\/p>\n<p class=\"ft-text\">Como palestino, no creo que tengamos un liderazgo decente que nos represente. Existe una gran brecha entre nuestros l\u00edderes pol\u00edticos y el pueblo. Es obvio que el liderazgo que ten\u00edamos no tiene un horizonte pol\u00edtico. No saben qu\u00e9 queremos y ellos no saben qu\u00e9 quieren. Desde 1999 no ha habido ni siquiera negociaciones. Y desde 2007 los israel\u00edes han utilizado a Ham\u00e1s como un activo en Gaza para argumentar &#8216;No tengo un socio leg\u00edtimo con quien sentarme a la mesa para buscar negociaciones&#8217;.<\/p>\n<p class=\"ft-text\">La divisi\u00f3n pol\u00edtica (entre Ham\u00e1s y la Autoridad Nacional Palestina y Fatah) tambi\u00e9n perjudic\u00f3 mucho nuestra causa como palestinos, porque se desperdiciaron a\u00f1os de esfuerzo en conflictos internos por el poder. Necesitamos personas como Marwan Barghouti, a quien llamamos el Nelson Mandela de Palestina. Tambi\u00e9n necesitamos una soluci\u00f3n que nos aleje de los pol\u00edticos corruptos y que los env\u00ede a la c\u00e1rcel.<\/p>\n","protected":false},"excerpt":{"rendered":"Hoy cuesta creerlo pero hace no mucho la gente era feliz en Gaza. De esa transici\u00f3n desde la&hellip;\n","protected":false},"author":2,"featured_media":191161,"comment_status":"","ping_status":"","sticky":false,"template":"","format":"standard","meta":{"footnotes":""},"categories":[169],"tags":[177,146,147,25,24,53447,176,1256,694,53448,195,175,76,53446,2050,23,1934],"class_list":{"0":"post-191160","1":"post","2":"type-post","3":"status-publish","4":"format-standard","5":"has-post-thumbnail","7":"category-cine","8":"tag-cine","9":"tag-entertainment","10":"tag-entretenimiento","11":"tag-es","12":"tag-espana","13":"tag-festival-amal","14":"tag-film","15":"tag-franja-de-gaza","16":"tag-gaza","17":"tag-guerra-israel-palestina","18":"tag-mar","19":"tag-movies","20":"tag-palestina","21":"tag-pedazo","22":"tag-pequeno","23":"tag-spain","24":"tag-tierra"},"share_on_mastodon":{"url":"","error":""},"_links":{"self":[{"href":"https:\/\/www.europesays.com\/es\/wp-json\/wp\/v2\/posts\/191160","targetHints":{"allow":["GET"]}}],"collection":[{"href":"https:\/\/www.europesays.com\/es\/wp-json\/wp\/v2\/posts"}],"about":[{"href":"https:\/\/www.europesays.com\/es\/wp-json\/wp\/v2\/types\/post"}],"author":[{"embeddable":true,"href":"https:\/\/www.europesays.com\/es\/wp-json\/wp\/v2\/users\/2"}],"replies":[{"embeddable":true,"href":"https:\/\/www.europesays.com\/es\/wp-json\/wp\/v2\/comments?post=191160"}],"version-history":[{"count":0,"href":"https:\/\/www.europesays.com\/es\/wp-json\/wp\/v2\/posts\/191160\/revisions"}],"wp:featuredmedia":[{"embeddable":true,"href":"https:\/\/www.europesays.com\/es\/wp-json\/wp\/v2\/media\/191161"}],"wp:attachment":[{"href":"https:\/\/www.europesays.com\/es\/wp-json\/wp\/v2\/media?parent=191160"}],"wp:term":[{"taxonomy":"category","embeddable":true,"href":"https:\/\/www.europesays.com\/es\/wp-json\/wp\/v2\/categories?post=191160"},{"taxonomy":"post_tag","embeddable":true,"href":"https:\/\/www.europesays.com\/es\/wp-json\/wp\/v2\/tags?post=191160"}],"curies":[{"name":"wp","href":"https:\/\/api.w.org\/{rel}","templated":true}]}}