{"id":191164,"date":"2025-10-21T09:02:08","date_gmt":"2025-10-21T09:02:08","guid":{"rendered":"https:\/\/www.europesays.com\/es\/191164\/"},"modified":"2025-10-21T09:02:08","modified_gmt":"2025-10-21T09:02:08","slug":"la-felicidad-reduce-el-riesgo-de-muerte-por-enfermedades-cronicas","status":"publish","type":"post","link":"https:\/\/www.europesays.com\/es\/191164\/","title":{"rendered":"La felicidad reduce el riesgo de muerte por enfermedades cr\u00f3nicas"},"content":{"rendered":"<p>As\u00ed lo sugiere una investigaci\u00f3n, publicada en la revista\u00a0Frontiers in Medicine,\u00a0dirigida por la profesora\u00a0<strong>Iulia Iuga<\/strong>, de la Universidad 1 Decembrie 1918 en Alba Iulia (Ruman\u00eda). El estudio analiza datos de 123 pa\u00edses entre 2006 y 2021.\u00a0<\/p>\n<p>El equipo ha cruzado informaci\u00f3n sobre bienestar subjetivo \u2014la\u00a0<strong>autopercepci\u00f3n de felicidad<\/strong>\u2014 con tasas de mortalidad por enfermedades no transmisibles, como cardiopat\u00edas, c\u00e1ncer, asma o diabetes, responsables del 75 % de las muertes no pand\u00e9micas en 2021.<\/p>\n<p>Los cient\u00edficos utilizaron la llamada\u00a0Escalera de la Vida, una medida del bienestar subjetivo en la que los participantes califican su vida del 0 al 10. Han descubierto que la felicidad se convierte en un activo para la salud p\u00fablica solo cuando se supera un valor de\u00a0<strong>2,7 puntos<\/strong>. Por debajo de ese umbral, las mejoras emocionales no se traducen en beneficios sanitarios significativos.<a\/><\/p>\n<p>No hay una \u201cfelicidad excesiva\u201d<\/p>\n<p>A partir de esa cifra, sin embargo, cada aumento del 1 % en la percepci\u00f3n de bienestar se asocia con una reducci\u00f3n del\u00a0<strong>0,43 %<\/strong>\u00a0en la mortalidad por enfermedades cr\u00f3nicas entre los 30 y 70 a\u00f1os. Seg\u00fan Iuga, \u201cno encontramos efectos adversos de una felicidad excesiva\u201d.<\/p>\n<p>M\u00c1S INFORMACI\u00d3N<\/p>\n<p><a target=\"_blank\" href=\"https:\/\/www.agenciasinc.es\/Noticias\/El-deterioro-de-la-salud-mental-de-los-jovenes-ha-deformado-la-joroba-de-la-infelicidad\" rel=\"noreferrer noopener nofollow\">El deterioro de la salud mental de los j\u00f3venes ha deformado la \u2018joroba de la infelicidad\u2019<\/a><\/p>\n<p><a target=\"_blank\" href=\"https:\/\/www.agenciasinc.es\/Reportajes\/Uso-excesivo-de-pantallas-una-epidemia-de-salud-mental-en-los-mas-jovenes\" rel=\"noreferrer noopener nofollow\">Uso excesivo de pantallas, una \u2018epidemia\u2019 de salud mental en los m\u00e1s j\u00f3venes<\/a><\/p>\n<p><a target=\"_blank\" href=\"https:\/\/www.agenciasinc.es\/Entrevistas\/El-envejecimiento-demografico-no-es-el-gran-motor-del-aumento-del-gasto-en-sanidad\" rel=\"noreferrer noopener nofollow\">\u201cEl envejecimiento demogr\u00e1fico no es el gran motor del aumento del gasto en sanidad\u201d<\/a><\/p>\n<p>Los pa\u00edses con puntuaciones m\u00e1s altas suelen\u00a0<strong>invertir m\u00e1s en salud<\/strong>, cuentan con sistemas de protecci\u00f3n social s\u00f3lidos y gobiernos estables. Durante el periodo analizado, la puntuaci\u00f3n media mundial fue de 5,45, con extremos entre 2,18 y 7,97.<\/p>\n<p>Los autores proponen\u00a0<strong>pol\u00edticas p\u00fablicas<\/strong>\u00a0que promuevan el bienestar colectivo \u2014desde la prevenci\u00f3n de la obesidad hasta la mejora de la calidad del aire o el acceso sanitario\u2014 como parte de una estrategia integral de salud. \u201cLa felicidad no es solo una emoci\u00f3n individual\u201d, concluye Iuga, \u201csino un recurso medible de salud p\u00fablica que puede salvar vidas\u201d.<\/p>\n<p><strong>Referencia:<\/strong><\/p>\n<p>Iulia Iuga\u00a0et al.\u00a0How Happy is Healthy Enough? Uncovering the Happiness Threshold for Global Non-Communicable Disease Prevention.\u00a0<a target=\"_blank\" href=\"http:\/\/dx.doi.org\/10.3389\/fmed.2025.1667645\" rel=\"noreferrer noopener nofollow\">Frontiers in Medicine<\/a>\u00a0(2025).<\/p>\n<p><strong>Fuente:<\/strong>\u00a0SINC<\/p>\n","protected":false},"excerpt":{"rendered":"As\u00ed lo sugiere una investigaci\u00f3n, publicada en la revista\u00a0Frontiers in Medicine,\u00a0dirigida por la profesora\u00a0Iulia Iuga, de la Universidad&hellip;\n","protected":false},"author":2,"featured_media":191165,"comment_status":"","ping_status":"","sticky":false,"template":"","format":"standard","meta":{"footnotes":""},"categories":[92],"tags":[24366,25,24,11471,165,166,23],"class_list":{"0":"post-191164","1":"post","2":"type-post","3":"status-publish","4":"format-standard","5":"has-post-thumbnail","7":"category-salud","8":"tag-enfermedades-cronicas","9":"tag-es","10":"tag-espana","11":"tag-felicidad","12":"tag-health","13":"tag-salud","14":"tag-spain"},"share_on_mastodon":{"url":"https:\/\/pubeurope.com\/@es\/115411350024602139","error":""},"_links":{"self":[{"href":"https:\/\/www.europesays.com\/es\/wp-json\/wp\/v2\/posts\/191164","targetHints":{"allow":["GET"]}}],"collection":[{"href":"https:\/\/www.europesays.com\/es\/wp-json\/wp\/v2\/posts"}],"about":[{"href":"https:\/\/www.europesays.com\/es\/wp-json\/wp\/v2\/types\/post"}],"author":[{"embeddable":true,"href":"https:\/\/www.europesays.com\/es\/wp-json\/wp\/v2\/users\/2"}],"replies":[{"embeddable":true,"href":"https:\/\/www.europesays.com\/es\/wp-json\/wp\/v2\/comments?post=191164"}],"version-history":[{"count":0,"href":"https:\/\/www.europesays.com\/es\/wp-json\/wp\/v2\/posts\/191164\/revisions"}],"wp:featuredmedia":[{"embeddable":true,"href":"https:\/\/www.europesays.com\/es\/wp-json\/wp\/v2\/media\/191165"}],"wp:attachment":[{"href":"https:\/\/www.europesays.com\/es\/wp-json\/wp\/v2\/media?parent=191164"}],"wp:term":[{"taxonomy":"category","embeddable":true,"href":"https:\/\/www.europesays.com\/es\/wp-json\/wp\/v2\/categories?post=191164"},{"taxonomy":"post_tag","embeddable":true,"href":"https:\/\/www.europesays.com\/es\/wp-json\/wp\/v2\/tags?post=191164"}],"curies":[{"name":"wp","href":"https:\/\/api.w.org\/{rel}","templated":true}]}}