{"id":191166,"date":"2025-10-21T09:03:07","date_gmt":"2025-10-21T09:03:07","guid":{"rendered":"https:\/\/www.europesays.com\/es\/191166\/"},"modified":"2025-10-21T09:03:07","modified_gmt":"2025-10-21T09:03:07","slug":"un-carrusel-de-fotos-para-un-reencuentro-familiar-entranable","status":"publish","type":"post","link":"https:\/\/www.europesays.com\/es\/191166\/","title":{"rendered":"un carrusel de fotos para \u00abun reencuentro familiar entra\u00f1able\u00bb"},"content":{"rendered":"<p style=\"\"><a href=\"https:\/\/www.abc.es\/gente\/vida-personal-stella-carmen-hija-antonio-banderas-20251018100000-nt.html\" target=\"_self\" data-voc-vtm-id=\"in-text-traffic\" title=\"Stella del Carmen\" data-mrf-link=\"www.abc.es\" rel=\"nofollow noopener\">Stella del Carmen<\/a> y <a href=\"https:\/\/www.abc.es\/gente\/lista-invitados-boda-stella-banderas-alex-gruszynski-20251018111036-nt.html\" target=\"_self\" data-voc-vtm-id=\"in-text-traffic\" title=\"Alex Gruszynski\" data-mrf-link=\"www.abc.es\" rel=\"nofollow noopener\">Alex Gruszynski<\/a> son marido y mujer desde el s\u00e1bado y ahora ha llegado <strong>ese momento cl\u00e1sico<\/strong> tras una boda en el que se asientan las emociones y, desde el cansancio, afloran los sentimientos. Es lo que le ha  &#8230; pasado a <a href=\"https:\/\/www.abc.es\/espana\/castilla-leon\/antonio-banderas-brinda-felicidad-hija-stella-desvela-20251019093614-nt.html\" target=\"_self\" data-voc-vtm-id=\"in-text-traffic\" title=\"Antonio Banderas\" data-mrf-link=\"www.abc.es\" rel=\"nofollow noopener\">Antonio Banderas<\/a>, quien ha publicado en sus redes sociales un <strong>emotivo carrusel de im\u00e1genes con su hija<\/strong> y una dedicatoria muy especial.<\/p>\n<p class=\"voc-p\" style=\"\">La boda dio para mucho en la previa y sigue ofreciendo m\u00e1s cosas ya en sus coletazos finales.<strong> Mucho se habl\u00f3 de la familia en la v\u00edspera<\/strong> y ahora, pasados los d\u00edas, van ofreci\u00e9ndose a cuentagotas diversos detalles de la boda, desarrollada bajo la m\u00e1s estricta intimidad y caracterizada por las <strong>fuertes medidas de seguridad<\/strong>. De hecho, nadie puede asegurar siquiera a ciencia cierta que <a href=\"https:\/\/www.abc.es\/gente\/tensiones-antonio-banderas-melanie-griffith-boda-stella-20251020111951-nt.html\" target=\"_self\" data-voc-vtm-id=\"in-text-traffic\" title=\"Melanie Griffith\" data-mrf-link=\"www.abc.es\" rel=\"nofollow noopener\">Melanie Griffith<\/a> estuvo porque nadie la ha visto en foto alguna, aunque se asegura que s\u00ed acudi\u00f3.<\/p>\n<p class=\"voc-p\" style=\"\">Para el evento, la pareja eligi\u00f3 <strong>la exclusiva Abad\u00eda San Mar\u00eda de Retuerta<\/strong>, en la localidad vallisoletana de Sard\u00f3n de Duero, dentro de un municipio que apenas cuenta con solo 600 habitantes y localizado a dos horas en coche de Madrid. Todo un b\u00fanker que ha permitido a la familia dominar el mensaje; es decir, qu\u00e9 se transmite y qu\u00e9 no.<\/p>\n<p>\nFotos y recuerdos\n<\/p>\n<p class=\"voc-p\" style=\"\">Antonio Banderas tuvo la gran deferencia de salir a brindar junto a fot\u00f3grafos y reporteros que hac\u00eda guardia en las cercan\u00edas del recinto. Todo un gesto. Y ahora ha sido tambi\u00e9n \u00e9l quien ha abierto <strong>su \u00e1lbum de fotograf\u00edas<\/strong> para subir a sus redes sociales un emocionado carrusel de instant\u00e1neas junto a Stella del Carmen.<\/p>\n<p class=\"voc-p\" style=\"\">Para el int\u00e9rprete espa\u00f1ol, fue un d\u00eda que no olvidar\u00e1, y as\u00ed lo ha expresado en sus redes sociales. Tras abandonar Valladolid en su jet privado, Antonio Banderas ha querido dejar de manifiesto la excelente relaci\u00f3n que tiene con su hija y ha escrito: \u00abLa boda de mi hija Stella se ha convertido en <strong>u<\/strong><strong>n reencuentro familiar entra\u00f1able, emocionante, divertido y lleno de alegr\u00eda<\/strong>. Gracias a toda la gente que ha hecho que esto sea posible\u00bb.<\/p>\n<p class=\"voc-p\" style=\"\">Junto al texto, Antonio Banderas ha incluido un ampl\u00edsimo carrusel de im\u00e1genes en las que se ve al actor junto a su hija en <strong>varios momentos de su vida<\/strong>, desde la ni\u00f1ez a la propia boda. Aparecen en una piscina, en la monta\u00f1a, en una entrega de premios&#8230; Tambi\u00e9n hay fotos de Alex Gruszynski, el marido de su hija, aunque ha llamado la atenci\u00f3n que entre el carrusel no se haya incluido ninguna instant\u00e1nea <strong>ni referencia a Malenie Griffith<\/strong>.<\/p>\n<p>\nSharon Stone, Paloma Cuevas, Eva Gonz\u00e1lez&#8230;\n<\/p>\n<p class=\"voc-p\" style=\"\">Naturalmente, la publicaci\u00f3n se ha llenado de comentarios de amigos y seguidores, incluidos numerosos rostros famosos, que han felicitado a la familia por el feliz enlace. Por ejemplo, la actriz <strong>S<\/strong><strong>haron Stone ha sido la primera en comentar<\/strong> y ha incluido varios emoticonos con ojos de corazones. \u00abToda la felicidad del Universo\u00bb, ha escrito la modelo y presentadora Eva Gonz\u00e1lez. Paloma Cuevas ha publicado: \u00abQu\u00e9 maravilla de hija es Stella!!!\u00bb. Y muchos m\u00e1s.<\/p>\n<p class=\"voc-p\" style=\"\">Entre las fotograf\u00edas tambi\u00e9n se ha incluido <strong>el brindis del propio Antonio Banderas<\/strong> con la prensa, cuando dijo: \u00abHa sido muy bonito y emocionante y estamos muy contentos. Ha habido muchas lagrimillas porque ha sido una relaci\u00f3n muy larga, de 25 a\u00f1os\u00bb.<\/p>\n","protected":false},"excerpt":{"rendered":"Stella del Carmen y Alex Gruszynski son marido y mujer desde el s\u00e1bado y ahora ha llegado ese&hellip;\n","protected":false},"author":2,"featured_media":191167,"comment_status":"","ping_status":"","sticky":false,"template":"","format":"standard","meta":{"footnotes":""},"categories":[91],"tags":[1247,15601,14750,12209,12927,146,50001,147,25,24,17002,1016,6552,20070,23,15736],"class_list":{"0":"post-191166","1":"post","2":"type-post","3":"status-publish","4":"format-standard","5":"has-post-thumbnail","7":"category-entretenimiento","8":"tag-antonio","9":"tag-banderas","10":"tag-carmen","11":"tag-carrusel","12":"tag-emocionado","13":"tag-entertainment","14":"tag-entranable","15":"tag-entretenimiento","16":"tag-es","17":"tag-espana","18":"tag-familiar","19":"tag-fotos","20":"tag-homenaje","21":"tag-reencuentro","22":"tag-spain","23":"tag-stella"},"share_on_mastodon":{"url":"https:\/\/pubeurope.com\/@es\/115411354381283278","error":""},"_links":{"self":[{"href":"https:\/\/www.europesays.com\/es\/wp-json\/wp\/v2\/posts\/191166","targetHints":{"allow":["GET"]}}],"collection":[{"href":"https:\/\/www.europesays.com\/es\/wp-json\/wp\/v2\/posts"}],"about":[{"href":"https:\/\/www.europesays.com\/es\/wp-json\/wp\/v2\/types\/post"}],"author":[{"embeddable":true,"href":"https:\/\/www.europesays.com\/es\/wp-json\/wp\/v2\/users\/2"}],"replies":[{"embeddable":true,"href":"https:\/\/www.europesays.com\/es\/wp-json\/wp\/v2\/comments?post=191166"}],"version-history":[{"count":0,"href":"https:\/\/www.europesays.com\/es\/wp-json\/wp\/v2\/posts\/191166\/revisions"}],"wp:featuredmedia":[{"embeddable":true,"href":"https:\/\/www.europesays.com\/es\/wp-json\/wp\/v2\/media\/191167"}],"wp:attachment":[{"href":"https:\/\/www.europesays.com\/es\/wp-json\/wp\/v2\/media?parent=191166"}],"wp:term":[{"taxonomy":"category","embeddable":true,"href":"https:\/\/www.europesays.com\/es\/wp-json\/wp\/v2\/categories?post=191166"},{"taxonomy":"post_tag","embeddable":true,"href":"https:\/\/www.europesays.com\/es\/wp-json\/wp\/v2\/tags?post=191166"}],"curies":[{"name":"wp","href":"https:\/\/api.w.org\/{rel}","templated":true}]}}