{"id":191178,"date":"2025-10-21T09:09:10","date_gmt":"2025-10-21T09:09:10","guid":{"rendered":"https:\/\/www.europesays.com\/es\/191178\/"},"modified":"2025-10-21T09:09:10","modified_gmt":"2025-10-21T09:09:10","slug":"once-entrenadores-navarros-complementan-su-formacion-en-croacia","status":"publish","type":"post","link":"https:\/\/www.europesays.com\/es\/191178\/","title":{"rendered":"Once entrenadores navarros complementan su formaci\u00f3n en Croacia"},"content":{"rendered":"<p>\n        Un grupo de<strong> once entrenadores navarros<\/strong> ha completado una semana de formaci\u00f3n en <strong>Prelog (Croacia)<\/strong> dentro del programa<strong> Erasmus+<\/strong>, impulsado por la <strong>Federaci\u00f3n Navarra de Balonmano (FNBM)<\/strong> en colaboraci\u00f3n con la<strong> Federaci\u00f3n de Balonmano de Zagreb<\/strong>.\n<\/p>\n<p class=\"article-body__text \">\n        Durante esta estancia, los t\u00e9cnicos han participado en un <strong>programa intensivo<\/strong> de formaci\u00f3n y convivencia internacional con ponencias, entrenamientos, visitas a clubes y actividades culturales, en<strong> el marco de un intercambio <\/strong>que ha buscado fomentar el aprendizaje compartido y la mejora continua del <strong>cuerpo t\u00e9cnico navarro.<\/strong>\n<\/p>\n<p class=\"article-body__text \">\n        El programa comenz\u00f3 con una charla inaugural a cargo de <strong>Nenad Sostaric<\/strong>, exseleccionador absoluto femenino de Croacia, y la asistencia al entrenamiento de la Selecci\u00f3n Croata Femenina U20. En los d\u00edas siguientes, los entrenadores pudieron asistir a<strong> ponencias sobre sistemas defensivos 3:2:1<\/strong>, contraataque y repliegue, y preparaci\u00f3n f\u00edsica con<strong> Pero Kuterovac<\/strong>, adem\u00e1s de observar sesiones de entrenamiento de las selecciones U18 y U20 femeninas croatas.\n<\/p>\n<p class=\"article-photo__footer\">\n            En uno de los encuentros con equipos del pa\u00eds.            Cedida        <\/p>\n<p class=\"article-body__text \">\n        El grupo tambi\u00e9n visit\u00f3 clubes de referencia como<strong> ZRK Zrinski, RK Zagreb y Alba Sz\u00e9kesfeh\u00e9rv\u00e1r (Hungr\u00eda<\/strong>), asistiendo incluso a un partido de la Liga de Campeones entre RK Zagreb y GOG. Las jornadas se completaron con actividades culturales en <strong>\u010cAkovec, Ludbreg, Vara\u017edin y Zagreb<\/strong>, permitiendo conocer de cerca la estructura deportiva y social del balonmano croata.\n<\/p>\n<p class=\"article-body__text \">\n        \u201cHa sido <strong>una experiencia enriquecedora <\/strong>tanto en lo profesional como en lo personal. Hemos aprendido de t\u00e9cnicos de primer nivel y comprobado<strong> c\u00f3mo se trabaja el balonmano <\/strong>en un pa\u00eds referente a nivel internacional\u201d, destacan desde la direcci\u00f3n t\u00e9cnica de la Federaci\u00f3n Navarra de Balonmano.\n<\/p>\n<p class=\"article-body__text \">\n        Con esta iniciativa, <strong>la FNBM reafirma su compromiso con la formaci\u00f3n continua<\/strong> y el intercambio internacional dentro del programa Erasmus+, consolidando<strong> una red europea<\/strong> de colaboraci\u00f3n que promueve el desarrollo del balonmano y el crecimiento de sus profesionales.<\/p>\n","protected":false},"excerpt":{"rendered":"Un grupo de once entrenadores navarros ha completado una semana de formaci\u00f3n en Prelog (Croacia) dentro del programa&hellip;\n","protected":false},"author":2,"featured_media":191179,"comment_status":"","ping_status":"","sticky":false,"template":"","format":"standard","meta":{"footnotes":""},"categories":[278],"tags":[376,53453,168,1539,25,24,7214,375,29385,531,23,167],"class_list":{"0":"post-191178","1":"post","2":"type-post","3":"status-publish","4":"format-standard","5":"has-post-thumbnail","7":"category-balonmano","8":"tag-balonmano","9":"tag-complementan","10":"tag-deportes","11":"tag-entrenadores","12":"tag-es","13":"tag-espana","14":"tag-formacion","15":"tag-handball","16":"tag-navarros","17":"tag-once","18":"tag-spain","19":"tag-sports"},"share_on_mastodon":{"url":"https:\/\/pubeurope.com\/@es\/115411377461431942","error":""},"_links":{"self":[{"href":"https:\/\/www.europesays.com\/es\/wp-json\/wp\/v2\/posts\/191178","targetHints":{"allow":["GET"]}}],"collection":[{"href":"https:\/\/www.europesays.com\/es\/wp-json\/wp\/v2\/posts"}],"about":[{"href":"https:\/\/www.europesays.com\/es\/wp-json\/wp\/v2\/types\/post"}],"author":[{"embeddable":true,"href":"https:\/\/www.europesays.com\/es\/wp-json\/wp\/v2\/users\/2"}],"replies":[{"embeddable":true,"href":"https:\/\/www.europesays.com\/es\/wp-json\/wp\/v2\/comments?post=191178"}],"version-history":[{"count":0,"href":"https:\/\/www.europesays.com\/es\/wp-json\/wp\/v2\/posts\/191178\/revisions"}],"wp:featuredmedia":[{"embeddable":true,"href":"https:\/\/www.europesays.com\/es\/wp-json\/wp\/v2\/media\/191179"}],"wp:attachment":[{"href":"https:\/\/www.europesays.com\/es\/wp-json\/wp\/v2\/media?parent=191178"}],"wp:term":[{"taxonomy":"category","embeddable":true,"href":"https:\/\/www.europesays.com\/es\/wp-json\/wp\/v2\/categories?post=191178"},{"taxonomy":"post_tag","embeddable":true,"href":"https:\/\/www.europesays.com\/es\/wp-json\/wp\/v2\/tags?post=191178"}],"curies":[{"name":"wp","href":"https:\/\/api.w.org\/{rel}","templated":true}]}}