{"id":191188,"date":"2025-10-21T09:18:15","date_gmt":"2025-10-21T09:18:15","guid":{"rendered":"https:\/\/www.europesays.com\/es\/191188\/"},"modified":"2025-10-21T09:18:15","modified_gmt":"2025-10-21T09:18:15","slug":"giro-significativo-en-el-posible-regreso-de-soumare-al-sevilla","status":"publish","type":"post","link":"https:\/\/www.europesays.com\/es\/191188\/","title":{"rendered":"Giro significativo en el posible regreso de Soumar\u00e9 al Sevilla"},"content":{"rendered":"<p class=\"parrafo\">Antonio Cord\u00f3n, en su rueda de prensa por el cierre del mercado estival, <strong>dej\u00f3 abierta la puerta a fichajes en enero <\/strong>al asegurar que hab\u00edan guardado un remanente para apuntalar la plantilla en la posici\u00f3n que fuera m\u00e1s perentorio en la siguiente ventana, En este sentido, se refer\u00eda principalmente al centro del campo una vez que se frustr\u00f3 a \u00faltima hora la incorporaci\u00f3n de Amrabat por el movimiento del Betis y se qued\u00f3 con la intenci\u00f3n de reforzarla m\u00e1s all\u00e1 de la llegada de Batista Mendy.<\/p>\n<p>El regreso de Soumar\u00e9 al Sevilla entra en escena<\/p>\n<p class=\"parrafo\">Dentro de este contexto, d\u00edas atr\u00e1s, con informaciones llegadas desde Italia, m\u00e1s concretamente de Sport Mediaset, <strong>apareci\u00f3 en la \u00f3rbita del Sevilla un viejo conocido que cuadrar\u00eda en los planes tanto econ\u00f3micos como deportivo <\/strong>de los nervionenses.<\/p>\n<p><a class=\"elementos-rel-t2\" href=\"https:\/\/www.estadiodeportivo.com\/futbol\/sevilla-fc\/soumare-fichaje-prioritario-para-aficion-del-sevilla-20251017-516751.html\" title=\"Soumar\u00e9, un fichaje prioritario para la afici\u00f3n del Sevilla\" rel=\"nofollow noopener\" target=\"_blank\">Soumar\u00e9, un fichaje prioritario para la afici\u00f3n del Sevilla<img decoding=\"async\" src=\"https:\/\/www.europesays.com\/es\/wp-content\/uploads\/2025\/10\/3e53efb3-f027-48fb-977b-3b664cb3762e_320x180.jpeg\" alt=\"Soumar\u00e9, un fichaje prioritario para la afici\u00f3n del Sevilla\"\/><\/a><a class=\"elementos-rel-t2\" href=\"https:\/\/www.estadiodeportivo.com\/futbol\/sevilla-fc\/regreso-soumare-alcance-del-sevilla-20251015-516536.html\" title=\"El regreso de Soumar\u00e9, al alcance del Sevilla\" rel=\"nofollow noopener\" target=\"_blank\">El regreso de Soumar\u00e9, al alcance del Sevilla<img decoding=\"async\" src=\"https:\/\/www.europesays.com\/es\/wp-content\/uploads\/2025\/10\/ccc49260-4faa-4107-bcf1-8f5ac6e75437_320x180.jpeg\" alt=\"El regreso de Soumar\u00e9, al alcance del Sevilla\"\/><\/a><a class=\"elementos-rel-t2\" href=\"https:\/\/www.estadiodeportivo.com\/futbol\/sevilla-fc\/soumare-abre-puerta-para-volver-sevilla-20250427-492444.html\" title=\"Soumar\u00e9 abre la puerta para volver al Sevilla\" rel=\"nofollow noopener\" target=\"_blank\">Soumar\u00e9 abre la puerta para volver al Sevilla<img decoding=\"async\" src=\"https:\/\/www.europesays.com\/es\/wp-content\/uploads\/2025\/10\/6c08825c-40a6-4d02-ad05-c026d0f818a6_320x180.jpeg\" alt=\"Soumar\u00e9 abre la puerta para volver al Sevilla\"\/><\/a><\/p>\n<p class=\"parrafo\"> En este sentido, dichas fuentes aseguraban que <strong>Antonio Cord\u00f3n se encuentra muy pendiente del posible regreso de Boubakary Soumar\u00e9<\/strong>, que milit\u00f3 cedido en el club de Eduardo Dato en la 23\/24 y dej\u00f3 buenas sensaciones. La intenci\u00f3n de V\u00edctor Orta en su momento fue retenerle, pero la opci\u00f3n de compra, de 15 millones, era inalcanzable y coincidi\u00f3, adem\u00e1s, con el ascenso del Leicester.<\/p>\n<p class=\"parrafo\">Sin embargo, las circunstancias a d\u00eda de hoy han cambiado, pues<strong> Soumar\u00e9 termina contrato el 30 de junio y llegar\u00eda gratis en verano o por una cantidad menor en el mercado invernal, <\/strong>muy inferior a los 12 millones de su valor de mercado. Una opci\u00f3n, la de venderlo en enero,<strong> <\/strong>que no descartan los Foxes, descendidos nuevamente el curso pasado, pues ser\u00e1 la \u00faltima oportunidad de hacer caja con su traspaso, y que, en cierto modo, <strong>ha ganado fuerza en las \u00faltimas semanas.<\/strong><\/p>\n<p><img decoding=\"async\" src=\"https:\/\/www.europesays.com\/es\/wp-content\/uploads\/2025\/10\/b470ea53-db0d-45d0-abdc-812a605cb432_800x533.jpeg\" loading=\"lazy\"\/><\/p>\n<p class=\"parrafo\">Y es que, hasta hace menos de un mes, p<strong>arec\u00eda muy complicado que se marchara en enero <\/strong>al ser intocable en los planes del t\u00e9cnico Mart\u00ed Cifuentes, pues lo hab\u00eda jugado absolutamente todo a excepci\u00f3n de 45 minutos contra el Oxford United. Sin embargo, en el \u00faltimo partido de septiembre se qued\u00f3 sin pisar el c\u00e9sped ante el Wrexham y <strong>no ha vuelto a ser titular, disputando cuatro minutos contra el Swansea, y 18 el pasado s\u00e1bado contra el Portsmouth,<\/strong> lo que supone <strong>un sospechoso giro en la situaci\u00f3n del franc\u00e9s <\/strong>en la hoja de ruta del Leicester ante el inter\u00e9s de clubes como<strong> Sevilla, Monaco o Roma.<\/strong><\/p>\n<p>Momento clave para conocer la situaci\u00f3n real de Soumar\u00e9<strong> <\/strong><\/p>\n<p class=\"parrafo\">Los Foxes juegan esta noche contra el Hull City, a partir de las 20:45 horas, y <strong>ser\u00e1 interesante descubrir si esa tendencia significativa como suplente contin\u00faa <\/strong>o, si de lo contrario, vuelve a a titularidad.<\/p>\n<p><img decoding=\"async\" src=\"https:\/\/www.europesays.com\/es\/wp-content\/uploads\/2025\/10\/6e3f15ba-eb84-49ef-9059-44932e11b2ab_800x533.jpeg\" loading=\"lazy\"\/><\/p>\n<p class=\"parrafo\">L\u00f3gicamente, <strong>para el Sevilla,<\/strong> aunque disponga del remanente antes citado,<strong> resultar\u00eda mucho complicado firmarlo en enero<\/strong> con el consecuente desembolso por el traspaso y la elevada ficha del franc\u00e9s, que cobra cinco millones de euros y que tendr\u00eda que realizar un esfuerzo para cuadrar en el margen salarial de los nervionenses. En verano, gratis, ser\u00eda m\u00e1s factible.<\/p>\n","protected":false},"excerpt":{"rendered":"Antonio Cord\u00f3n, en su rueda de prensa por el cierre del mercado estival, dej\u00f3 abierta la puerta a&hellip;\n","protected":false},"author":2,"featured_media":191189,"comment_status":"","ping_status":"","sticky":false,"template":"","format":"standard","meta":{"footnotes":""},"categories":[268],"tags":[53457,168,25,24,284,280,282,53458,2993,281,23,167],"class_list":{"0":"post-191188","1":"post","2":"type-post","3":"status-publish","4":"format-standard","5":"has-post-thumbnail","7":"category-futbol","8":"tag-boubakary-soumare","9":"tag-deportes","10":"tag-es","11":"tag-espana","12":"tag-estadio-deportivo","13":"tag-football","14":"tag-futbol","15":"tag-leicester-city","16":"tag-sevilla-futbol-club","17":"tag-soccer","18":"tag-spain","19":"tag-sports"},"share_on_mastodon":{"url":"https:\/\/pubeurope.com\/@es\/115411413173390655","error":""},"_links":{"self":[{"href":"https:\/\/www.europesays.com\/es\/wp-json\/wp\/v2\/posts\/191188","targetHints":{"allow":["GET"]}}],"collection":[{"href":"https:\/\/www.europesays.com\/es\/wp-json\/wp\/v2\/posts"}],"about":[{"href":"https:\/\/www.europesays.com\/es\/wp-json\/wp\/v2\/types\/post"}],"author":[{"embeddable":true,"href":"https:\/\/www.europesays.com\/es\/wp-json\/wp\/v2\/users\/2"}],"replies":[{"embeddable":true,"href":"https:\/\/www.europesays.com\/es\/wp-json\/wp\/v2\/comments?post=191188"}],"version-history":[{"count":0,"href":"https:\/\/www.europesays.com\/es\/wp-json\/wp\/v2\/posts\/191188\/revisions"}],"wp:featuredmedia":[{"embeddable":true,"href":"https:\/\/www.europesays.com\/es\/wp-json\/wp\/v2\/media\/191189"}],"wp:attachment":[{"href":"https:\/\/www.europesays.com\/es\/wp-json\/wp\/v2\/media?parent=191188"}],"wp:term":[{"taxonomy":"category","embeddable":true,"href":"https:\/\/www.europesays.com\/es\/wp-json\/wp\/v2\/categories?post=191188"},{"taxonomy":"post_tag","embeddable":true,"href":"https:\/\/www.europesays.com\/es\/wp-json\/wp\/v2\/tags?post=191188"}],"curies":[{"name":"wp","href":"https:\/\/api.w.org\/{rel}","templated":true}]}}