{"id":191200,"date":"2025-10-21T09:26:13","date_gmt":"2025-10-21T09:26:13","guid":{"rendered":"https:\/\/www.europesays.com\/es\/191200\/"},"modified":"2025-10-21T09:26:13","modified_gmt":"2025-10-21T09:26:13","slug":"multitudinaria-marcha-contra-el-cancer-con-el-respaldo-masivo-de-benalup","status":"publish","type":"post","link":"https:\/\/www.europesays.com\/es\/191200\/","title":{"rendered":"Multitudinaria marcha contra el c\u00e1ncer con el respaldo masivo de Benalup"},"content":{"rendered":"<p class=\"uk-article-meta\">\n\t\tEscrito en 20 Octubre 2025.\t<\/p>\n<p>\t\t\t\t\t\t<img decoding=\"async\" class=\"uk-align-right\" src=\"https:\/\/www.europesays.com\/es\/wp-content\/uploads\/2025\/10\/marcha_cancer_25_intro.jpg\" alt=\"\"\/><\/p>\n<p>Benalup-Casas Viejas ha acogido una multitudinaria marcha contra el c\u00e1ncer justo en el d\u00eda en el que se conmemoraba el D\u00eda Mundial del C\u00e1ncer de Mama. Con salida y llegada a la plaza del antiguo Ayuntamiento, unas 400 personas han respaldado la II Marcha solidaria contra el c\u00e1ncer, con la que se pretende visibilizar la enfermedad y recaudar fondos para la Asociaci\u00f3n Benalup con el C\u00e1ncer.<\/p>\n<p>&#13;<br \/>\n &#13;<\/p>\n<p>La marcha solidaria ha sido organizada por el Ayuntamiento de Benalup-Casas Viejas y la Asociaci\u00f3n \u2018Benalup con el C\u00e1ncer\u2019, junto con el patrocinio de Aqualia que ha asumido el coste de las camisetas t\u00e9cnicas.\u00a0\u00a0<\/p>\n","protected":false},"excerpt":{"rendered":"Escrito en 20 Octubre 2025. Benalup-Casas Viejas ha acogido una multitudinaria marcha contra el c\u00e1ncer justo en el&hellip;\n","protected":false},"author":2,"featured_media":191201,"comment_status":"","ping_status":"","sticky":false,"template":"","format":"standard","meta":{"footnotes":""},"categories":[92],"tags":[39861,39864,39862,39863,25,24,165,166,23],"class_list":{"0":"post-191200","1":"post","2":"type-post","3":"status-publish","4":"format-standard","5":"has-post-thumbnail","7":"category-salud","8":"tag-ayuntamiento-de-benalup-casas-viejas","9":"tag-benalup","10":"tag-benalup-casas-viejas","11":"tag-benalup-casas-viejas-cadiz","12":"tag-es","13":"tag-espana","14":"tag-health","15":"tag-salud","16":"tag-spain"},"share_on_mastodon":{"url":"https:\/\/pubeurope.com\/@es\/115411444557480779","error":""},"_links":{"self":[{"href":"https:\/\/www.europesays.com\/es\/wp-json\/wp\/v2\/posts\/191200","targetHints":{"allow":["GET"]}}],"collection":[{"href":"https:\/\/www.europesays.com\/es\/wp-json\/wp\/v2\/posts"}],"about":[{"href":"https:\/\/www.europesays.com\/es\/wp-json\/wp\/v2\/types\/post"}],"author":[{"embeddable":true,"href":"https:\/\/www.europesays.com\/es\/wp-json\/wp\/v2\/users\/2"}],"replies":[{"embeddable":true,"href":"https:\/\/www.europesays.com\/es\/wp-json\/wp\/v2\/comments?post=191200"}],"version-history":[{"count":0,"href":"https:\/\/www.europesays.com\/es\/wp-json\/wp\/v2\/posts\/191200\/revisions"}],"wp:featuredmedia":[{"embeddable":true,"href":"https:\/\/www.europesays.com\/es\/wp-json\/wp\/v2\/media\/191201"}],"wp:attachment":[{"href":"https:\/\/www.europesays.com\/es\/wp-json\/wp\/v2\/media?parent=191200"}],"wp:term":[{"taxonomy":"category","embeddable":true,"href":"https:\/\/www.europesays.com\/es\/wp-json\/wp\/v2\/categories?post=191200"},{"taxonomy":"post_tag","embeddable":true,"href":"https:\/\/www.europesays.com\/es\/wp-json\/wp\/v2\/tags?post=191200"}],"curies":[{"name":"wp","href":"https:\/\/api.w.org\/{rel}","templated":true}]}}