{"id":191214,"date":"2025-10-21T09:33:10","date_gmt":"2025-10-21T09:33:10","guid":{"rendered":"https:\/\/www.europesays.com\/es\/191214\/"},"modified":"2025-10-21T09:33:10","modified_gmt":"2025-10-21T09:33:10","slug":"balonmano-mislata-vence-a-mostoles-y-sigue-arriba-en-la-primera-nacional-3","status":"publish","type":"post","link":"https:\/\/www.europesays.com\/es\/191214\/","title":{"rendered":"Balonmano Mislata vence a M\u00f3stoles y sigue arriba en la Primera Nacional"},"content":{"rendered":"<p class=\"ft-text ft-helper-align-justify\">El pasado fin de semana se disput\u00f3 la <a class=\"ft-link ft-link--decoration\" href=\"https:\/\/resultadosbalonmano.isquad.es\/competicion.php?seleccion=0&amp;id=1031245&amp;id_ambito=1&amp;id_territorial=9999&amp;id_superficie=1&amp;iframe=0&amp;id_categoria=2526&amp;id_competicion=209266\" rel=\"nofollow noopener\" target=\"_blank\"> Jornada 6 del Grupo E de la Primera Divisi\u00f3n Nacional<\/a> del balonmano espa\u00f1ol.<\/p>\n<p class=\"ft-text ft-helper-align-justify\"><strong>El Pabell\u00f3n La Canaleta est\u00e1 siendo inexpugnable<\/strong> para quienes lo visitan. Esta vez, fue el turno del <a class=\"ft-link ft-link--decoration\" href=\"https:\/\/www.facebook.com\/share\/r\/1CaJG1bDHS\/\" rel=\"nofollow noopener\" target=\"_blank\"><strong>Balonmano M\u00f3stoles, que cay\u00f3 por 29-24<\/strong><\/a> ante el<strong> <\/strong><a class=\"ft-link ft-link--decoration\" href=\"https:\/\/www.superdeporte.es\/tags\/club-balonmano-mislata\/\" target=\"_blank\" rel=\"nofollow noopener\"><strong>Balonmano Mislata<\/strong><\/a><a class=\"ft-link ft-link--decoration\" href=\"https:\/\/resultadosbalonmano.isquad.es\/competicion.php?seleccion=0&amp;id=1031245&amp;id_ambito=1&amp;id_territorial=9999&amp;id_superficie=1&amp;iframe=0&amp;id_categoria=2526&amp;id_competicion=209266\" rel=\"nofollow noopener\" target=\"_blank\">.<\/a> El conjunto valenciano es uno de los equipos que lidera la competici\u00f3n.<\/p>\n<p class=\"ft-text ft-helper-align-justify\"><strong>Quince minutos dur\u00f3 la paridad en el partido. Tras el 5-5 en el marcador, el Balonmano Mislata comenz\u00f3 a lograr diferencias a su favor gracias a una buena defensa, las paradas de Jorge Ferrer, primero, y H\u00e9ctor Higueruela, despu\u00e9s<\/strong>; y los<strong> aciertos ofensivos de un intratable Alberto Hern\u00e1ndez Bel,<\/strong> que anot\u00f3 4 tantos en ese pasaje del encuentro. Todo eso propici\u00f3 un c\u00f3modo 14-8 en el marcador en favor del due\u00f1o de casa.<\/p>\n<p class=\"ft-text ft-helper-align-justify\">En el complemento, el panorama no s\u00f3lo no cambi\u00f3, sino que se acentu\u00f3. Los dirigidos por <strong>Jorge Fern\u00e1ndez y Mauro Longarini<\/strong> lograron estirar la ventaja, que lleg\u00f3 a ser de nueve goles en el 26-17. <strong>Sa\u00fal Miralles estuvo imparable<\/strong>, con 7 goles, <strong>acompa\u00f1ado por Hugo Herraiz, Javier Bello y Tom\u00e1s de San Roque<\/strong>, todos con 3. En la visita, <strong>Diego Ruip\u00e9rez <\/strong>anot\u00f3 10 goles, que no fueron suficientes para su equipo. M\u00f3stoles acort\u00f3 diferencias, pero ya con el duelo decidido, que <strong>termin\u00f3 con marcador de 29-24 para los del \u00e1rea metropolitana de Valencia.<\/strong><\/p>\n<p class=\"ft-text ft-helper-align-justify\"><strong>Esta victoria ubica al <\/strong><a class=\"ft-link ft-link--decoration\" href=\"https:\/\/www.facebook.com\/balonmano.mislata\/?locale=es_ES\" rel=\"nofollow noopener\" target=\"_blank\"><strong>Balonmano Mislata<\/strong><\/a><strong> en la tercera colocaci\u00f3n de la clasificaci\u00f3n<\/strong>, <strong>2 puntos por detr\u00e1s del Balonmano Elda y 1 punto por detr\u00e1s del Balonmano \u00c1guilas<\/strong>.<\/p>\n<p class=\"ft-text ft-helper-align-justify\">La pr\u00f3xima semana,<strong> los valencianos tendr\u00e1n una dur\u00edsima parada en la pista del alicantino Handbol Sant Joan,<\/strong> cuarto clasificado y otro de los nombres fuertes de esta competici\u00f3n.<\/p>\n<p><img decoding=\"async\" src=\"https:\/\/www.europesays.com\/es\/wp-content\/uploads\/2025\/10\/538c36ac-dcbc-4b5e-92ac-195f36d093ab_alta-libre-aspect-ratio_default_0.jpg\" width=\"1200\" height=\"576\" alt=\"Resultados.\" class=\"ft-helper-img-rd\" loading=\"lazy\" hasdataaida=\"true\"\/><\/p>\n<p class=\"ft-helper-fontColor-quaternary ft-helper-fontSize-body-S ft-helper-spacer-t-xxs\">Resultados.  \/ RFEBM<\/p>\n<p class=\"ft-text ft-helper-align-justify\">El<a class=\"ft-link ft-link--decoration\" href=\"https:\/\/www.facebook.com\/cbmelcheoficial\/?locale=es_ES\" rel=\"nofollow noopener\" target=\"_blank\"> <\/a><a class=\"ft-link ft-link--decoration\" href=\"https:\/\/www.facebook.com\/cbmelcheoficial\/?locale=es_ES\" rel=\"nofollow noopener\" target=\"_blank\"><strong>Atticgo Elche<\/strong><\/a> cedi\u00f3 ante el <a class=\"ft-link ft-link--decoration\" href=\"https:\/\/www.facebook.com\/bmpuertosagunto\/?locale=es_ES\" rel=\"nofollow noopener\" target=\"_blank\"><strong>Fertiberia Puerto Sagunto<\/strong><\/a>, en un partido en el que nunca tuvo opciones de pelear los puntos.<\/p>\n","protected":false},"excerpt":{"rendered":"El pasado fin de semana se disput\u00f3 la Jornada 6 del Grupo E de la Primera Divisi\u00f3n Nacional&hellip;\n","protected":false},"author":2,"featured_media":191143,"comment_status":"","ping_status":"","sticky":false,"template":"","format":"standard","meta":{"footnotes":""},"categories":[278],"tags":[53434,376,39657,168,25,24,375,27851,28616,53435,1262,23,167,5146],"class_list":{"0":"post-191214","1":"post","2":"type-post","3":"status-publish","4":"format-standard","5":"has-post-thumbnail","7":"category-balonmano","8":"tag-arriba-en-la-primera-nacional","9":"tag-balonmano","10":"tag-club-balonmano-mislata","11":"tag-deportes","12":"tag-es","13":"tag-espana","14":"tag-handball","15":"tag-mislata","16":"tag-mostoles","17":"tag-primera-division-nacional-de-balonmano","18":"tag-sigue","19":"tag-spain","20":"tag-sports","21":"tag-vence"},"share_on_mastodon":{"url":"https:\/\/pubeurope.com\/@es\/115411472206578976","error":""},"_links":{"self":[{"href":"https:\/\/www.europesays.com\/es\/wp-json\/wp\/v2\/posts\/191214","targetHints":{"allow":["GET"]}}],"collection":[{"href":"https:\/\/www.europesays.com\/es\/wp-json\/wp\/v2\/posts"}],"about":[{"href":"https:\/\/www.europesays.com\/es\/wp-json\/wp\/v2\/types\/post"}],"author":[{"embeddable":true,"href":"https:\/\/www.europesays.com\/es\/wp-json\/wp\/v2\/users\/2"}],"replies":[{"embeddable":true,"href":"https:\/\/www.europesays.com\/es\/wp-json\/wp\/v2\/comments?post=191214"}],"version-history":[{"count":0,"href":"https:\/\/www.europesays.com\/es\/wp-json\/wp\/v2\/posts\/191214\/revisions"}],"wp:featuredmedia":[{"embeddable":true,"href":"https:\/\/www.europesays.com\/es\/wp-json\/wp\/v2\/media\/191143"}],"wp:attachment":[{"href":"https:\/\/www.europesays.com\/es\/wp-json\/wp\/v2\/media?parent=191214"}],"wp:term":[{"taxonomy":"category","embeddable":true,"href":"https:\/\/www.europesays.com\/es\/wp-json\/wp\/v2\/categories?post=191214"},{"taxonomy":"post_tag","embeddable":true,"href":"https:\/\/www.europesays.com\/es\/wp-json\/wp\/v2\/tags?post=191214"}],"curies":[{"name":"wp","href":"https:\/\/api.w.org\/{rel}","templated":true}]}}