{"id":191215,"date":"2025-10-21T09:34:13","date_gmt":"2025-10-21T09:34:13","guid":{"rendered":"https:\/\/www.europesays.com\/es\/191215\/"},"modified":"2025-10-21T09:34:13","modified_gmt":"2025-10-21T09:34:13","slug":"las-ventas-rompe-la-barrera-del-millon-y-se-consolida-como-el-corazon-mundial-de-la-tauromaquia","status":"publish","type":"post","link":"https:\/\/www.europesays.com\/es\/191215\/","title":{"rendered":"Las Ventas rompe la barrera del mill\u00f3n y se consolida como el coraz\u00f3n mundial de la tauromaquia"},"content":{"rendered":"<p>Lo que durante a\u00f1os fue un objetivo esquivo, se ha convertido en un hecho hist\u00f3rico: <strong data-start=\"1117\" data-end=\"1228\">la <a title=\"Plaza de Toros de Las Ventas\" href=\"https:\/\/www.larazon.es\/tags\/las-ventas\/\" target=\"_blank\" rel=\"nofollow noopener\">Plaza de Toros de Las Ventas<\/a> ha superado por primera vez el mill\u00f3n de espectadores en una sola temporada<\/strong>. Exactamente <strong data-start=\"1242\" data-end=\"1264\">1.008.226 entradas<\/strong> se vendieron entre marzo y octubre, en un calendario de <strong data-start=\"1321\" data-end=\"1336\">62 festejos<\/strong> que ha dejado huella en la afici\u00f3n, en los toreros y en la estad\u00edstica.<\/p>\n<p><strong data-start=\"1410\" data-end=\"1462\">Dieciocho carteles colgaron el \u201cNo hay billetes\u201d<\/strong> \u2014el triple que en 2024\u2014 y <strong data-start=\"1489\" data-end=\"1534\">30 tardes superaron los 18.000 asistentes<\/strong>, reflejo de un fen\u00f3meno que no es puntual, sino estructural. <strong data-start=\"1596\" data-end=\"1645\">La media por festejo fue de 16.261 asistentes<\/strong>, pero hay cifras que desbordan los n\u00fameros: <strong data-start=\"1690\" data-end=\"1736\">la <a title=\"Feria de Oto\u00f1o\" href=\"https:\/\/www.larazon.es\/tags\/feria-de-otono\/\" target=\"_blank\" rel=\"nofollow noopener\">Feria de Oto\u00f1o<\/a> registr\u00f3 19.428 abonados<\/strong>, el mejor dato desde hace quince a\u00f1os, y la presencia de j\u00f3venes en el abono general y especial subi\u00f3 con fuerza.<\/p>\n<p>En el ruedo, <strong data-start=\"1865\" data-end=\"1890\">cinco puertas grandes<\/strong> pusieron el broche a una temporada de altos vuelos:<b><a title=\"Morante de la Puebla\" href=\"https:\/\/www.larazon.es\/tags\/morante\/\" target=\"_blank\" rel=\"nofollow noopener\">Morante de la Puebla<\/a><\/b> (8 de junio y 12 de octubre), <strong data-start=\"1998\" data-end=\"2021\">Alejandro Talavante<\/strong> (9 de mayo), <strong data-start=\"2035\" data-end=\"2052\">Borja Jim\u00e9nez<\/strong> (15 de junio) y <strong data-start=\"2069\" data-end=\"2088\">Emilio de Justo<\/strong> (3 de octubre) emocionaron a una plaza que volvi\u00f3 a rugir como en las mejores d\u00e9cadas. Adem\u00e1s, <strong data-start=\"2184\" data-end=\"2235\">cuatro faenas de dos orejas y veintiocho de una<\/strong> dibujan un curso con regularidad art\u00edstica y compromiso.<\/p>\n<p>La cantera tampoco falt\u00f3: <strong data-start=\"2320\" data-end=\"2363\">20 matadores confirmaron su alternativa<\/strong> en la primera plaza del mundo y <strong data-start=\"2396\" data-end=\"2413\">18 novilleros<\/strong> se presentaron por primera vez en este escenario. Desde nombres emergentes como El Mene, Aar\u00f3n Palacio o Pedro Luis, hasta la consolidaci\u00f3n de perfiles como V\u00edctor Hern\u00e1ndez, <strong data-start=\"2607\" data-end=\"2693\">el relevo generacional se hace presente sin necesidad de discursos institucionales<\/strong>.<\/p>\n<p>La riqueza ganadera fue otro de los pilares de 2025. Por los chiqueros salieron <strong data-start=\"2776\" data-end=\"2789\">384 reses<\/strong>, con <strong data-start=\"2795\" data-end=\"2824\">21 encastes representados<\/strong>. Destacaron toros como \u201c<strong data-start=\"2849\" data-end=\"2862\">Brigadier<\/strong>\u201d, de Pedraza de Yeltes, premiado con la vuelta al ruedo el 14 de mayo, y \u201c<strong data-start=\"2937\" data-end=\"2949\">Milhijas<\/strong>\u201d, de <a title=\"Victorino Mart\u00edn\" href=\"https:\/\/www.larazon.es\/tags\/victorino-martin\/\" target=\"_blank\" rel=\"nofollow noopener\">Victorino Mart\u00edn<\/a>, que hizo historia el 15 de junio al ser lidiado por Borja Jim\u00e9nez en una tarde inolvidable. <strong data-start=\"3065\" data-end=\"3118\">El toro bravo sigue despertando respeto y emoci\u00f3n<\/strong>, sin importar la fecha del calendario.<\/p>\n<p>En total, se celebraron <strong data-start=\"3183\" data-end=\"3207\">39 corridas de toros<\/strong>, <strong data-start=\"3209\" data-end=\"3240\">13 novilladas con picadores<\/strong>, <strong data-start=\"3242\" data-end=\"3272\">2 novilladas sin picadores<\/strong>, <strong data-start=\"3274\" data-end=\"3299\">3 festejos de rejones<\/strong>, <strong data-start=\"3301\" data-end=\"3315\">1 festival<\/strong> y <strong data-start=\"3318\" data-end=\"3342\">2 festejos populares<\/strong>, conformando un mosaico de oferta diversa. En plena Feria de San Isidro, el 16 de mayo, se registr\u00f3 el primer lleno absoluto de la temporada, que se repiti\u00f3 hasta el cierre con el <strong data-start=\"3523\" data-end=\"3553\">festival del 12 de octubre<\/strong>, jornada que tambi\u00e9n acogi\u00f3 la \u00faltima gran tarde de Morante.<\/p>\n<p>El informe confirma que <strong data-start=\"3640\" data-end=\"3695\">la tauromaquia vive un momento de recuperaci\u00f3n real<\/strong>. No por una moda pasajera, sino por una <strong data-start=\"3736\" data-end=\"3782\">reconexi\u00f3n profunda con su p\u00fablico natural<\/strong>. La plaza de <a title=\"Las Ventas\" href=\"https:\/\/www.larazon.es\/tags\/las-ventas\/\" target=\"_blank\" rel=\"nofollow noopener\">Las Ventas<\/a>, con su liturgia y su exigencia, se ha transformado en un term\u00f3metro de esa energ\u00eda.<\/p>\n<p>Porque si algo dej\u00f3 claro 2025 es que <strong data-start=\"3931\" data-end=\"4026\">la pasi\u00f3n por los toros no ha muerto: simplemente estaba esperando su momento para resurgir<\/strong>. Y ese momento, sin duda, ha sido este.<\/p>\n","protected":false},"excerpt":{"rendered":"Lo que durante a\u00f1os fue un objetivo esquivo, se ha convertido en un hecho hist\u00f3rico: la Plaza de&hellip;\n","protected":false},"author":2,"featured_media":191216,"comment_status":"","ping_status":"","sticky":false,"template":"","format":"standard","meta":{"footnotes":""},"categories":[277],"tags":[373,168,25,24,23,167,374],"class_list":{"0":"post-191215","1":"post","2":"type-post","3":"status-publish","4":"format-standard","5":"has-post-thumbnail","7":"category-toreo","8":"tag-bullfighting","9":"tag-deportes","10":"tag-es","11":"tag-espana","12":"tag-spain","13":"tag-sports","14":"tag-toreo"},"share_on_mastodon":{"url":"https:\/\/pubeurope.com\/@es\/115411475728233925","error":""},"_links":{"self":[{"href":"https:\/\/www.europesays.com\/es\/wp-json\/wp\/v2\/posts\/191215","targetHints":{"allow":["GET"]}}],"collection":[{"href":"https:\/\/www.europesays.com\/es\/wp-json\/wp\/v2\/posts"}],"about":[{"href":"https:\/\/www.europesays.com\/es\/wp-json\/wp\/v2\/types\/post"}],"author":[{"embeddable":true,"href":"https:\/\/www.europesays.com\/es\/wp-json\/wp\/v2\/users\/2"}],"replies":[{"embeddable":true,"href":"https:\/\/www.europesays.com\/es\/wp-json\/wp\/v2\/comments?post=191215"}],"version-history":[{"count":0,"href":"https:\/\/www.europesays.com\/es\/wp-json\/wp\/v2\/posts\/191215\/revisions"}],"wp:featuredmedia":[{"embeddable":true,"href":"https:\/\/www.europesays.com\/es\/wp-json\/wp\/v2\/media\/191216"}],"wp:attachment":[{"href":"https:\/\/www.europesays.com\/es\/wp-json\/wp\/v2\/media?parent=191215"}],"wp:term":[{"taxonomy":"category","embeddable":true,"href":"https:\/\/www.europesays.com\/es\/wp-json\/wp\/v2\/categories?post=191215"},{"taxonomy":"post_tag","embeddable":true,"href":"https:\/\/www.europesays.com\/es\/wp-json\/wp\/v2\/tags?post=191215"}],"curies":[{"name":"wp","href":"https:\/\/api.w.org\/{rel}","templated":true}]}}