{"id":191221,"date":"2025-10-21T09:39:08","date_gmt":"2025-10-21T09:39:08","guid":{"rendered":"https:\/\/www.europesays.com\/es\/191221\/"},"modified":"2025-10-21T09:39:08","modified_gmt":"2025-10-21T09:39:08","slug":"mercedes-afirma-que-verstappen-tiene-ventaja-en-su-lucha-contra-piastri-y-norris","status":"publish","type":"post","link":"https:\/\/www.europesays.com\/es\/191221\/","title":{"rendered":"Mercedes afirma que Verstappen tiene \u00abventaja\u00bb en su lucha contra Piastri y Norris"},"content":{"rendered":"<p class=\"L6-news-detail__text\">Tras ganar tres de los \u00faltimos cuatro Grandes Premios y despu\u00e9s de llegar a estar a 104 puntos de <b>Oscar <\/b><b>Piastri<\/b>, <b>Max <\/b><b>Verstappen<\/b> ha logrado reducir la diferencia a 40 unidades a falta de cinco citas por disputarse con <b>146 puntos en juego. <\/b><\/p>\n<p class=\"L6-news-detail__text\">Sobre la batalla que mantiene el neerland\u00e9s con los <b>McLaren <\/b>le preguntaron a <b>Toto Wolff,<\/b> jefe de <b>Mercedes<\/b>, quien asegur\u00f3 estar pendiente de ella. <\/p>\n<p class=\"L6-news-detail__text\">\u00abLo sigo con inter\u00e9s porque yo mismo he estado en una situaci\u00f3n similar. Con dos pilotos luchando por un campeonato y<b> la amenaza de un tercero que se acerca<\/b>\u00ab, se\u00f1al\u00f3 en declaraciones a &#8216;Motorsport&#8217;.<\/p>\n<p class=\"L6-news-detail__text\">Seg\u00fan el austriaco, Verstappen tiene cierta ventaja: <b>\u00abEl desvalido siempre tiene un poco de ventaja psicol\u00f3gica\u00bb<\/b>.<\/p>\n<p class=\"L6-news-detail__text\">Y eso que la diferencia es considerable: \u00abLas probabilidades parecen estar en contra de Max. Ya lo he calculado antes, y es un 19 o 21 por ciento, algo por el estilo. As\u00ed que, <b>si miras la probabilidad, es muy baja<\/b>\u00ab.<\/p>\n<p class=\"L6-news-detail__text\">Si embargo, Wolff apunta a que \u00ab<b>un solo abandono puede cambiarlo todo.<\/b> Y creo que eso tambi\u00e9n afecta la conducci\u00f3n, hasta qu\u00e9 punto puedes ser agresivo en un adelantamiento\u00bb.<\/p>\n<p class=\"L6-support-news-video__title\">MotoGP<\/p>\n<p>            <a href=\"https:\/\/www.lasexta.com\/noticias\/deportes\/motor\/vertigo-puro-tremendo-doble-adelantamiento-acosta-marquez-miller-sprint-australia_2025101868f36b1dde40d8089e14b02c.html\" class=\"L6-news__link\" rel=\"nofollow noopener\" target=\"_blank\"><br \/>\n                \u00a1V\u00e9rtigo puro! El tremendo doble adelantamiento de Acosta a M\u00e1rquez y Miller en la &#8216;sprint&#8217; de Australia<\/p>\n<p class=\"recirculation-video-desc\">&#8216;El Tibur\u00f3n de Mazarr\u00f3n&#8217; dej\u00f3 una acci\u00f3n sensacional en la recta del circuito de Phillip Island pasando a la vez a \u00c1lex M\u00e1rquex y a Jack Miller.<\/p>\n<p>            <\/a><\/p>\n","protected":false},"excerpt":{"rendered":"Tras ganar tres de los \u00faltimos cuatro Grandes Premios y despu\u00e9s de llegar a estar a 104 puntos&hellip;\n","protected":false},"author":2,"featured_media":191222,"comment_status":"","ping_status":"","sticky":false,"template":"","format":"standard","meta":{"footnotes":""},"categories":[270],"tags":[168,25,24,306,271,272,23,167],"class_list":{"0":"post-191221","1":"post","2":"type-post","3":"status-publish","4":"format-standard","5":"has-post-thumbnail","7":"category-formula-1","8":"tag-deportes","9":"tag-es","10":"tag-espana","11":"tag-f1","12":"tag-formula-1","13":"tag-formula1","14":"tag-spain","15":"tag-sports"},"share_on_mastodon":{"url":"https:\/\/pubeurope.com\/@es\/115411495431684242","error":""},"_links":{"self":[{"href":"https:\/\/www.europesays.com\/es\/wp-json\/wp\/v2\/posts\/191221","targetHints":{"allow":["GET"]}}],"collection":[{"href":"https:\/\/www.europesays.com\/es\/wp-json\/wp\/v2\/posts"}],"about":[{"href":"https:\/\/www.europesays.com\/es\/wp-json\/wp\/v2\/types\/post"}],"author":[{"embeddable":true,"href":"https:\/\/www.europesays.com\/es\/wp-json\/wp\/v2\/users\/2"}],"replies":[{"embeddable":true,"href":"https:\/\/www.europesays.com\/es\/wp-json\/wp\/v2\/comments?post=191221"}],"version-history":[{"count":0,"href":"https:\/\/www.europesays.com\/es\/wp-json\/wp\/v2\/posts\/191221\/revisions"}],"wp:featuredmedia":[{"embeddable":true,"href":"https:\/\/www.europesays.com\/es\/wp-json\/wp\/v2\/media\/191222"}],"wp:attachment":[{"href":"https:\/\/www.europesays.com\/es\/wp-json\/wp\/v2\/media?parent=191221"}],"wp:term":[{"taxonomy":"category","embeddable":true,"href":"https:\/\/www.europesays.com\/es\/wp-json\/wp\/v2\/categories?post=191221"},{"taxonomy":"post_tag","embeddable":true,"href":"https:\/\/www.europesays.com\/es\/wp-json\/wp\/v2\/tags?post=191221"}],"curies":[{"name":"wp","href":"https:\/\/api.w.org\/{rel}","templated":true}]}}