{"id":191231,"date":"2025-10-21T09:48:07","date_gmt":"2025-10-21T09:48:07","guid":{"rendered":"https:\/\/www.europesays.com\/es\/191231\/"},"modified":"2025-10-21T09:48:07","modified_gmt":"2025-10-21T09:48:07","slug":"afe-plantea-a-laliga-adelantar-del-miercoles-22-la-reunion-sobre-el-partido-de-miami-futbol","status":"publish","type":"post","link":"https:\/\/www.europesays.com\/es\/191231\/","title":{"rendered":"AFE plantea a LaLiga adelantar del mi\u00e9rcoles 22 la reuni\u00f3n sobre el partido de Miami | F\u00fatbol"},"content":{"rendered":"<p class=\"loc\">Madrid<\/p>\n<p>La Asociaci\u00f3n de Futbolistas Espa\u00f1oles (AFE) ha planteado a LaLiga adelantar del viernes 24 al mi\u00e9rcoles 22 la Comisi\u00f3n Paritaria del Convenio Colectivo para hablar del traslado del partido Villarreal-Barcelona del 20 de diciembre a Miami (Estados Unidos), convocada por la patronal.<\/p>\n<p>El sindicato confirm\u00f3 que un vez que acabe la novena jornada con el Alav\u00e9s-Valencia esta noche contactar\u00e1 con los jugadores para definir los siguientes pasos, despu\u00e9s del gesto de protesta hecho por los futbolistas en los partidos de este fin de semana y de pedir a LaLiga que aplazara la venta de entradas que empieza este martes.<\/p>\n<p>LaLiga ha respondido que esto no es su competencia, ya que no s la promotora del encuentro y convoc\u00f3 el pasado viernes una reuni\u00f3n de la Comisi\u00f3n Paritaria del Convenio Colectivo para el d\u00eda 24 ante la iniciativa de los jugadores de no disputar los primeros minutos de sus partidos como protesta y para aclarar las competencias sobre el traslado del encuentro a Estos Unidos.<\/p>\n<p>La reuni\u00f3n entre las partes, con los capitanes de los equipos y los dos clubes, Villarreal y Barcelona, iba a celebrarse el d\u00eda 14 pero por agenda de LaLiga y estos no pudo realizarse entonces y tampoco en las fechas posteriores planteadas por esta en una serie de cartas remitidas al sindicato. Este ha solicitado respeto a los jugadores y di\u00e1logo con ellos para trasladar el partido a Estados Unidos y apela al reciente acuerdo del Paralmento Europeo, aprobado el pasado d\u00eda 7, sobre la funci\u00f3n de las pol\u00edticas de la Uni\u00f3n en la configuraci\u00f3n del modelo de deporte europeo. En concreto, el punto 44 del texto pide a los \u00f3rganos de gobierno del deporte que impidan que se jueguen partidos de competiciones internas en el extranjero.<\/p>\n<p>LaLiga defiende que la disputa de un partido en Estados Unidos se aprob\u00f3 en 2018 para el desarrollo del f\u00fatbol espa\u00f1ol en Estados Unidos, que es el segundo mercado audiovisual m\u00e1s importante de la liga espa\u00f1ola, que se revalorizar\u00e1 con esta iniciativa, que no adultera la competici\u00f3n.<\/p>\n","protected":false},"excerpt":{"rendered":"Madrid La Asociaci\u00f3n de Futbolistas Espa\u00f1oles (AFE) ha planteado a LaLiga adelantar del viernes 24 al mi\u00e9rcoles 22&hellip;\n","protected":false},"author":2,"featured_media":191232,"comment_status":"","ping_status":"","sticky":false,"template":"","format":"standard","meta":{"footnotes":""},"categories":[93],"tags":[10975,13360,168,25,24,9,23,167,16253],"class_list":{"0":"post-191231","1":"post","2":"type-post","3":"status-publish","4":"format-standard","5":"has-post-thumbnail","7":"category-deportes","8":"tag-afe","9":"tag-awards","10":"tag-deportes","11":"tag-es","12":"tag-espana","13":"tag-news","14":"tag-spain","15":"tag-sports","16":"tag-zsport"},"share_on_mastodon":{"url":"https:\/\/pubeurope.com\/@es\/115411531330876667","error":""},"_links":{"self":[{"href":"https:\/\/www.europesays.com\/es\/wp-json\/wp\/v2\/posts\/191231","targetHints":{"allow":["GET"]}}],"collection":[{"href":"https:\/\/www.europesays.com\/es\/wp-json\/wp\/v2\/posts"}],"about":[{"href":"https:\/\/www.europesays.com\/es\/wp-json\/wp\/v2\/types\/post"}],"author":[{"embeddable":true,"href":"https:\/\/www.europesays.com\/es\/wp-json\/wp\/v2\/users\/2"}],"replies":[{"embeddable":true,"href":"https:\/\/www.europesays.com\/es\/wp-json\/wp\/v2\/comments?post=191231"}],"version-history":[{"count":0,"href":"https:\/\/www.europesays.com\/es\/wp-json\/wp\/v2\/posts\/191231\/revisions"}],"wp:featuredmedia":[{"embeddable":true,"href":"https:\/\/www.europesays.com\/es\/wp-json\/wp\/v2\/media\/191232"}],"wp:attachment":[{"href":"https:\/\/www.europesays.com\/es\/wp-json\/wp\/v2\/media?parent=191231"}],"wp:term":[{"taxonomy":"category","embeddable":true,"href":"https:\/\/www.europesays.com\/es\/wp-json\/wp\/v2\/categories?post=191231"},{"taxonomy":"post_tag","embeddable":true,"href":"https:\/\/www.europesays.com\/es\/wp-json\/wp\/v2\/tags?post=191231"}],"curies":[{"name":"wp","href":"https:\/\/api.w.org\/{rel}","templated":true}]}}