{"id":191239,"date":"2025-10-21T09:52:08","date_gmt":"2025-10-21T09:52:08","guid":{"rendered":"https:\/\/www.europesays.com\/es\/191239\/"},"modified":"2025-10-21T09:52:08","modified_gmt":"2025-10-21T09:52:08","slug":"en-los-ultimos-tres-dias-estabamos-convencidos-de-que-habria-segunda-opa","status":"publish","type":"post","link":"https:\/\/www.europesays.com\/es\/191239\/","title":{"rendered":"\u00abEn los \u00faltimos tres d\u00edas est\u00e1bamos convencidos de que habr\u00eda segunda OPA\u00bb"},"content":{"rendered":"<p style=\"\">El presidente de <strong>Banco Sabadell<\/strong>, Josep Oliu, ha admitido que los directivos de la entidad pensaban que la <a href=\"https:\/\/www.abc.es\/economia\/bbva-fracasa-opa-sabadell-aceptacion-solo-2533-20251016203530-nt.html\" target=\"_self\" data-voc-vtm-id=\"in-text-traffic\" title=\"oferta p\u00fablica de adquisici\u00f3n (OPA)\" data-mrf-link=\"www.abc.es\" rel=\"nofollow noopener\">oferta p\u00fablica de adquisici\u00f3n (OPA)<\/a> de BBVA alcanzar\u00eda el 30% de aceptaci\u00f3n: \u00abEn los \u00faltimos tres d\u00edas est\u00e1bamos convencidos de que habr\u00eda segunda OPA\u00bb.<\/p>\n<p style=\"\">Lo  &#8230; ha dicho este martes en el foro &#8216;<strong>World in Progress&#8217;<\/strong>, organizado por Prisa, en el que ha a\u00f1adido que esta idea provoc\u00f3 que dedicaran energ\u00eda a la operaci\u00f3n cuando no hac\u00eda falta: \u00abPerdimos el tiempo durante tres d\u00edas\u00bb.<\/p>\n<p class=\"voc-p\" style=\"\">Oliu ha detallado que el banco cre\u00f3 un equipo \u00abmuy reducido\u00bb para gestionar la operaci\u00f3n con abogados de la entidad, el equipo de comunicaci\u00f3n, el director de planificaci\u00f3n, el consejero delegado del banco, <strong>C\u00e9sar Gonz\u00e1lez-Bueno<\/strong>, y \u00e9l mismo desde el consejo. \u00abEste equipo ha funcionado extraordinariamente bien\u00bb, ha se\u00f1alado, y ha lamentado que la OPA, textualmente, ha durado mucho y han pasado muchas cosas.<\/p>\n<p class=\"voc-p\" style=\"\">El presidente del Sabadell ha explicado que el fracaso de la OPA se debe a que BBVA \u00abno ha sido capaz de ver que deb\u00eda hacer un aumento muy sustancial de precio que no ha hecho\u00bb. Preguntado por las <strong>lecciones<\/strong> que ha sacado del proceso, ha recordado que durante su presidencia ha liderado 17 fusiones y dos OPAs, pero que ambas han sido pactadas: \u00abNo voy a hacer nunca una OPA hostil\u00bb.<\/p>\n<p class=\"voc-p\" style=\"\">Oliu ha descartado que Banco Sabadell protagonice ninguna operaci\u00f3n corporativa en los pr\u00f3ximos a\u00f1os y ha asegurado que en los pr\u00f3ximos a\u00f1os, el \u00abfoco no va a estar en <strong>aumentar el tama\u00f1o<\/strong>\u00bb y que si pasa, ser\u00e1 por crecimiento org\u00e1nico y el negocio del banco.<\/p>\n<p class=\"voc-p\" style=\"\">Ha a\u00f1adido que el foco estar\u00e1 \u00abpuesto en la <strong>rentabilidad<\/strong>, en la generaci\u00f3n de capital\u00bb, y ha recordado que el banco prev\u00e9 devolver al accionista el exceso de capital y repartir dividendos por valor del 40% del valor del banco.<\/p>\n<p class=\"voc-p\" style=\"\">Preguntado por si el banco necesita un n\u00facleo duro de accionistas para defenderse de otras OPAs, el presidente de la entidad ha explicado que \u00abel \u00fanico n\u00facleo duro de una entidad son unos <strong>resultados potentes<\/strong>, que las perspectivas de resultados sean potentes y que la cotizaci\u00f3n est\u00e9 a buen nivel\u00bb, informa Ep.<\/p>\n","protected":false},"excerpt":{"rendered":"El presidente de Banco Sabadell, Josep Oliu, ha admitido que los directivos de la entidad pensaban que la&hellip;\n","protected":false},"author":2,"featured_media":191240,"comment_status":"","ping_status":"","sticky":false,"template":"","format":"standard","meta":{"footnotes":""},"categories":[80],"tags":[82,53460,960,95,94,25,24,39303,3284,1457,3745,23,603,4421],"class_list":{"0":"post-191239","1":"post","2":"type-post","3":"status-publish","4":"format-standard","5":"has-post-thumbnail","7":"category-economia","8":"tag-business","9":"tag-convencidos","10":"tag-dias","11":"tag-economia","12":"tag-economy","13":"tag-es","14":"tag-espana","15":"tag-oliu","16":"tag-opa","17":"tag-sabadell","18":"tag-segunda","19":"tag-spain","20":"tag-tres","21":"tag-ultimos"},"share_on_mastodon":{"url":"https:\/\/pubeurope.com\/@es\/115411546584601736","error":""},"_links":{"self":[{"href":"https:\/\/www.europesays.com\/es\/wp-json\/wp\/v2\/posts\/191239","targetHints":{"allow":["GET"]}}],"collection":[{"href":"https:\/\/www.europesays.com\/es\/wp-json\/wp\/v2\/posts"}],"about":[{"href":"https:\/\/www.europesays.com\/es\/wp-json\/wp\/v2\/types\/post"}],"author":[{"embeddable":true,"href":"https:\/\/www.europesays.com\/es\/wp-json\/wp\/v2\/users\/2"}],"replies":[{"embeddable":true,"href":"https:\/\/www.europesays.com\/es\/wp-json\/wp\/v2\/comments?post=191239"}],"version-history":[{"count":0,"href":"https:\/\/www.europesays.com\/es\/wp-json\/wp\/v2\/posts\/191239\/revisions"}],"wp:featuredmedia":[{"embeddable":true,"href":"https:\/\/www.europesays.com\/es\/wp-json\/wp\/v2\/media\/191240"}],"wp:attachment":[{"href":"https:\/\/www.europesays.com\/es\/wp-json\/wp\/v2\/media?parent=191239"}],"wp:term":[{"taxonomy":"category","embeddable":true,"href":"https:\/\/www.europesays.com\/es\/wp-json\/wp\/v2\/categories?post=191239"},{"taxonomy":"post_tag","embeddable":true,"href":"https:\/\/www.europesays.com\/es\/wp-json\/wp\/v2\/tags?post=191239"}],"curies":[{"name":"wp","href":"https:\/\/api.w.org\/{rel}","templated":true}]}}