{"id":191247,"date":"2025-10-21T09:56:09","date_gmt":"2025-10-21T09:56:09","guid":{"rendered":"https:\/\/www.europesays.com\/es\/191247\/"},"modified":"2025-10-21T09:56:09","modified_gmt":"2025-10-21T09:56:09","slug":"la-ehf-se-une-a-la-puerto-cup-para-impulsar-un-programa-de-arbitros-jovenes","status":"publish","type":"post","link":"https:\/\/www.europesays.com\/es\/191247\/","title":{"rendered":"LA EHF SE UNE A LA PUERTO CUP PARA IMPULSAR UN PROGRAMA DE \u00c1RBITROS J\u00d3VENES\u00a0"},"content":{"rendered":"<p><strong>La Puerto Cup servir\u00e1 para fomentar la formaci\u00f3n y el desarrollo de nuevos talentos arbitrales\u00a0<\/strong><\/p>\n<p>La\u00a0European Handball Federation (EHF)\u00a0y la\u00a0Puerto Cup\u00a0han alcanzado un acuerdo de colaboraci\u00f3n para poner en marcha un\u00a0programa conjunto de j\u00f3venes \u00e1rbitros (Young Referees Program)\u00a0durante la pr\u00f3xima edici\u00f3n del torneo, que se celebrar\u00e1 del\u00a026 al 30 de diciembre de 2025\u00a0en Sagunto.<\/p>\n<p>El objetivo de esta iniciativa es\u00a0fomentar la formaci\u00f3n y el desarrollo de nuevos talentos arbitrales\u00a0en el \u00e1mbito europeo, ofreciendo a j\u00f3venes \u00e1rbitros una experiencia internacional \u00fanica en un entorno deportivo de alto nivel.<\/p>\n<p>Gracias a este acuerdo, la EHF aportar\u00e1 su\u00a0estructura formativa y supervisi\u00f3n t\u00e9cnica, mientras que la organizaci\u00f3n de la Puerto Cup facilitar\u00e1 el\u00a0marco competitivo y log\u00edstico\u00a0del torneo, que reunir\u00e1 a equipos de distintos pa\u00edses europeos.<\/p>\n","protected":false},"excerpt":{"rendered":"La Puerto Cup servir\u00e1 para fomentar la formaci\u00f3n y el desarrollo de nuevos talentos arbitrales\u00a0 La\u00a0European Handball Federation&hellip;\n","protected":false},"author":2,"featured_media":191248,"comment_status":"","ping_status":"","sticky":false,"template":"","format":"standard","meta":{"footnotes":""},"categories":[278],"tags":[376,168,25,24,375,23,167],"class_list":{"0":"post-191247","1":"post","2":"type-post","3":"status-publish","4":"format-standard","5":"has-post-thumbnail","7":"category-balonmano","8":"tag-balonmano","9":"tag-deportes","10":"tag-es","11":"tag-espana","12":"tag-handball","13":"tag-spain","14":"tag-sports"},"share_on_mastodon":{"url":"https:\/\/pubeurope.com\/@es\/115411562311985618","error":""},"_links":{"self":[{"href":"https:\/\/www.europesays.com\/es\/wp-json\/wp\/v2\/posts\/191247","targetHints":{"allow":["GET"]}}],"collection":[{"href":"https:\/\/www.europesays.com\/es\/wp-json\/wp\/v2\/posts"}],"about":[{"href":"https:\/\/www.europesays.com\/es\/wp-json\/wp\/v2\/types\/post"}],"author":[{"embeddable":true,"href":"https:\/\/www.europesays.com\/es\/wp-json\/wp\/v2\/users\/2"}],"replies":[{"embeddable":true,"href":"https:\/\/www.europesays.com\/es\/wp-json\/wp\/v2\/comments?post=191247"}],"version-history":[{"count":0,"href":"https:\/\/www.europesays.com\/es\/wp-json\/wp\/v2\/posts\/191247\/revisions"}],"wp:featuredmedia":[{"embeddable":true,"href":"https:\/\/www.europesays.com\/es\/wp-json\/wp\/v2\/media\/191248"}],"wp:attachment":[{"href":"https:\/\/www.europesays.com\/es\/wp-json\/wp\/v2\/media?parent=191247"}],"wp:term":[{"taxonomy":"category","embeddable":true,"href":"https:\/\/www.europesays.com\/es\/wp-json\/wp\/v2\/categories?post=191247"},{"taxonomy":"post_tag","embeddable":true,"href":"https:\/\/www.europesays.com\/es\/wp-json\/wp\/v2\/tags?post=191247"}],"curies":[{"name":"wp","href":"https:\/\/api.w.org\/{rel}","templated":true}]}}