{"id":191249,"date":"2025-10-21T09:57:08","date_gmt":"2025-10-21T09:57:08","guid":{"rendered":"https:\/\/www.europesays.com\/es\/191249\/"},"modified":"2025-10-21T09:57:08","modified_gmt":"2025-10-21T09:57:08","slug":"desafio-santacolomeno-en-mugron-para-su-novillada-del-lunes-de-pascua","status":"publish","type":"post","link":"https:\/\/www.europesays.com\/es\/191249\/","title":{"rendered":"Desaf\u00edo santacolome\u00f1o en Mugron para su novillada del Lunes de Pascua"},"content":{"rendered":"<p>La\u00a0<strong>Pe\u00f1a Taurina Mugronnaise<\/strong> madruga y ya ha anunciado las ganader\u00edas que lidiar\u00e1n en su tradicional novillada del Lunes de Pascua, que este pr\u00f3ximo a\u00f1o tendr\u00e1 lugar el 6 de abril. La comisi\u00f3n taurina organizadora ha compuesto un desaf\u00edo cien por cien de encaste <strong>Santa Coloma<\/strong> con la divisa salmantina de\u00a0<strong>S\u00e1nchez Arjona<\/strong> y la extreme\u00f1a de\u00a0<strong>Pablo Mayoral<\/strong>.<\/p>\n","protected":false},"excerpt":{"rendered":"La\u00a0Pe\u00f1a Taurina Mugronnaise madruga y ya ha anunciado las ganader\u00edas que lidiar\u00e1n en su tradicional novillada del Lunes&hellip;\n","protected":false},"author":2,"featured_media":191250,"comment_status":"","ping_status":"","sticky":false,"template":"","format":"standard","meta":{"footnotes":""},"categories":[277],"tags":[45,373,168,25,24,53462,37629,53463,23,167,374],"class_list":{"0":"post-191249","1":"post","2":"type-post","3":"status-publish","4":"format-standard","5":"has-post-thumbnail","7":"category-toreo","8":"tag-45","9":"tag-bullfighting","10":"tag-deportes","11":"tag-es","12":"tag-espana","13":"tag-mugron","14":"tag-pablo-mayoral","15":"tag-sanchez-arjona","16":"tag-spain","17":"tag-sports","18":"tag-toreo"},"share_on_mastodon":{"url":"https:\/\/pubeurope.com\/@es\/115411566273317356","error":""},"_links":{"self":[{"href":"https:\/\/www.europesays.com\/es\/wp-json\/wp\/v2\/posts\/191249","targetHints":{"allow":["GET"]}}],"collection":[{"href":"https:\/\/www.europesays.com\/es\/wp-json\/wp\/v2\/posts"}],"about":[{"href":"https:\/\/www.europesays.com\/es\/wp-json\/wp\/v2\/types\/post"}],"author":[{"embeddable":true,"href":"https:\/\/www.europesays.com\/es\/wp-json\/wp\/v2\/users\/2"}],"replies":[{"embeddable":true,"href":"https:\/\/www.europesays.com\/es\/wp-json\/wp\/v2\/comments?post=191249"}],"version-history":[{"count":0,"href":"https:\/\/www.europesays.com\/es\/wp-json\/wp\/v2\/posts\/191249\/revisions"}],"wp:featuredmedia":[{"embeddable":true,"href":"https:\/\/www.europesays.com\/es\/wp-json\/wp\/v2\/media\/191250"}],"wp:attachment":[{"href":"https:\/\/www.europesays.com\/es\/wp-json\/wp\/v2\/media?parent=191249"}],"wp:term":[{"taxonomy":"category","embeddable":true,"href":"https:\/\/www.europesays.com\/es\/wp-json\/wp\/v2\/categories?post=191249"},{"taxonomy":"post_tag","embeddable":true,"href":"https:\/\/www.europesays.com\/es\/wp-json\/wp\/v2\/tags?post=191249"}],"curies":[{"name":"wp","href":"https:\/\/api.w.org\/{rel}","templated":true}]}}