{"id":191255,"date":"2025-10-21T10:01:08","date_gmt":"2025-10-21T10:01:08","guid":{"rendered":"https:\/\/www.europesays.com\/es\/191255\/"},"modified":"2025-10-21T10:01:08","modified_gmt":"2025-10-21T10:01:08","slug":"euskaltel-se-queda-sin-invitacion-para-la-vuelta-a-espana-de-2026","status":"publish","type":"post","link":"https:\/\/www.europesays.com\/es\/191255\/","title":{"rendered":"Euskaltel se queda sin invitaci\u00f3n para la Vuelta a Espa\u00f1a de 2026"},"content":{"rendered":"<p>Terminar fuera de los 30 primeros en el ranking UCI por equipos que engloba a las tres m\u00e1ximas categor\u00edas del campo profesional tendr\u00e1 como consecuencia  &#8230; negativa para Euskaltel la imposibilidad de participar en la Vuelta a Espa\u00f1a de 2026. La propia reglamentaci\u00f3n impide a la organizaci\u00f3n cursar una invitaci\u00f3n a los equipos clasificados por detr\u00e1s del 30\u00ba puesto. Esta medida abarca a una sola temporada, por lo que si el conjunto naranja obtiene una plaza entre los 30 mejores de la pr\u00f3xima campa\u00f1a aspirar\u00e1 a una wild card en la edici\u00f3n de 2027.<\/p>\n<p class=\"v-p\">Acceder al cupo de invitaciones de los organizadores de las tres grandes pruebas por etapas, Vuelta, Tour y Giro, requiere ocupar una posici\u00f3n entre los 30 primeros de ese ranking. En la \u00faltima lista dada a conocer por la UCI, Euskaltel era el 33 y desde entonces no ha conseguido puntos suficientes para remontar.<\/p>\n<p class=\"v-p\">ASO hab\u00eda recurrido para las \u00faltimas ediciones de la Vuelta a un sistema de rotaciones entre los ProTeam locales. As\u00ed, Euskaltel y Kern Pharma fueron los convocados en 2024. Este a\u00f1o tomaron el relevo Caja Rural y Burgos. Tanto los dos conjuntos navarros como el castellano figuran en el grupo elegible de 30, condici\u00f3n que no cumple ahora Euskaltel.<\/p>\n<p class=\"v-p\">Jorge Azanza, director del Euskaltel, analiza la situaci\u00f3n. \u00abEl objetivo del inicio de la temporada era la clasificaci\u00f3n entre los 30 primeros y as\u00ed planificamos el calendario, conscientes de que iba a ser complicado por la evidencia de la diferencia de presupuestos. Hay que saber valorar cu\u00e1l es nuestra realidad en el contexto del ciclismo actual. El inicio, adem\u00e1s, no fue f\u00e1cil pues tuvimos muchos cambios, tanto de ciclistas como de material. Luchamos y cre\u00edmos en nosotros mismos para conseguir una buena inercia hasta que no pudimos mantener el pulso en el verano\u00bb.<\/p>\n<p class=\"v-p\">La decepci\u00f3n es patente en Azanza: \u00abLos n\u00fameros no demuestran que haya sido un a\u00f1o malo, aunque es verdad que no haberte clasificado entre los 30 te deja un poso de mala sensaci\u00f3n. Por nuestra parte, hacemos tambi\u00e9n autocr\u00edtica, para mejorar y no repetir determinados errores que se hayan podido cometer. Personalmente, prefiero quedarme con lo positivo, con corredores que han dado un paso adelante y se consolidan como Jon Agirre, Berasategi, Iker Mintegi o Txomin Juaristi. Por todo ello, pienso que los mimbres siguen ah\u00ed\u00bb.<\/p>\n<p class=\"v-p\">Esta limitaci\u00f3n no afecta a la presencia de Euskaltel en la Itzulia. No corre ning\u00fan peligro, ya que no es condici\u00f3n obligatoria para carreras de una semana pertenecientes al World Tour.<\/p>\n","protected":false},"excerpt":{"rendered":"Terminar fuera de los 30 primeros en el ranking UCI por equipos que engloba a las tres m\u00e1ximas&hellip;\n","protected":false},"author":2,"featured_media":191256,"comment_status":"","ping_status":"","sticky":false,"template":"","format":"standard","meta":{"footnotes":""},"categories":[273],"tags":[3076,313,312,168,25,24,13145,5621,3041,23,167,1357],"class_list":{"0":"post-191255","1":"post","2":"type-post","3":"status-publish","4":"format-standard","5":"has-post-thumbnail","7":"category-ciclismo","8":"tag-3076","9":"tag-ciclismo","10":"tag-cycling","11":"tag-deportes","12":"tag-es","13":"tag-espana","14":"tag-euskaltel","15":"tag-invitacion","16":"tag-queda","17":"tag-spain","18":"tag-sports","19":"tag-vuelta"},"share_on_mastodon":{"url":"https:\/\/pubeurope.com\/@es\/115411582241443080","error":""},"_links":{"self":[{"href":"https:\/\/www.europesays.com\/es\/wp-json\/wp\/v2\/posts\/191255","targetHints":{"allow":["GET"]}}],"collection":[{"href":"https:\/\/www.europesays.com\/es\/wp-json\/wp\/v2\/posts"}],"about":[{"href":"https:\/\/www.europesays.com\/es\/wp-json\/wp\/v2\/types\/post"}],"author":[{"embeddable":true,"href":"https:\/\/www.europesays.com\/es\/wp-json\/wp\/v2\/users\/2"}],"replies":[{"embeddable":true,"href":"https:\/\/www.europesays.com\/es\/wp-json\/wp\/v2\/comments?post=191255"}],"version-history":[{"count":0,"href":"https:\/\/www.europesays.com\/es\/wp-json\/wp\/v2\/posts\/191255\/revisions"}],"wp:featuredmedia":[{"embeddable":true,"href":"https:\/\/www.europesays.com\/es\/wp-json\/wp\/v2\/media\/191256"}],"wp:attachment":[{"href":"https:\/\/www.europesays.com\/es\/wp-json\/wp\/v2\/media?parent=191255"}],"wp:term":[{"taxonomy":"category","embeddable":true,"href":"https:\/\/www.europesays.com\/es\/wp-json\/wp\/v2\/categories?post=191255"},{"taxonomy":"post_tag","embeddable":true,"href":"https:\/\/www.europesays.com\/es\/wp-json\/wp\/v2\/tags?post=191255"}],"curies":[{"name":"wp","href":"https:\/\/api.w.org\/{rel}","templated":true}]}}