{"id":191271,"date":"2025-10-21T10:10:08","date_gmt":"2025-10-21T10:10:08","guid":{"rendered":"https:\/\/www.europesays.com\/es\/191271\/"},"modified":"2025-10-21T10:10:08","modified_gmt":"2025-10-21T10:10:08","slug":"donde-ver-gratis-no-mataras-el-intenso-thriller-de-90-minutos-con-el-que-mario-casas-gano-el-goya","status":"publish","type":"post","link":"https:\/\/www.europesays.com\/es\/191271\/","title":{"rendered":"D\u00f3nde ver gratis &#8216;No matar\u00e1s&#8217;, el intenso thriller de 90 minutos con el que Mario Casas gan\u00f3 el Goya"},"content":{"rendered":"<p class=\"c-paragraph\"><b>Mario Casas <\/b>lleva a\u00f1os demostrando que su carrera va mucho m\u00e1s all\u00e1 del \u00eddolo adolescente que protagonizaba <a href=\"https:\/\/www.20minutos.es\/cinemania\/noticias\/mario-casas-podcast-cinemania-mi-vida-en-peliculas-tres-metros-sobre-cielo-5684312\/\" rel=\"nofollow noopener\" target=\"_blank\">Tres metros sobre el cielo<\/a>. Con <b>No matar\u00e1s<\/b>, el actor nacido en A Coru\u00f1a se adentra en un thriller asfixiante que lo consagr\u00f3 definitivamente como<a href=\"https:\/\/www.20minutos.es\/cinemania\/noticias\/mario-casas-demuestra-festival-malaga-bien-sienta-cine-autor-5690607\/\" rel=\"nofollow noopener\" target=\"_blank\"> uno de los int\u00e9rpretes m\u00e1s solventes de su generaci\u00f3n<\/a>. Una historia <b>corta en duraci\u00f3n<\/b> \u2014apenas hora y media\u2014, pero<b> larga en tensi\u00f3n y angustia.<\/b><\/p>\n<p class=\"c-paragraph\">La pel\u00edcula, dirigida por <b>David Victori<\/b>, arranca con un protagonista tan normal que duele. Dani (<a href=\"https:\/\/www.20minutos.es\/cinemania\/mario-casas-lejos-movistar-plus_6234486_0.html\" rel=\"nofollow noopener\" target=\"_blank\">Mario Casas<\/a>) acaba de perder a su padre, al que ha cuidado durante meses, y <a href=\"https:\/\/www.20minutos.es\/cinemania\/criticas\/no-mataras-160771\/\" rel=\"nofollow noopener\" target=\"_blank\">su hermana le regala un viaje<\/a> para dar la vuelta al mundo. Sin embargo, <b>lo que deb\u00eda ser el inicio de una nueva etapa se transforma en una noche infernal. <\/b>Todo comienza con el encuentro fortuito con Mila (<a href=\"https:\/\/www.20minutos.es\/cinemania\/series\/entrevista-milena-smit-miki-esparbe-chica-nieve-netflix-juego-alma-5675770\/\" rel=\"nofollow noopener\" target=\"_blank\">Milena Smit<\/a>), una desconocida tan magn\u00e9tica como peligrosa que arrastra a Dani por una espiral destructiva.\u00a0<\/p>\n<p class=\"c-paragraph\">El espectador acompa\u00f1a al protagonista en ese descenso sin respiro, enmarcado por <b>luces de ne\u00f3n, m\u00fasica atronadora<\/b> y una c\u00e1mara que se pega a su rostro hasta casi ahogarlo. Victori construye la sensaci\u00f3n de claustrofobia a base de planos cerrados, secuencias fren\u00e9ticas y un uso del color que recuerda al de <a href=\"https:\/\/www.20minutos.es\/cinemania\/noticias\/director-irreversible-climax-peliculas-infantiles-5655206\/\" rel=\"nofollow noopener\" target=\"_blank\">Gaspar No\u00e9<\/a> en <b>Irreversible<\/b>. A medida que Dani pierde el control, tambi\u00e9n lo hace el p\u00fablico, incapaz de anticipar hacia d\u00f3nde se dirige ese desastre inevitable.<\/p>\n<p>Una pel\u00edcula con premio<\/p>\n<p class=\"c-paragraph\">Aunque algunos cr\u00edticos han se\u00f1alado ciertos excesos en el guion o la falta de verosimilitud en algunos momentos, lo cierto es que No matar\u00e1s <a href=\"https:\/\/www.20minutos.es\/cinemania\/noticias\/video-del-dia-viaje-emocional-por-el-rostro-de-natalie-portman-118771\/\" rel=\"nofollow noopener\" target=\"_blank\">funciona como un viaje emocional<\/a>. Casas sostiene el relato con una interpretaci\u00f3n <b>intensa, vulnerable y tambi\u00e9n muy f\u00edsica<\/b>, capaz de generar angustia real. Por eso, su <a href=\"https:\/\/www.20minutos.es\/cinemania\/noticias\/palmares-completo-de-los-premios-goya-2021-4609613\/\" rel=\"nofollow noopener\" target=\"_blank\">Goya a Mejor Actor Protagonista en 2021 <\/a>no fue ninguna sorpresa: <b>la pel\u00edcula<\/b>\u00a0<b>exig\u00eda un registro distinto<\/b>, alejado del h\u00e9roe rom\u00e1ntico o del tipo duro, y el actor lo llev\u00f3 a un terreno nuevo, que supuso un salto en su carrera.<\/p>\n<p class=\"c-paragraph\">Esta intensa pesadilla urbana puede verse de forma totalmente gratuita. No matar\u00e1s est\u00e1 disponible en el cat\u00e1logo de<a href=\"https:\/\/www.rtve.es\/play\/videos\/somos-cine\/no-mataras\/6633124\/\" rel=\"nofollow noreferrer noopener\" target=\"_blank\"> <b>RTVE Play<\/b><\/a>, donde puede reproducirse completa sin coste alguno. Una oportunidad perfecta para descubrir \u2014o revivir\u2014 la pel\u00edcula que confirm\u00f3 que Mario Casas <a href=\"https:\/\/www.20minutos.es\/cinemania\/noticias\/una-quinta-portuguesa-gran-sorpresa-festival-malaga-5689039\/\" rel=\"nofollow noopener\" target=\"_blank\">ya no era una promesa<\/a>, sino una certeza.<\/p>\n","protected":false},"excerpt":{"rendered":"Mario Casas lleva a\u00f1os demostrando que su carrera va mucho m\u00e1s all\u00e1 del \u00eddolo adolescente que protagonizaba Tres&hellip;\n","protected":false},"author":2,"featured_media":191272,"comment_status":"","ping_status":"","sticky":false,"template":"","format":"standard","meta":{"footnotes":""},"categories":[169],"tags":[177,3169,146,147,25,24,176,126,53466,175,689,23,809],"class_list":{"0":"post-191271","1":"post","2":"type-post","3":"status-publish","4":"format-standard","5":"has-post-thumbnail","7":"category-cine","8":"tag-cine","9":"tag-donde","10":"tag-entertainment","11":"tag-entretenimiento","12":"tag-es","13":"tag-espana","14":"tag-film","15":"tag-gratis","16":"tag-mataras","17":"tag-movies","18":"tag-no","19":"tag-spain","20":"tag-ver"},"share_on_mastodon":{"url":"https:\/\/pubeurope.com\/@es\/115411617375457870","error":""},"_links":{"self":[{"href":"https:\/\/www.europesays.com\/es\/wp-json\/wp\/v2\/posts\/191271","targetHints":{"allow":["GET"]}}],"collection":[{"href":"https:\/\/www.europesays.com\/es\/wp-json\/wp\/v2\/posts"}],"about":[{"href":"https:\/\/www.europesays.com\/es\/wp-json\/wp\/v2\/types\/post"}],"author":[{"embeddable":true,"href":"https:\/\/www.europesays.com\/es\/wp-json\/wp\/v2\/users\/2"}],"replies":[{"embeddable":true,"href":"https:\/\/www.europesays.com\/es\/wp-json\/wp\/v2\/comments?post=191271"}],"version-history":[{"count":0,"href":"https:\/\/www.europesays.com\/es\/wp-json\/wp\/v2\/posts\/191271\/revisions"}],"wp:featuredmedia":[{"embeddable":true,"href":"https:\/\/www.europesays.com\/es\/wp-json\/wp\/v2\/media\/191272"}],"wp:attachment":[{"href":"https:\/\/www.europesays.com\/es\/wp-json\/wp\/v2\/media?parent=191271"}],"wp:term":[{"taxonomy":"category","embeddable":true,"href":"https:\/\/www.europesays.com\/es\/wp-json\/wp\/v2\/categories?post=191271"},{"taxonomy":"post_tag","embeddable":true,"href":"https:\/\/www.europesays.com\/es\/wp-json\/wp\/v2\/tags?post=191271"}],"curies":[{"name":"wp","href":"https:\/\/api.w.org\/{rel}","templated":true}]}}