{"id":191282,"date":"2025-10-21T10:16:07","date_gmt":"2025-10-21T10:16:07","guid":{"rendered":"https:\/\/www.europesays.com\/es\/191282\/"},"modified":"2025-10-21T10:16:07","modified_gmt":"2025-10-21T10:16:07","slug":"los-principales-lideres-europeos-reclaman-a-trump-que-ucrania-no-ceda-territorio-a-rusia-antes-de-negociar-la-paz-internacional","status":"publish","type":"post","link":"https:\/\/www.europesays.com\/es\/191282\/","title":{"rendered":"Los principales l\u00edderes europeos reclaman a Trump que Ucrania no ceda territorio a Rusia antes de negociar la paz | Internacional"},"content":{"rendered":"<p class=\"\">Los l\u00edderes de los grandes pa\u00edses europeos \u2014y en general, los m\u00e1s afines a Ucrania\u2014 han salido este martes a respaldar a Kiev frente a las exigencias del estadounidense Donald Trump de que ceda territorio a Rusia. Los mandatarios del Reino Unido, Francia, Alemania, Italia, Polonia, Finlandia, Dinamarca, Noruega y la c\u00fapula de las instituciones comunitarias han lanzado una declaraci\u00f3n conjunta, que tambi\u00e9n firma el presidente ucranio, Volod\u00edmir Zelenki, en la que defienden que se congele la l\u00ednea actual del frente de guerra para iniciar ese di\u00e1logo diplom\u00e1tico. El l\u00edder ucranio y los de ocho pa\u00edses europeos (adem\u00e1s de los de la Comisi\u00f3n Europea y del Consejo Europeo) subrayan que apoyan los esfuerzos del jefe de la Casa Blanca para lograr un alto el fuego pero que Kiev <a href=\"https:\/\/elpais.com\/internacional\/2025-10-20\/europa-busca-formulas-para-aumentar-la-ayuda-a-ucrania-ante-las-exigencias-de-trump.html\" target=\"_self\" rel=\"nofollow noopener\" title=\"https:\/\/elpais.com\/internacional\/2025-10-20\/europa-busca-formulas-para-aumentar-la-ayuda-a-ucrania-ante-las-exigencias-de-trump.html\">no puede perder cartas<\/a> antes de sentarse a conversar. <\/p>\n<p class=\"\">\u201cApoyamos firmemente la posici\u00f3n del presidente Trump de que los combates deben detenerse inmediatamente, y la l\u00ednea del frente actual debe ser el punto de partida de las negociaciones\u201d, dice el comunicado, que se emite antes de la cumbre europea de este jueves, en la que el respaldo a Ucrania \u2014sobre todo, econ\u00f3mico\u2014 frente al Kremlin y el rearme europeo centrar\u00e1n las conversaciones. Una cita en la que se prev\u00e9 la participaci\u00f3n en persona del propio Zelenski.<\/p>\n<p class=\"\">El nuevo movimiento de los l\u00edderes europeos llega pocos d\u00edas despu\u00e9s de que Trump exigiese al l\u00edder ucranio, en una reuni\u00f3n en la Casa Blanca, que ceda a Mosc\u00fa todo Donb\u00e1s \u2014una regi\u00f3n clave en el este de Ucrania largamente codiciada y en buena medida ocupada por el Kremlin\u2014 para poder alcanzar un acuerdo de paz. El reclamo sigue la ret\u00f3rica de Vlad\u00edmir Putin, con quien el presidente estadounidense planea verse pr\u00f3ximamente en Budapest, como ha propuesto el primer ministro de Hungr\u00eda, Viktor Orb\u00e1n, pa\u00eds miembro de la OTAN y la UE, pero af\u00edn al Kremlin y un gran partidario de Trump en Europa. <a href=\"https:\/\/elpais.com\/internacional\/2025-10-18\/una-ruta-aerea-compleja-y-un-desaire-para-bruselas-la-reunion-entre-putin-y-trump-en-budapest-pone-en-guardia-a-la-ue.html\" target=\"_self\" rel=\"nofollow noopener\" title=\"https:\/\/elpais.com\/internacional\/2025-10-18\/una-ruta-aerea-compleja-y-un-desaire-para-bruselas-la-reunion-entre-putin-y-trump-en-budapest-pone-en-guardia-a-la-ue.html\">El lugar elegido supone<\/a> as\u00ed, tambi\u00e9n, una desventaja para Zelenski.<\/p>\n<p class=\"\">La UE y Ucrania temen que de esas conversaciones de paz salga un mal acuerdo, un escenario que cada vez est\u00e1 m\u00e1s claro y tanto Europa como Kiev empiezan a asumir. As\u00ed, los europeos est\u00e1n tratando de apuntalar al pa\u00eds invadido por Rusia antes de cualquier conversaci\u00f3n de paz para que tenga las mejores cartas disponibles sobre la mesa.<\/p>\n<p class=\"\">\u201cMantenemos nuestro compromiso con el principio de que las fronteras internacionales no deben modificarse por la fuerza\u201d, dicen en el comunicado los 11 mandatarios: Zelenski, Keir Starmer (Reino Unido), Friedrich Merz (Alemania), Emmanuel Macron (Francia), Giorgia Meloni (Italia), Donald Tusk (Polonia), Ursula von der Leyen (Comisi\u00f3n Europea), Ant\u00f3nio Costa (Consejo Europeo), Jonas Gahr Store (Noruega), Alexander Stubb (Finlandia) y Mette Frederiksen (Dinamarca). Son, en gran mayor\u00eda, quienes estuvieron el pasado agosto en la Casa Blanca respaldando a Zelenski en otra de sus citas con Trump.<\/p>\n<p class=\"\">\u201cLas t\u00e1cticas dilatorias de Rusia han demostrado una y otra vez que Ucrania es la \u00fanica parte seria en pos de la paz. Todos podemos ver que Putin sigue optando por la violencia y la destrucci\u00f3n\u201d, remarcan. \u201cTenemos claro que Ucrania debe estar en la posici\u00f3n m\u00e1s s\u00f3lida posible, antes, durante y despu\u00e9s de cualquier alto el fuego. Debemos intensificar la presi\u00f3n sobre la econom\u00eda y la industria de defensa de Rusia hasta que Putin est\u00e9 listo para firmar la paz\u201d, dicen.<\/p>\n<p class=\"\">Pero Ucrania tiene serios problemas financieros. Varias fuentes comunitarias remarcan que Kiev tiene fondos solo hasta finales del primer trimestre de 2026 para seguir manteni\u00e9ndose a flote. Esa realidad, unida a que los Estados miembros de la UE se mueven con unos presupuestos cada vez m\u00e1s ajustados, ha llevado a la Comisi\u00f3n Europea a poner sobre la mesa la entrega, <a href=\"https:\/\/elpais.com\/internacional\/2025-09-26\/bruselas-propone-por-primera-vez-dar-un-prestamo-a-ucrania-con-los-activos-rusos-congelados-en-europa.html\" target=\"_self\" rel=\"nofollow noopener\" title=\"https:\/\/elpais.com\/internacional\/2025-09-26\/bruselas-propone-por-primera-vez-dar-un-prestamo-a-ucrania-con-los-activos-rusos-congelados-en-europa.html\">en forma de pr\u00e9stamos<\/a> a inter\u00e9s cero, de la mayor\u00eda (140.000 millones de euros) de los activos rusos congelados en territorio comunitario por las sanciones aplicadas a Rusia. <\/p>\n<p class=\"\">B\u00e9lgica, el pa\u00eds que aloja esos fondos, que les cobra un impuesto y que hab\u00eda manifestado su oposici\u00f3n a la medida por temor a repercusiones legales futuras de esa acci\u00f3n, es cada vez m\u00e1s receptivo a la idea. Eso s\u00ed, siempre que haya garant\u00edas s\u00f3lidas de los dem\u00e1s miembros en caso de problemas futuros. Se espera que los l\u00edderes respalden la idea de la Comisi\u00f3n Europea del uso de esos activos por parte de Ucrania. El Kremlin, que ha tildado la idea de \u201cconfiscaci\u00f3n\u201d, ha prometido represalias.<\/p>\n","protected":false},"excerpt":{"rendered":"Los l\u00edderes de los grandes pa\u00edses europeos \u2014y en general, los m\u00e1s afines a Ucrania\u2014 han salido este&hellip;\n","protected":false},"author":2,"featured_media":191283,"comment_status":"","ping_status":"","sticky":false,"template":"","format":"standard","meta":{"footnotes":""},"categories":[42],"tags":[8738,17,18,70,71,72,700,13,14,69,7082,11,61,62,63,64,19,20,9,10,15,16,1613,1614,12,7081,21,22,1617,65,66,67],"class_list":{"0":"post-191282","1":"post","2":"type-post","3":"status-publish","4":"format-standard","5":"has-post-thumbnail","7":"category-internacional","8":"tag-ataques-militares","9":"tag-breaking-news","10":"tag-breakingnews","11":"tag-conflictos","12":"tag-conflictos-armados","13":"tag-conflictos-internacionales","14":"tag-europa","15":"tag-featured-news","16":"tag-featurednews","17":"tag-guerra","18":"tag-guerra-de-rusia-en-ucrania","19":"tag-headlines","20":"tag-internacional","21":"tag-international","22":"tag-international-news","23":"tag-internationalnews","24":"tag-latest-news","25":"tag-latestnews","26":"tag-news","27":"tag-noticias","28":"tag-noticias-destacadas","29":"tag-noticiasdestacadas","30":"tag-otan","31":"tag-rusia","32":"tag-titulares","33":"tag-ucrania","34":"tag-ultimas-noticias","35":"tag-ultimasnoticias","36":"tag-union-europea","37":"tag-world","38":"tag-world-news","39":"tag-worldnews"},"share_on_mastodon":{"url":"","error":"Validation failed: Text character limit of 500 exceeded"},"_links":{"self":[{"href":"https:\/\/www.europesays.com\/es\/wp-json\/wp\/v2\/posts\/191282","targetHints":{"allow":["GET"]}}],"collection":[{"href":"https:\/\/www.europesays.com\/es\/wp-json\/wp\/v2\/posts"}],"about":[{"href":"https:\/\/www.europesays.com\/es\/wp-json\/wp\/v2\/types\/post"}],"author":[{"embeddable":true,"href":"https:\/\/www.europesays.com\/es\/wp-json\/wp\/v2\/users\/2"}],"replies":[{"embeddable":true,"href":"https:\/\/www.europesays.com\/es\/wp-json\/wp\/v2\/comments?post=191282"}],"version-history":[{"count":0,"href":"https:\/\/www.europesays.com\/es\/wp-json\/wp\/v2\/posts\/191282\/revisions"}],"wp:featuredmedia":[{"embeddable":true,"href":"https:\/\/www.europesays.com\/es\/wp-json\/wp\/v2\/media\/191283"}],"wp:attachment":[{"href":"https:\/\/www.europesays.com\/es\/wp-json\/wp\/v2\/media?parent=191282"}],"wp:term":[{"taxonomy":"category","embeddable":true,"href":"https:\/\/www.europesays.com\/es\/wp-json\/wp\/v2\/categories?post=191282"},{"taxonomy":"post_tag","embeddable":true,"href":"https:\/\/www.europesays.com\/es\/wp-json\/wp\/v2\/tags?post=191282"}],"curies":[{"name":"wp","href":"https:\/\/api.w.org\/{rel}","templated":true}]}}