{"id":191286,"date":"2025-10-21T10:18:08","date_gmt":"2025-10-21T10:18:08","guid":{"rendered":"https:\/\/www.europesays.com\/es\/191286\/"},"modified":"2025-10-21T10:18:08","modified_gmt":"2025-10-21T10:18:08","slug":"la-diputacion-exige-seriedad-transparencia-y-rigor-en-la-realizacion-de-las-catas-del-tav","status":"publish","type":"post","link":"https:\/\/www.europesays.com\/es\/191286\/","title":{"rendered":"La Diputaci\u00f3n exige seriedad, transparencia y rigor en la realizaci\u00f3n de las catas del TAV"},"content":{"rendered":"<p style=\"margin-bottom:13px; text-align:justify\">\u201cLas catas para determinar la conexi\u00f3n por Ezkio-Itsaso del Tren de Alta Velocidad no han comenzado a\u00fan y lo que es m\u00e1s grave: en lo que respecta a Gipuzkoa se prev\u00e9n realizar conforme al trazado anterior, es decir, sin bordear Aralar\u201d, ha advertido la diputada general de Gipuzkoa, Eider Mendoza, tras conocer las declaraciones realizadas ayer en Bilbao por el Secretario de Estado, Jos\u00e9 Antonio Santano. <\/p>\n<p style=\"margin-bottom:13px; text-align:justify\">Mendoza ha informado de que, a pesar de que el Secretario de Estado de Transportes haya afirmado que las catas se realizar\u00e1n lejos del macizo central de Aralar, el contrato de adjudicaci\u00f3n de dichos trabajos no bordea Aralar a su paso por Gipuzkoa. \u201cSe afirma que se toma como base la propuesta realizada por el Gobierno Vasco en sus alegaciones del 2018, pero observamos sobre el papel que las catas propuestas ahora no coinciden con el trazado recogido en dicho documento de alegaciones, un trazado alternativo que bordear\u00eda en su totalidad Aralar y que dieron por bueno analizar. Un acuerdo que ahora no respetan\u201d. Seg\u00fan ha completado, la Diputaci\u00f3n ya ha advertido de ello al Ministerio, obteniendo \u201cun silencio absoluto por respuesta\u201d. <\/p>\n<p style=\"margin-bottom:13px; text-align:justify\">\u201cPor todo ello, resultan inquietantes las declaraciones p\u00fablicas realizadas, ya que las catas ahora previstas en Gipuzkoa se situar\u00edan en el trazado anterior y no en el propuesto por el Gobierno Vasco en 2018\u201d, ha apuntado. Esa modificaci\u00f3n exige una explicaci\u00f3n clara y concisa\u201d, ha asegurado, para volver a exigir \u201cseriedad, rigor y transparencia\u201d en todo lo relativo a la conexi\u00f3n entre la \u2018Y vasca\u2019 y Navarra.<\/p>\n<p style=\"margin-bottom:13px; text-align:justify\">La diputada general ha reiterado que, para la \u201cfuncionalidad y competitividad\u201d de la infraestructura, resulta de \u201cvital importancia\u201d que dicha conexi\u00f3n se realice por Ezkio-Itsaso y ha pedido que las catas \u201carranquen cuanto antes, pero que arranquen bien\u201d. \u201cOfrecemos nuestra colaboraci\u00f3n leal y sincera al Ministerio. Pero debemos ser exigentes y lo seremos. Porque est\u00e1 en juego el futuro de Gipuzkoa y de nuestro pa\u00eds\u201d, ha defendido para recordar que la llegada del TAV acumula un hist\u00f3rico retraso que afecta directamente a la vertebraci\u00f3n, a la descarbonizaci\u00f3n y a la competitividad de Gipuzkoa y Euskadi\u201d.<\/p>\n","protected":false},"excerpt":{"rendered":"\u201cLas catas para determinar la conexi\u00f3n por Ezkio-Itsaso del Tren de Alta Velocidad no han comenzado a\u00fan y&hellip;\n","protected":false},"author":2,"featured_media":154893,"comment_status":"","ping_status":"","sticky":false,"template":"","format":"standard","meta":{"footnotes":""},"categories":[5],"tags":[517,17,18,4728,32999,25,24,13,14,4730,11,19,20,9,10,15,16,4729,23,12,21,22],"class_list":{"0":"post-191286","1":"post","2":"type-post","3":"status-publish","4":"format-standard","5":"has-post-thumbnail","7":"category-titulares","8":"tag-actualidad","9":"tag-breaking-news","10":"tag-breakingnews","11":"tag-diputacion-forla-de-gipuzkoa","12":"tag-diputada-general","13":"tag-es","14":"tag-espana","15":"tag-featured-news","16":"tag-featurednews","17":"tag-gipuzkoa-eus","18":"tag-headlines","19":"tag-latest-news","20":"tag-latestnews","21":"tag-news","22":"tag-noticias","23":"tag-noticias-destacadas","24":"tag-noticiasdestacadas","25":"tag-orain-gipuzkoa","26":"tag-spain","27":"tag-titulares","28":"tag-ultimas-noticias","29":"tag-ultimasnoticias"},"share_on_mastodon":{"url":"https:\/\/pubeurope.com\/@es\/115411648795526356","error":""},"_links":{"self":[{"href":"https:\/\/www.europesays.com\/es\/wp-json\/wp\/v2\/posts\/191286","targetHints":{"allow":["GET"]}}],"collection":[{"href":"https:\/\/www.europesays.com\/es\/wp-json\/wp\/v2\/posts"}],"about":[{"href":"https:\/\/www.europesays.com\/es\/wp-json\/wp\/v2\/types\/post"}],"author":[{"embeddable":true,"href":"https:\/\/www.europesays.com\/es\/wp-json\/wp\/v2\/users\/2"}],"replies":[{"embeddable":true,"href":"https:\/\/www.europesays.com\/es\/wp-json\/wp\/v2\/comments?post=191286"}],"version-history":[{"count":0,"href":"https:\/\/www.europesays.com\/es\/wp-json\/wp\/v2\/posts\/191286\/revisions"}],"wp:featuredmedia":[{"embeddable":true,"href":"https:\/\/www.europesays.com\/es\/wp-json\/wp\/v2\/media\/154893"}],"wp:attachment":[{"href":"https:\/\/www.europesays.com\/es\/wp-json\/wp\/v2\/media?parent=191286"}],"wp:term":[{"taxonomy":"category","embeddable":true,"href":"https:\/\/www.europesays.com\/es\/wp-json\/wp\/v2\/categories?post=191286"},{"taxonomy":"post_tag","embeddable":true,"href":"https:\/\/www.europesays.com\/es\/wp-json\/wp\/v2\/tags?post=191286"}],"curies":[{"name":"wp","href":"https:\/\/api.w.org\/{rel}","templated":true}]}}