{"id":191293,"date":"2025-10-21T10:24:12","date_gmt":"2025-10-21T10:24:12","guid":{"rendered":"https:\/\/www.europesays.com\/es\/191293\/"},"modified":"2025-10-21T10:24:12","modified_gmt":"2025-10-21T10:24:12","slug":"me-dijeron-que-cartagena-es-mas-bonita","status":"publish","type":"post","link":"https:\/\/www.europesays.com\/es\/191293\/","title":{"rendered":"Me dijeron que Cartagena es m\u00e1s bonita"},"content":{"rendered":"<p class=\"ft-text\">El creador de contenido <strong>David Cuevas<\/strong>, conocido por su proyecto de recorrer todas las provincias del pa\u00eds en una serie titulada &#8216;Vuelta a Espa\u00f1a&#8217; ha hecho parada en la <strong>Regi\u00f3n de Murcia<\/strong>. A trav\u00e9s de dos v\u00eddeos (uno grabado en <strong>Murcia capital<\/strong> y otro en <strong>Cartagena)<\/strong> el joven riojano ha compartido con su comunidad lo que m\u00e1s le ha sorprendido, gustado y, en alg\u00fan caso decepcionado de su paso por el sureste espa\u00f1ol.<\/p>\n<p class=\"ft-text\">\u201c<strong>Oye, s\u00ed que empezamos el v\u00eddeo muy contentos, pero hoy Murcia existe. Hoy vamos a comprobarlo<\/strong>\u201d, comienza diciendo el creador en su v\u00eddeo sobre la capital, que lleva \u201c<strong>un a\u00f1o visitando todas las provincias de Espa\u00f1a<\/strong>\u201d y al que le tocaba conocer Murcia \u201c<strong>bien al detalle<\/strong>\u201d.<\/p>\n<p class=\"ft-text\">Su recorrido arranca en el entorno de la <strong>Catedral de Murcia<\/strong> donde bromea con el detalle de que \u201c<strong>aqu\u00ed abajo hay muertos<\/strong>\u201d al descubrir las criptas, aunque confiesa que \u201c<strong>no entramos porque hab\u00eda que pagar, pero oye, muy bonito<\/strong>\u201d.<\/p>\n<p class=\"ft-text\">La gastronom\u00eda fue otro de los puntos fuertes de su paso por la ciudad. Cuevas probaba algunos de los cl\u00e1sicos m\u00e1s reconocibles de la cocina murciana: \u201c<strong>Prob\u00e9 la marinera, que era una rosquilla con ensaladilla rusa y anchoa, muy buena, al igual que el caballito<\/strong>\u201d, relata en tono coloquial. M\u00e1s tarde, en el local La Tapa Murciana, se animaba con los <strong>michirones<\/strong>, un guiso tradicional que describe como \u201c<strong>todo muy bueno<\/strong>\u201d.<\/p>\n<p class=\"ft-text\">El creador tambi\u00e9n dej\u00f3 su impresi\u00f3n sobre el aspecto urbano de la capital. Asegura que \u201c<strong>me sorprendi\u00f3 bastante Murcia, no me esperaba para nada que fuera una ciudad tan grande<\/strong>\u201d y destaca especialmente el edificio del Ayuntamiento \u201c<strong>fijaos qu\u00e9 ayuntamiento m\u00e1s chulo<\/strong>\u201d.<\/p>\n<p class=\"ft-text\">Pero no todo fueron elogios, en su repaso a\u00f1ade un peque\u00f1o tir\u00f3n de orejas: \u201c<strong>Lo que no me pareci\u00f3 tan chulo es el r\u00edo. S\u00ed que es verdad que est\u00e1 un poco con los cementos<\/strong>\u201d.<\/p>\n<p class=\"ft-text\">Entre los lugares que m\u00e1s le llamaron la atenci\u00f3n, menciona el <strong>Puente de los Peligros<\/strong>, al que define con su particular estilo: \u201c<strong>Porque t\u00fa rebota saltas en \u00e9l y se nota que tiembla<\/strong>\u201d.<\/p>\n<p class=\"ft-text\">La jornada terminaba con un atardecer que califica de \u201c<strong>muy chulo<\/strong>\u201d y una cena en el <strong>Mercado de Correos<\/strong>, donde subraya la variedad de comida \u201c<strong>murciana, italiana, japonesa, hamburguesa, pizza, lo que quieras y estaba bueno y muy bien de precio<\/strong>\u201d.<\/p>\n<p>\u201cMe dijeron que Cartagena es m\u00e1s bonita\u201d<\/p>\n<p class=\"ft-text\">En el segundo v\u00eddeo publicado un d\u00eda despu\u00e9s Cuevas arranca con una confesi\u00f3n provocadora: \u201c<strong>Ayer estuvimos por Murcia y no os enfad\u00e9is, pero me dijeron que Cartagena es m\u00e1s bonito, as\u00ed que aqu\u00ed me he venido a conocer Cartagena<\/strong>\u201d.<\/p>\n<p class=\"ft-text\">La grabaci\u00f3n, estructurada tambi\u00e9n como un diario de viaje, comienza con un paseo por el <strong>puerto<\/strong>, donde destaca que \u201c<strong>es de los mejores puertos naturales del Mediterr\u00e1neo<\/strong>\u201d y que justo al lado se encuentra \u201c<strong>este restaurante muy conocido, la mejillonera, en el que paramos a comer y prob\u00e9 los mejillones con mayonesa, no lo hab\u00eda visto en la vida<\/strong>\u201d.<\/p>\n<p class=\"ft-text\">El recorrido continuaba con una parada en la <strong>antigua Catedral de Santa Mar\u00eda la Vieja<\/strong> y el <strong>Teatro Romano<\/strong>, del que comenta con humor: \u201c<strong>Concesioneo para una boda incluido<\/strong>\u201d.<\/p>\n<p>Licor 43, La Manga y el ba\u00f1o en octubre<\/p>\n<p class=\"ft-text\">El tono relajado del v\u00eddeo se mantiene cuando entra en la tienda de <strong>Licor 43<\/strong>, de la que explica: \u201c<strong>Ojo que llega la hora del caf\u00e9 y dir\u00e9is, David, \u00bfqu\u00e9 haces entrando en la tienda Licor 43? Pues porque el licor 43 fue creado aqu\u00ed en Cartagena<\/strong>\u201d. Aprovecha el momento para probar un <strong>caf\u00e9 asi\u00e1tico<\/strong>, que define con entusiasmo: \u201c<strong>Muy bueno estaba eh, me gust\u00f3 bastante<\/strong>\u201d.<\/p>\n<p class=\"ft-text\">Despu\u00e9s el joven toma el coche hacia \u201c<strong>una zona muy conocida de Cartagena<\/strong>\u201d: <strong>La Manga del Mar Menor<\/strong>. La describe como \u201c<strong>una franja de tierra de unos 21 km que separa el Mar Menor del Mediterr\u00e1neo<\/strong>\u201d, y no puede resistirse a un ba\u00f1o: \u201c<strong>El agua no est\u00e1 nada mala eh\u2026 soy el t\u00edpico que estamos en octubre y me pienso que estoy en verano<\/strong>\u201d.<\/p>\n<p class=\"ft-text\">Del Mediterr\u00e1neo pasa al Mar Menor aunque ah\u00ed se muestra m\u00e1s cr\u00edtico: \u201c<strong>La verdad que estaba un poco m\u00e1s sucio<\/strong>\u201d. Aun as\u00ed, el cierre de la jornada llega con un tono casi po\u00e9tico: \u201c<strong>El atardecer que vimos aqu\u00ed no tuvo ning\u00fan&#8230; cuando se escondi\u00f3 el sol el cielo se empez\u00f3 a poner superrojo y la verdad que era muy bonito<\/strong>\u201d.<\/p>\n<p class=\"ft-text\">Ya al final del v\u00eddeo, David Cuevas resume su paso por la regi\u00f3n con una frase sencilla: \u201c<strong>Tanto Cartagena como la provincia de Murcia me ha gustado mucho<\/strong>\u201d.<\/p>\n","protected":false},"excerpt":{"rendered":"El creador de contenido David Cuevas, conocido por su proyecto de recorrer todas las provincias del pa\u00eds en&hellip;\n","protected":false},"author":2,"featured_media":191294,"comment_status":"","ping_status":"","sticky":false,"template":"","format":"standard","meta":{"footnotes":""},"categories":[273],"tags":[53467,313,6621,312,168,4482,8184,25,24,1928,9739,6192,7664,13556,23,167],"class_list":{"0":"post-191293","1":"post","2":"type-post","3":"status-publish","4":"format-standard","5":"has-post-thumbnail","7":"category-ciclismo","8":"tag-buzzeando","9":"tag-ciclismo","10":"tag-criticas","11":"tag-cycling","12":"tag-deportes","13":"tag-dv","14":"tag-elogios","15":"tag-es","16":"tag-espana","17":"tag-joven","18":"tag-la-rioja","19":"tag-region","20":"tag-region-de-murcia","21":"tag-rioja","22":"tag-spain","23":"tag-sports"},"share_on_mastodon":{"url":"https:\/\/pubeurope.com\/@es\/115411672417960844","error":""},"_links":{"self":[{"href":"https:\/\/www.europesays.com\/es\/wp-json\/wp\/v2\/posts\/191293","targetHints":{"allow":["GET"]}}],"collection":[{"href":"https:\/\/www.europesays.com\/es\/wp-json\/wp\/v2\/posts"}],"about":[{"href":"https:\/\/www.europesays.com\/es\/wp-json\/wp\/v2\/types\/post"}],"author":[{"embeddable":true,"href":"https:\/\/www.europesays.com\/es\/wp-json\/wp\/v2\/users\/2"}],"replies":[{"embeddable":true,"href":"https:\/\/www.europesays.com\/es\/wp-json\/wp\/v2\/comments?post=191293"}],"version-history":[{"count":0,"href":"https:\/\/www.europesays.com\/es\/wp-json\/wp\/v2\/posts\/191293\/revisions"}],"wp:featuredmedia":[{"embeddable":true,"href":"https:\/\/www.europesays.com\/es\/wp-json\/wp\/v2\/media\/191294"}],"wp:attachment":[{"href":"https:\/\/www.europesays.com\/es\/wp-json\/wp\/v2\/media?parent=191293"}],"wp:term":[{"taxonomy":"category","embeddable":true,"href":"https:\/\/www.europesays.com\/es\/wp-json\/wp\/v2\/categories?post=191293"},{"taxonomy":"post_tag","embeddable":true,"href":"https:\/\/www.europesays.com\/es\/wp-json\/wp\/v2\/tags?post=191293"}],"curies":[{"name":"wp","href":"https:\/\/api.w.org\/{rel}","templated":true}]}}