{"id":191305,"date":"2025-10-21T10:30:33","date_gmt":"2025-10-21T10:30:33","guid":{"rendered":"https:\/\/www.europesays.com\/es\/191305\/"},"modified":"2025-10-21T10:30:33","modified_gmt":"2025-10-21T10:30:33","slug":"ya-se-puede-visitar-la-33-a-feria-del-libro-infantil-y-juvenil-en-el-palacio-libertad","status":"publish","type":"post","link":"https:\/\/www.europesays.com\/es\/191305\/","title":{"rendered":"Ya se puede visitar la 33.\u00aa Feria del Libro Infantil y Juvenil en el Palacio Libertad"},"content":{"rendered":"<p>En la tarde hoy, qued\u00f3 oficialmente inaugurada la <strong>33.\u00aa Feria del Libro Infantil y Juvenil<\/strong> que este a\u00f1o nuevamente tiene lugar en diversas salas y espacios del <a href=\"blank:#https:\/\/palaciolibertad.gob.ar\/\">Palacio Libertad, Centro Cultural Domingo F. Sarmiento<\/a>.<\/p>\n<p><img decoding=\"async\" src=\"https:\/\/www.europesays.com\/es\/wp-content\/uploads\/2025\/10\/inauguracion_feria_del_libro171.jpg\" alt=\"\"\/><\/p>\n<p>Participaron en el acto inaugural el director art\u00edstico del Palacio LIbertad, <strong>Pablo Silva<\/strong>, junto a autoridades de la Fundaci\u00f3n El Libro; su presidente <strong>Christian Rainone<\/strong>; su director general, <strong>Ezequiel Mart\u00ednez<\/strong>, y la presidente de su Comisi\u00f3n del Libro Infantil y Juvenil, <strong>Gabriela P\u00e9rez<\/strong>. El discurso inaugural estuvo a cargo de la reconocida escritora de literatura infantil y juvenil <strong>Mar\u00eda Teresa Andruetto<\/strong>. Tambi\u00e9n particip\u00f3 el joven ilustrador <strong>Nehu\u00e9n Costa<\/strong> qui\u00e9n recibi\u00f3 un reconocimiento como ganador del concurso para la creaci\u00f3n de personajes institucionales para la Feria del Libro Infantil y Juvenil.<\/p>\n<p>\u00abAunque no pudo estar presente quiero agradecer muy especialmente a Leonardo Cifelli, secretario de Cultura, por darnos la oportunidad de volver a realizar este evento en el Palacio Libertad. Quer\u00eda contarles que desde la Fundaci\u00f3n el Libro estamos impulsando algunas acciones para fortalecer en el v\u00ednculo con el libro en la infancia y la juventud con la idea de que visitar una feria no sea solo una salida educativa sino una experiencia deseada, estimulante que se recuerde y se comparta\u00bb, sostuvo Christian Rainone durante el acto.<\/p>\n<p><img decoding=\"async\" src=\"https:\/\/www.europesays.com\/es\/wp-content\/uploads\/2025\/10\/inauguracion_feria_del_libro101.jpg\" alt=\"\"\/><\/p>\n<p>Adem\u00e1s, estuvieron presentes la directora de la Biblioteca Nacional \u00abMariano Moreno\u00bb, <strong>Susana Soto<\/strong>; la escritora y periodista <strong>Canela<\/strong>; la ilustradora de ediciones infantiles <strong>Isol Misenta<\/strong>; la periodista y locutora <strong>Laura Leibiker<\/strong>, la ilustradora <strong>Ana Luisa Stok<\/strong>; el presidente de la C\u00e1mara Argentina del Libro, <strong>Juan Manuel Pamp\u00edn<\/strong>, y la editora de libros para ni\u00f1os j\u00f3venes <strong>Mar\u00eda Amelia Macedo<\/strong>, entre otras autoridades, personalidades de la cultura e invitados especiales.<\/p>\n<p>En su 33.\u00aa edici\u00f3n, <strong>Feria del Libro Infantil y Juvenil<\/strong> se plantea como un aporte para la formaci\u00f3n cultural y educativa de ni\u00f1os y j\u00f3venes, orientada a incentivar la relaci\u00f3n temprana con los libros en un ambiente de alegr\u00eda y entretenimiento.<\/p>\n<p><img decoding=\"async\" src=\"https:\/\/www.europesays.com\/es\/wp-content\/uploads\/2025\/10\/33-feria-del-libro-infantil-y-juvenil_principal.jpg\" alt=\"\" title=\"33.\u00aa edici\u00f3n de la Feria del Libro Infantil y Juvenil\"\/>33.\u00aa edici\u00f3n de la Feria del Libro Infantil y Juvenil<\/p>\n<p>Como todos los a\u00f1os, las actividades son m\u00faltiples y variadas. En planta baja, la <strong>Plaza seca<\/strong> aloja los <strong>tradicionales stands de editoriales y librer\u00edas<\/strong>. En el <strong>primer piso<\/strong> se realizan <strong>talleres de ciencia y de arte<\/strong>. Adem\u00e1s, se suman <strong>actividades diarias<\/strong> en el <strong>Auditorio 511<\/strong>, y otras propuestas en la <strong>Terraza del Auditorio Nacional<\/strong>. Asimismo, en <strong>planta baja<\/strong> y en el <strong>cuarto piso<\/strong> el p\u00fablico puede disfrutar de <strong>Cuentacuentos<\/strong> y <strong>Cuentacuentos II<\/strong>, dos espacios de recreaci\u00f3n que ofrecen narraciones, espect\u00e1culos de t\u00edteres, juegos, presentaciones de libros, encuentros con distintos autores y mucho m\u00e1s.<\/p>\n<p>La Feria del Libro Infantil y Juvenil se podr\u00e1 visitar desde el **s\u00e1bado 19 de julio hasta el domingo 3 de agosto,  de 14 a 20 h, en el Palacio Libertad (Sarmiento 151, CABA).<\/p>\n<p><strong>Consultar<\/strong> <strong><a href=\"blank:#https:\/\/www.el-libro.org.ar\/feria-infantil-y-juvenil\/programacion\/\">Programaci\u00f3n completa<\/a><\/strong><\/p>\n","protected":false},"excerpt":{"rendered":"En la tarde hoy, qued\u00f3 oficialmente inaugurada la 33.\u00aa Feria del Libro Infantil y Juvenil que este a\u00f1o&hellip;\n","protected":false},"author":2,"featured_media":191306,"comment_status":"","ping_status":"","sticky":false,"template":"","format":"standard","meta":{"footnotes":""},"categories":[172],"tags":[5063,5065,5059,5078,224,594,1639,146,147,25,24,693,5064,5066,582,5060,5069,5061,225,5073,813,5074,5075,5077,5076,4500,5062,4113,5071,5070,23,5067,5068,5072],"class_list":{"0":"post-191305","1":"post","2":"type-post","3":"status-publish","4":"format-standard","5":"has-post-thumbnail","7":"category-libros","8":"tag-administracion","9":"tag-administracion-publica","10":"tag-argentino","11":"tag-beneficios","12":"tag-books","13":"tag-ciudadanos","14":"tag-digital","15":"tag-entertainment","16":"tag-entretenimiento","17":"tag-es","18":"tag-espana","19":"tag-estado","20":"tag-gestion","21":"tag-gestion-publica","22":"tag-gobierno","23":"tag-gobierno-argentino","24":"tag-gobierno-digital","25":"tag-gobierno-nacional","26":"tag-libros","27":"tag-modernizacion","28":"tag-nacional","29":"tag-organismo","30":"tag-organismo-publico","31":"tag-organismos","32":"tag-organismos-publicos","33":"tag-publica","34":"tag-republica-argentina","35":"tag-servicios","36":"tag-servicios-digitales","37":"tag-servicios-en-linea","38":"tag-spain","39":"tag-tramites","40":"tag-tramites-en-linea","41":"tag-transparencia"},"share_on_mastodon":{"url":"","error":"Validation failed: Text character limit of 500 exceeded"},"_links":{"self":[{"href":"https:\/\/www.europesays.com\/es\/wp-json\/wp\/v2\/posts\/191305","targetHints":{"allow":["GET"]}}],"collection":[{"href":"https:\/\/www.europesays.com\/es\/wp-json\/wp\/v2\/posts"}],"about":[{"href":"https:\/\/www.europesays.com\/es\/wp-json\/wp\/v2\/types\/post"}],"author":[{"embeddable":true,"href":"https:\/\/www.europesays.com\/es\/wp-json\/wp\/v2\/users\/2"}],"replies":[{"embeddable":true,"href":"https:\/\/www.europesays.com\/es\/wp-json\/wp\/v2\/comments?post=191305"}],"version-history":[{"count":0,"href":"https:\/\/www.europesays.com\/es\/wp-json\/wp\/v2\/posts\/191305\/revisions"}],"wp:featuredmedia":[{"embeddable":true,"href":"https:\/\/www.europesays.com\/es\/wp-json\/wp\/v2\/media\/191306"}],"wp:attachment":[{"href":"https:\/\/www.europesays.com\/es\/wp-json\/wp\/v2\/media?parent=191305"}],"wp:term":[{"taxonomy":"category","embeddable":true,"href":"https:\/\/www.europesays.com\/es\/wp-json\/wp\/v2\/categories?post=191305"},{"taxonomy":"post_tag","embeddable":true,"href":"https:\/\/www.europesays.com\/es\/wp-json\/wp\/v2\/tags?post=191305"}],"curies":[{"name":"wp","href":"https:\/\/api.w.org\/{rel}","templated":true}]}}