{"id":191315,"date":"2025-10-21T10:36:09","date_gmt":"2025-10-21T10:36:09","guid":{"rendered":"https:\/\/www.europesays.com\/es\/191315\/"},"modified":"2025-10-21T10:36:09","modified_gmt":"2025-10-21T10:36:09","slug":"gabriel-rufian-es-tajante-sobre-que-politico-de-derechas-no-tiene-que-ir-a-la-revuelta","status":"publish","type":"post","link":"https:\/\/www.europesays.com\/es\/191315\/","title":{"rendered":"Gabriel Rufi\u00e1n es tajante sobre qu\u00e9 pol\u00edtico de derechas NO tiene que ir a &#8216;La Revuelta&#8217;"},"content":{"rendered":"<p>Si hace menos de dos semanas <b>La Revuelta y el pol\u00edtico catal\u00e1n Gabriel Rufi\u00e1n <\/b>se emplazaron por redes sociales para<a href=\"https:\/\/www.huffingtonpost.es\/virales\/broncano-marca-objetivo-rufian-politico-acepta-la-revuelta-firma-tuit-da-hablar.html\" rel=\"nofollow noopener\" target=\"_blank\"> una entrevista al diputado de ERC en el programa de David Broncano<\/a>, este lunes esa cita ha llegado.<\/p>\n<p>Durante la conversaci\u00f3n que mantuvieron hablaron de todo, hasta del v\u00eddeo que grabaron de Rufi\u00e1n bailando con la actriz Ester Exp\u00f3sito en una discoteca de Madrid. Broncano tambi\u00e9n aprovech\u00f3 para comentarle que, despu\u00e9s de su visita,<b> tendr\u00eda que venir un pol\u00edtico del espectro conservador<\/b> para compensar el p\u00e9ndulo ideol\u00f3gico.\u00a0<\/p>\n<p>\u00abAbascal\u00bb, le contest\u00f3 el diputado de ERC, algo que r\u00e1pidamente rechaz\u00f3 Broncano. Rufi\u00e1n le ofreci\u00f3 a alguien de Junts como Carles Puigdemont y conden\u00f3 que no pueda estar en Espa\u00f1a por un refer\u00e9ndum antes de pronunciarse sobre el l\u00edder del PP, Alberto N\u00fa\u00f1ez Feij\u00f3o: <b>\u00abNo s\u00e9, Feij\u00f3o igual quiere venir, pero divertido no es\u00bb.<\/b><\/p>\n<p>\u00ab\u00bfParece majete, no?\u00bb, le pregunt\u00f3 Broncano, a lo que Rufi\u00e1n eludi\u00f3 y cogi\u00f3 el perro de peluche para decir que tendr\u00eda que ir el presidente del Gobierno, Pedro S\u00e1nchez. \u00abNo, eso igual <b>cuando sean elecciones, en nuestro \u00faltimo curso de programa, que ah\u00ed supongo que tendr\u00e1n que venir<\/b>\u00ab, coment\u00f3 el presentador, que le pidi\u00f3 a Broncano que mandara un mensaje \u00abserio y sin iron\u00eda\u00bb al l\u00edder &#8216;popular&#8217; para que asista al programa.\u00a0<\/p>\n<p>\u00abAlberto, vente, que si no vendr\u00e1 Ayuso, con eso lo entender\u00e1\u00bb, le dijo Rufi\u00e1n r\u00e1pidamente, que consigui\u00f3 provocar las carcajadas de los presentes. Tras esas palabras se puso serio y quiso decirle a qui\u00e9n no deber\u00eda de invitar. \u00ab<b>Lo\u00a0\u00fanico que te pido es que nunca jam\u00e1s invites a Maz\u00f3n, Maz\u00f3n a prisi\u00f3n<\/b>\u00ab, sentenci\u00f3 el pol\u00edtico de ERC sobre el presidente de la Comunidad Valenciana.<\/p>\n<p><b>\u00abNo vaya a ser que ese d\u00eda se rompa una tuber\u00eda<\/b> y cuando te des cuenta est\u00e9 en el karaoke de aqu\u00ed al lado\u00bb, acab\u00f3 ironizando Broncano.<\/p>\n","protected":false},"excerpt":{"rendered":"Si hace menos de dos semanas La Revuelta y el pol\u00edtico catal\u00e1n Gabriel Rufi\u00e1n se emplazaron por redes&hellip;\n","protected":false},"author":2,"featured_media":191316,"comment_status":"","ping_status":"","sticky":false,"template":"","format":"standard","meta":{"footnotes":""},"categories":[91],"tags":[146,147,25,24,5394,29956,23,807],"class_list":{"0":"post-191315","1":"post","2":"type-post","3":"status-publish","4":"format-standard","5":"has-post-thumbnail","7":"category-entretenimiento","8":"tag-entertainment","9":"tag-entretenimiento","10":"tag-es","11":"tag-espana","12":"tag-gabriel-rufian","13":"tag-la-revuelta","14":"tag-spain","15":"tag-television"},"share_on_mastodon":{"url":"https:\/\/pubeurope.com\/@es\/115411719611096004","error":""},"_links":{"self":[{"href":"https:\/\/www.europesays.com\/es\/wp-json\/wp\/v2\/posts\/191315","targetHints":{"allow":["GET"]}}],"collection":[{"href":"https:\/\/www.europesays.com\/es\/wp-json\/wp\/v2\/posts"}],"about":[{"href":"https:\/\/www.europesays.com\/es\/wp-json\/wp\/v2\/types\/post"}],"author":[{"embeddable":true,"href":"https:\/\/www.europesays.com\/es\/wp-json\/wp\/v2\/users\/2"}],"replies":[{"embeddable":true,"href":"https:\/\/www.europesays.com\/es\/wp-json\/wp\/v2\/comments?post=191315"}],"version-history":[{"count":0,"href":"https:\/\/www.europesays.com\/es\/wp-json\/wp\/v2\/posts\/191315\/revisions"}],"wp:featuredmedia":[{"embeddable":true,"href":"https:\/\/www.europesays.com\/es\/wp-json\/wp\/v2\/media\/191316"}],"wp:attachment":[{"href":"https:\/\/www.europesays.com\/es\/wp-json\/wp\/v2\/media?parent=191315"}],"wp:term":[{"taxonomy":"category","embeddable":true,"href":"https:\/\/www.europesays.com\/es\/wp-json\/wp\/v2\/categories?post=191315"},{"taxonomy":"post_tag","embeddable":true,"href":"https:\/\/www.europesays.com\/es\/wp-json\/wp\/v2\/tags?post=191315"}],"curies":[{"name":"wp","href":"https:\/\/api.w.org\/{rel}","templated":true}]}}