{"id":191323,"date":"2025-10-21T10:40:08","date_gmt":"2025-10-21T10:40:08","guid":{"rendered":"https:\/\/www.europesays.com\/es\/191323\/"},"modified":"2025-10-21T10:40:08","modified_gmt":"2025-10-21T10:40:08","slug":"mario-picazo-tajante-sobre-el-horario-que-espana-debe-mantener-si-se-pone-fin-al-cambio-de-hora-deberia-ser-inamovible","status":"publish","type":"post","link":"https:\/\/www.europesays.com\/es\/191323\/","title":{"rendered":"Mario Picazo, tajante sobre el horario que Espa\u00f1a debe mantener si se pone fin al cambio de hora: \u00abDeber\u00eda ser inamovible\u00bb"},"content":{"rendered":"<p style=\"\">El <strong>pr\u00f3ximo 26 de octubre de 2025<\/strong> se llevar\u00e1 a cabo el habitual <a href=\"https:\/\/www.abc.es\/sociedad\/cambio-hora-espana-cambia-reloj-entrar-horario-invierno-20251018171750-nt.html\" title=\"www.abc.es\" data-voc-vtm-id=\"in-text-traffic\" data-mrf-link=\"www.abc.es\" rel=\"nofollow noopener\" target=\"_blank\">cambio de hora en Espa\u00f1a<\/a>. Durante la madrugada del s\u00e1bado al domingo, <strong>a las 03.00 horas ser\u00e1n las 02.00 horas<\/strong>, dando paso as\u00ed al llamado <strong>horario de <\/strong> &#8230; <strong>invierno<\/strong>. Esta acci\u00f3n se lleva a cabo dos veces al a\u00f1o desde hace m\u00e1s de cuatro d\u00e9cadas con el prop\u00f3sito de aprovechar las <strong>horas de luz<\/strong> y contribuir con el <a href=\"https:\/\/www.abc.es\/sociedad\/espanoles-apuestan-horario-verano-expertos-salud-prefieren-20251020201503-nt.html\" title=\"www.abc.es\" data-voc-vtm-id=\"in-text-traffic\" data-mrf-link=\"www.abc.es\" rel=\"nofollow noopener\" target=\"_blank\">ahorro energ\u00e9tico<\/a>.<\/p>\n<p class=\"voc-p\" style=\"\">Sin embargo, el cambio de hora no ha estado <a href=\"https:\/\/www.abc.es\/espana\/galicia\/jorge-mira-experto-usc-favor-cambio-hora-20251020135431-nt.html\" title=\"www.abc.es\" data-voc-vtm-id=\"in-text-traffic\" data-mrf-link=\"www.abc.es\" rel=\"nofollow noopener\" target=\"_blank\">exento de pol\u00e9mica<\/a> por los perjuicios que ocasiona a la salud. Es por ello que este lunes 20 de octubre <strong>el presidente del Gobierno, Pedro S\u00e1nchez<\/strong>, anunci\u00f3 que iba a proponer a la Uni\u00f3n Europea <a href=\"https:\/\/www.abc.es\/sociedad\/sanchez-propondra-union-europea-acabar-cambio-hora-20251020082216-nt.html\" title=\"www.abc.es\" data-voc-vtm-id=\"in-text-traffic\" data-mrf-link=\"www.abc.es\" rel=\"nofollow noopener\" target=\"_blank\">acabar con este en 2026<\/a>, al entender que este mecanismo \u00abya no tiene sentido\u00bb. \u00abApenas ayuda a ahorrar energ\u00eda y <strong>tiene un impacto negativo en la salud<\/strong> y en la vida de la gente\u00bb, ha expresado el dirigente en sus redes sociales.<\/p>\n<blockquote class=\"twitter-tweet\">\n<p lang=\"es\" dir=\"ltr\">Cambiar la hora dos veces al a\u00f1o ya no tiene sentido.\u202f<\/p>\n<p>Apenas ayuda a ahorrar energ\u00eda y tiene un impacto negativo en la salud y en la vida de la gente.<\/p>\n<p>Por eso, hoy el Gobierno de Espa\u00f1a propondr\u00e1 a la UE acabar con el cambio de hora estacional en el Consejo de Energ\u00eda y\u2026 <a href=\"https:\/\/t.co\/LA9UM0HVfG\" rel=\"nofollow\">pic.twitter.com\/LA9UM0HVfG<\/a><\/p>\n<p>\u2014 Pedro S\u00e1nchez (@sanchezcastejon) <a href=\"https:\/\/twitter.com\/sanchezcastejon\/status\/1980151947807055966?ref_src=twsrc%5Etfw\" rel=\"nofollow noopener\" target=\"_blank\">October 20, 2025<\/a><\/p><\/blockquote>\n<p class=\"voc-p\" style=\"\">El l\u00edder del Ejecutivo no es el \u00fanico que se ha mostrado a favor de acabar con esta medida. Tambi\u00e9n <strong>los ciudadanos y los expertos en salud<\/strong> se han posicionado en contra de cambiar la hora cada <strong>primavera y oto\u00f1o<\/strong>, pues no solo no ayuda a ahorrar energ\u00eda, sino que encima puede ser <strong>perjudicial para el ritmo circadiano<\/strong>, provocando trastornos del sue\u00f1o y otro tipo de desajustes.<\/p>\n<p class=\"voc-p\" style=\"\">Ahora, con la intenci\u00f3n del Gobierno de acabar con el cambio de hora, ha vuelto a reabrirse el debate de qu\u00e9 horario es mejor para los ciudadanos: <strong>\u00bfel de invierno o el de verano?<\/strong> Sobre esta cuesti\u00f3n se ha pronunciado un experto en meteorolog\u00eda y ciencia como <strong>Mario Picazo<\/strong>. En un mensaje publicado en su cuenta de X (antes Twitter), el f\u00edsico ha expuesto algunos de los beneficios que acabar con esta medida puede tener para los espa\u00f1oles y ha se\u00f1alado <strong>cu\u00e1l de los dos deber\u00eda mantenerse<\/strong>.<\/p>\n<p>\nMario Picazo, tajante sobre los beneficios de acabar con el cambio de hora en Espa\u00f1a\n<\/p>\n<p class=\"voc-p\" style=\"\">Como bien ha recordado el cient\u00edfico, conforme nos acercamos a las fechas en las que se realiza el cambio de hora siempre \u00absurge el mismo debate\u00bb en los pa\u00edses de la Uni\u00f3n Europea. \u00abDejar de cambiar la hora en octubre y despu\u00e9s en marzo <strong>es algo que ya se plante\u00f3 hace 6 a\u00f1os en el Parlamento Europeo<\/strong> y hoy seguimos igual\u00bb, ha rememorado el que fuera hombre del tiempo en Telecinco.<\/p>\n<p class=\"voc-p\" style=\"\">Para Picazo, no cambiar m\u00e1s la hora es algo que se deber\u00eda empezar a hacer y que <strong>\u00abse justifica por varias razones\u00bb<\/strong>. Entre las que destaca el meteor\u00f3logo para dejar de hacerlo a partir de 2026, se encuentran beneficios como \u00abuna <strong>mejora en la salud y el bienestar<\/strong> al evitar los desajustes del sue\u00f1o y del ritmo biol\u00f3gico y una <strong>mayor estabilidad en horarios laborales y escolares<\/strong>\u00bb. Adem\u00e1s, apunta a que esto tambi\u00e9n evitar\u00e1 que se produzca \u00abconfusi\u00f3n en transportes y planificaci\u00f3n\u00bb, as\u00ed como \u00abuna <strong>ligera mejora en productividad<\/strong> al mantener rutinas constantes\u00bb.<\/p>\n<p class=\"voc-p\" style=\"\">El experto en el tiempo ha hecho referencia a los estudios recientes que apuntan a que el ahorro energ\u00e9tico del cambio de hora \u00abes m\u00ednimo\u00bb. \u00ab<strong>Eliminarlo no tendr\u00eda un impacto negativo en el consumo<\/strong>\u00bb, ha explicado a sus seguidores, dando m\u00e1s motivos para acabar con esta normativa. <\/p>\n<p class=\"voc-p\" style=\"\">Asimismo, Mario Picazo ha hablado de las opiniones en contra de los ciudadanos europeos. \u00abAlrededor del 84% <strong>se mostraron a favor de eliminar el cambio de hora estacional<\/strong>. En el caso de Espa\u00f1a, la preferencia fue a\u00fan mayor, ya que cerca del 93 % de los participantes espa\u00f1oles <strong>apoyaron mantener un horario fijo<\/strong> durante todo el a\u00f1o\u00bb, ha recordado el profesor universitario, licenciado en F\u00edsica.<\/p>\n<blockquote class=\"twitter-tweet\">\n<p lang=\"es\" dir=\"ltr\">Cada a\u00f1o por estas fechas de finales de octubre cuando estamos a punto de cambiar la hora surge el mismo debate &#8230; \u00bfy si despu\u00e9s de este cambio de octubre de 2025 dejamos ya de cambiar ya la hora en los pa\u00edses de la Uni\u00f3n Europea? Dejar de cambiar la hora en octubre y despu\u00e9s en\u2026 <a href=\"https:\/\/t.co\/9Eo3AXkTRO\" rel=\"nofollow\">pic.twitter.com\/9Eo3AXkTRO<\/a><\/p>\n<p>\u2014 Mario Picazo (@picazomario) <a href=\"https:\/\/twitter.com\/picazomario\/status\/1980282088554148333?ref_src=twsrc%5Etfw\" rel=\"nofollow noopener\" target=\"_blank\">October 20, 2025<\/a><\/p><\/blockquote>\n<p>\n\u00bfHorario de invierno o de verano? Mario Picazo explica cu\u00e1l le conviene a Espa\u00f1a si se pone fin al cambio de hora\n<\/p>\n<p class=\"voc-p\" style=\"\">El CIS tambi\u00e9n recoge las mismas sensaciones. En una encuesta realizada en 2025 por el organismo, alrededor del 66% de los espa\u00f1oles se mostr\u00f3 <strong>a favor de eliminar el cambio de hora<\/strong> y mantener un horario fijo durante todo el a\u00f1o. \u00abLa mayor\u00eda de los encuestados indic\u00f3 que <strong>preferir\u00eda conservar el horario de verano permanente<\/strong>, es decir, con m\u00e1s luz por la tarde\u00bb, ha apuntado el presentador de televisi\u00f3n.<\/p>\n<p class=\"voc-p\" style=\"\">Sin embargo, al margen de las opiniones de muchos espa\u00f1oles, lo cierto es que la visi\u00f3n del experto en ciencia es diferente. \u00ab<strong>Espa\u00f1a, por su ubicacion geogr\u00e1fica, deber\u00eda mantener inamovible el horario de invierno<\/strong>, de forma que fuera el mismo que Portugal y que nuestra comunidad aut\u00f3noma de Canarias\u00bb, ha sentenciado Picazo en su cuenta de X.<\/p>\n<p class=\"voc-title\">\u00abEspa\u00f1a, por su ubicacion geogr\u00e1fica, deber\u00eda mantener inamovible el horario de invierno\u00bb<\/p>\n<p class=\"voc-p\" style=\"\">El especialista ha remarcado que este escenario <strong>\u00abno es atractivo para la mayor\u00eda de espa\u00f1oles\u00bb<\/strong>, que prefieren \u00abtener m\u00e1s luz por las ma\u00f1anas\u00bb. No obstante, el horario de invierno ayudar\u00eda a <strong>\u00abtener m\u00e1s luz a primera hora del d\u00eda y menos a \u00faltima\u00bb<\/strong>, as\u00ed como a favorecer a nuestro organismo.<\/p>\n<p><script async src=\"https:\/\/platform.twitter.com\/widgets.js\" charset=\"utf-8\"><\/script><\/p>\n","protected":false},"excerpt":{"rendered":"El pr\u00f3ximo 26 de octubre de 2025 se llevar\u00e1 a cabo el habitual cambio de hora en Espa\u00f1a.&hellip;\n","protected":false},"author":2,"featured_media":191324,"comment_status":"","ping_status":"","sticky":false,"template":"","format":"standard","meta":{"footnotes":""},"categories":[8],"tags":[17,18,7556,907,10371,25,24,13,14,772,11,1458,319,53470,19,20,877,656,9,10,15,16,50263,1150,57,23,7725,12,21,22],"class_list":{"0":"post-191323","1":"post","2":"type-post","3":"status-publish","4":"format-standard","5":"has-post-thumbnail","7":"category-espana","8":"tag-breaking-news","9":"tag-breakingnews","10":"tag-cambio","11":"tag-debe","12":"tag-deberia","13":"tag-es","14":"tag-espana","15":"tag-featured-news","16":"tag-featurednews","17":"tag-fin","18":"tag-headlines","19":"tag-hora","20":"tag-horario","21":"tag-inamovible","22":"tag-latest-news","23":"tag-latestnews","24":"tag-mantener","25":"tag-mario","26":"tag-news","27":"tag-noticias","28":"tag-noticias-destacadas","29":"tag-noticiasdestacadas","30":"tag-picazo","31":"tag-pone","32":"tag-sobre","33":"tag-spain","34":"tag-tajante","35":"tag-titulares","36":"tag-ultimas-noticias","37":"tag-ultimasnoticias"},"share_on_mastodon":{"url":"https:\/\/pubeurope.com\/@es\/115411735329194085","error":""},"_links":{"self":[{"href":"https:\/\/www.europesays.com\/es\/wp-json\/wp\/v2\/posts\/191323","targetHints":{"allow":["GET"]}}],"collection":[{"href":"https:\/\/www.europesays.com\/es\/wp-json\/wp\/v2\/posts"}],"about":[{"href":"https:\/\/www.europesays.com\/es\/wp-json\/wp\/v2\/types\/post"}],"author":[{"embeddable":true,"href":"https:\/\/www.europesays.com\/es\/wp-json\/wp\/v2\/users\/2"}],"replies":[{"embeddable":true,"href":"https:\/\/www.europesays.com\/es\/wp-json\/wp\/v2\/comments?post=191323"}],"version-history":[{"count":0,"href":"https:\/\/www.europesays.com\/es\/wp-json\/wp\/v2\/posts\/191323\/revisions"}],"wp:featuredmedia":[{"embeddable":true,"href":"https:\/\/www.europesays.com\/es\/wp-json\/wp\/v2\/media\/191324"}],"wp:attachment":[{"href":"https:\/\/www.europesays.com\/es\/wp-json\/wp\/v2\/media?parent=191323"}],"wp:term":[{"taxonomy":"category","embeddable":true,"href":"https:\/\/www.europesays.com\/es\/wp-json\/wp\/v2\/categories?post=191323"},{"taxonomy":"post_tag","embeddable":true,"href":"https:\/\/www.europesays.com\/es\/wp-json\/wp\/v2\/tags?post=191323"}],"curies":[{"name":"wp","href":"https:\/\/api.w.org\/{rel}","templated":true}]}}