{"id":191327,"date":"2025-10-21T10:42:07","date_gmt":"2025-10-21T10:42:07","guid":{"rendered":"https:\/\/www.europesays.com\/es\/191327\/"},"modified":"2025-10-21T10:42:07","modified_gmt":"2025-10-21T10:42:07","slug":"el-bm-bolanos-busca-el-sueno-de-la-copa-de-la-reina-ante-el-elda","status":"publish","type":"post","link":"https:\/\/www.europesays.com\/es\/191327\/","title":{"rendered":"El BM Bola\u00f1os busca el sue\u00f1o de la Copa de la Reina ante el Elda"},"content":{"rendered":"<p style=\"text-align: justify;\" data-start=\"604\" data-end=\"986\">El Pabell\u00f3n Municipal<strong> \u201cMacarena Aguilar\u201d<\/strong> de <strong data-start=\"648\" data-end=\"672\">Bola\u00f1os de Calatrava<\/strong> se prepara para vivir una noche especial de balonmano femenino. Este <strong data-start=\"742\" data-end=\"789\">mi\u00e9rcoles, 22 de octubre, a las 20:30 horas<\/strong>, el <strong data-start=\"794\" data-end=\"829\">Vino Do\u00f1a Berenguela BM Bola\u00f1os<\/strong> se enfrentar\u00e1 al <strong data-start=\"847\" data-end=\"865\">Elda Prestigio<\/strong> en la <strong data-start=\"872\" data-end=\"917\">primera ronda de la Copa de la Reina 2025<\/strong>, una cita que promete vivir un intenso partido con la mejor afici\u00f3n en la grada.<\/p>\n<p style=\"text-align: justify;\" data-start=\"988\" data-end=\"1422\">El conjunto bola\u00f1ego, que compite en la <strong data-start=\"1028\" data-end=\"1053\">Divisi\u00f3n de Honor Oro<\/strong>, vuelve a ser protagonista en una de las competiciones m\u00e1s prestigiosas del calendario nacional. Las de <strong data-start=\"1158\" data-end=\"1178\">Juanmi Fern\u00e1ndez<\/strong> llegan al encuentro con el objetivo de disfrutar de la experiencia y dejar una buena imagen ante su p\u00fablico, conscientes del reto que supone enfrentarse a un rival de la <strong data-start=\"1349\" data-end=\"1367\">Liga Iberdrola<\/strong>, la m\u00e1xima categor\u00eda del balonmano femenino espa\u00f1ol.<\/p>\n<p style=\"text-align: justify;\" data-start=\"1424\" data-end=\"1726\">El <strong data-start=\"1427\" data-end=\"1445\">Elda Prestigio<\/strong>, que ocupa actualmente la <strong data-start=\"1472\" data-end=\"1512\">octava posici\u00f3n en la Liga Iberdrola<\/strong>, cuenta entre sus filas con una vieja conocida de la afici\u00f3n manchega: la <strong data-start=\"1587\" data-end=\"1616\">puertollanera Graci Duque<\/strong>, exjugadora del conjunto bola\u00f1ego, que regresar\u00e1 a la pista del Macarena Aguilar con la camiseta visitante.<\/p>\n<p>Un encuentro con sabor a fiesta deportiva<\/p>\n<p style=\"text-align: justify;\" data-start=\"1784\" data-end=\"2069\">El <strong data-start=\"1787\" data-end=\"1821\">club presidido por Ana Almansa<\/strong> afronta este encuentro con una mezcla de ilusi\u00f3n, respeto y orgullo. Desde la entidad se hace un llamamiento a la <strong data-start=\"1936\" data-end=\"1956\">afici\u00f3n bola\u00f1ega<\/strong> para llenar las gradas del pabell\u00f3n y empujar al equipo hacia una nueva noche hist\u00f3rica para el deporte local.<\/p>\n<p data-start=\"2073\" data-end=\"2255\"><strong>\u201cQueremos que el pabell\u00f3n sea una fiesta. Afrontamos esta Copa de la Reina con ilusi\u00f3n y con el deseo de disfrutarla junto a nuestra gente\u201d<\/strong>, han se\u00f1alado desde la directiva del club.<\/p>\n<p style=\"text-align: justify;\" data-start=\"2257\" data-end=\"2484\">El ambiente ser\u00e1, sin duda, uno de los factores clave del choque. La hinchada verde, una de las m\u00e1s fieles y ruidosas de Castilla-La Mancha, volver\u00e1 a ser el motor que impulse a las bola\u00f1egas en su aventura copera.<\/p>\n<p>Precios populares para llenar el Macarena Aguilar<\/p>\n<p style=\"text-align: justify;\" data-start=\"2550\" data-end=\"2734\">Con el objetivo de facilitar la asistencia y convertir el partido en una aut\u00e9ntica celebraci\u00f3n del balonmano femenino, el club ha establecido <strong data-start=\"2692\" data-end=\"2713\">precios populares<\/strong> para las entradas:<\/p>\n<p style=\"text-align: justify;\" data-start=\"2830\" data-end=\"3040\">La venta se realizar\u00e1 en las taquillas del pabell\u00f3n antes del inicio del encuentro, y se espera una <strong data-start=\"2930\" data-end=\"2959\">gran afluencia de p\u00fablico<\/strong>, dado el atractivo de la cita y el buen momento del balonmano en la localidad.<\/p>\n<p>Preparaci\u00f3n y amistoso ante la selecci\u00f3n de Argentina<\/p>\n<p style=\"text-align: justify;\" data-start=\"3110\" data-end=\"3469\">El Vino Do\u00f1a Berenguela BM Bola\u00f1os llega a este partido tras un fin de semana sin competici\u00f3n liguera, debido a los compromisos internacionales de la <strong data-start=\"3260\" data-end=\"3282\">selecci\u00f3n espa\u00f1ola<\/strong>. Para mantener el ritmo, el equipo bola\u00f1ego disput\u00f3 un <strong data-start=\"3338\" data-end=\"3385\">amistoso frente a la selecci\u00f3n de Argentina<\/strong>, concentrada en Ciudad Real, que se sald\u00f3 con victoria albiceleste por <strong data-start=\"3457\" data-end=\"3466\">16-27<\/strong>.<\/p>\n<p style=\"text-align: justify;\" data-start=\"3471\" data-end=\"3689\">Pese al resultado, el choque permiti\u00f3 al cuerpo t\u00e9cnico ajustar detalles t\u00e1cticos y ofrecer minutos de juego a toda la plantilla, adem\u00e1s de sumar una valiosa experiencia frente a un rival internacional de gran nivel.<\/p>\n<p style=\"text-align: justify;\" data-start=\"3752\" data-end=\"4176\">El debut en esta edici\u00f3n de la Copa de la Reina representa un nuevo cap\u00edtulo en la s\u00f3lida trayectoria del <strong data-start=\"3842\" data-end=\"3856\">BM Bola\u00f1os<\/strong>, un club que se ha consolidado en los \u00faltimos a\u00f1os como uno de los referentes del <strong data-start=\"3939\" data-end=\"3970\">balonmano femenino manchego<\/strong>. Su participaci\u00f3n en esta competici\u00f3n nacional es reflejo del trabajo constante de jugadoras, cuerpo t\u00e9cnico y directiva, y del compromiso de una afici\u00f3n que siempre responde en los momentos importantes.<\/p>\n<p>\n\tRelacionado<\/p>\n","protected":false},"excerpt":{"rendered":"El Pabell\u00f3n Municipal \u201cMacarena Aguilar\u201d de Bola\u00f1os de Calatrava se prepara para vivir una noche especial de balonmano&hellip;\n","protected":false},"author":2,"featured_media":191328,"comment_status":"","ping_status":"","sticky":false,"template":"","format":"standard","meta":{"footnotes":""},"categories":[278],"tags":[376,168,25,24,375,23,167],"class_list":{"0":"post-191327","1":"post","2":"type-post","3":"status-publish","4":"format-standard","5":"has-post-thumbnail","7":"category-balonmano","8":"tag-balonmano","9":"tag-deportes","10":"tag-es","11":"tag-espana","12":"tag-handball","13":"tag-spain","14":"tag-sports"},"share_on_mastodon":{"url":"https:\/\/pubeurope.com\/@es\/115411743418905672","error":""},"_links":{"self":[{"href":"https:\/\/www.europesays.com\/es\/wp-json\/wp\/v2\/posts\/191327","targetHints":{"allow":["GET"]}}],"collection":[{"href":"https:\/\/www.europesays.com\/es\/wp-json\/wp\/v2\/posts"}],"about":[{"href":"https:\/\/www.europesays.com\/es\/wp-json\/wp\/v2\/types\/post"}],"author":[{"embeddable":true,"href":"https:\/\/www.europesays.com\/es\/wp-json\/wp\/v2\/users\/2"}],"replies":[{"embeddable":true,"href":"https:\/\/www.europesays.com\/es\/wp-json\/wp\/v2\/comments?post=191327"}],"version-history":[{"count":0,"href":"https:\/\/www.europesays.com\/es\/wp-json\/wp\/v2\/posts\/191327\/revisions"}],"wp:featuredmedia":[{"embeddable":true,"href":"https:\/\/www.europesays.com\/es\/wp-json\/wp\/v2\/media\/191328"}],"wp:attachment":[{"href":"https:\/\/www.europesays.com\/es\/wp-json\/wp\/v2\/media?parent=191327"}],"wp:term":[{"taxonomy":"category","embeddable":true,"href":"https:\/\/www.europesays.com\/es\/wp-json\/wp\/v2\/categories?post=191327"},{"taxonomy":"post_tag","embeddable":true,"href":"https:\/\/www.europesays.com\/es\/wp-json\/wp\/v2\/tags?post=191327"}],"curies":[{"name":"wp","href":"https:\/\/api.w.org\/{rel}","templated":true}]}}