{"id":191329,"date":"2025-10-21T10:43:11","date_gmt":"2025-10-21T10:43:11","guid":{"rendered":"https:\/\/www.europesays.com\/es\/191329\/"},"modified":"2025-10-21T10:43:11","modified_gmt":"2025-10-21T10:43:11","slug":"dos-jovenes-toreros-aragoneses-devuelven-la-ilusion-a-los-ruedos-con-el-premio-nicanor-villalta","status":"publish","type":"post","link":"https:\/\/www.europesays.com\/es\/191329\/","title":{"rendered":"Dos j\u00f3venes toreros aragoneses devuelven la ilusi\u00f3n a los ruedos con el premio Nicanor Villalta"},"content":{"rendered":"<p>El <strong>Gobierno de <a target=\"_blank\" data-generated=\"auto\" href=\"https:\/\/www.aragondigital.es\/tags\/aragon\/\" rel=\"nofollow noopener\">Arag\u00f3n<\/a><\/strong> ha reconocido con los premios <strong>Nicanor Villalta <\/strong>a los toreros <strong>Tom\u00e1s Rufo y Daniel Luque<\/strong>, tras la deliberaci\u00f3n del jurado celebrada el 15 de octubre de 2025. En esta segunda edici\u00f3n, tambi\u00e9n se ha concedido el<strong> galard\u00f3n ex aequo<\/strong> a los aragoneses <strong>Aar\u00f3n Palacio y Cristiano Torres <\/strong>por su papel en la<strong> nueva generaci\u00f3n de la <a target=\"_blank\" href=\"https:\/\/www.aragondigital.es\/tags\/tauromaquia\/\" rel=\"nofollow noopener\">tauromaquia <\/a><\/strong>en la Comunidad.<\/p>\n<p><strong>Rufo <\/strong>repite por segundo a\u00f1o consecutivo este reconocimiento gracias a su actuaci\u00f3n en la<strong> Feria de la Albahaca de <a target=\"_blank\" data-generated=\"auto\" href=\"https:\/\/www.aragondigital.es\/blog\/section\/huesca\/\" rel=\"nofollow noopener\">Huesca<\/a><\/strong>, el pasado 13 de agosto. El jurado ha destacado una faena \u201cmarcada por el temple, el mando y la entrega\u201d, en la que el diestro logr\u00f3 \u201cuna comuni\u00f3n perfecta con un toro de extraordinaria bravura\u201d que se convirti\u00f3 en \u201cs\u00edmbolo de excelencia y autenticidad\u201d.<\/p>\n<p>Por su parte, el sevillano <strong>Daniel Luque <\/strong>ha sido premiado por su faena al quinto toro del 11 de octubre durante la <strong>Feria del Pilar <\/strong>de <a target=\"_blank\" data-generated=\"auto\" href=\"https:\/\/www.aragondigital.es\/seccion\/zaragoza\/\" rel=\"nofollow noopener\">Zaragoza<\/a>. Seg\u00fan el jurado, se trat\u00f3 de un toro \u201cexigente\u201d ante el que el torero mostr\u00f3 \u201cprofunda madurez, temple y entrega\u201d. \u201cSu actuaci\u00f3n, <strong>marcada por la honestidad torera<\/strong>, el dominio t\u00e9cnico y la sensibilidad est\u00e9tica, reafirm\u00f3 el prestigio de la tauromaquia en Arag\u00f3n\u201d, ha subrayado el fallo.<\/p>\n<ol class=\"table-of-contents\">\n<li><a href=\"#jovenes-aragoneses\">J\u00d3VENES ARAGONESES<\/a>\n<\/li>\n<li><a href=\"#el-premio-de-teruel-declarado-desierto\">EL PREMIO DE TERUEL, DECLARADO DESIERTO<\/a>\n<\/li>\n<li><a href=\"#un-reconocimiento-al-arte-taurino-en-aragon\">UN RECONOCIMIENTO AL ARTE TAURINO EN ARAG\u00d3N<\/a>\n<\/li>\n<\/ol>\n<p>J\u00d3VENES ARAGONESES<\/p>\n<p>El jurado ha querido adem\u00e1s reconocer el impulso de los j\u00f3venes valores aragoneses <strong>Aar\u00f3n Palacio y Cristiano Torres<\/strong>, concedi\u00e9ndoles el galard\u00f3n de forma compartida. Ambos representan, seg\u00fan el jurado, \u201cuna generaci\u00f3n comprometida con la tradici\u00f3n y el futuro del toreo\u201d, destacando sus \u201crecientes y exitosas alternativas\u201d y \u201csu contribuci\u00f3n al fomento de la tauromaquia en nuestra Comunidad\u201d. \u201cHan encendido la<strong> ilusi\u00f3n de la afici\u00f3n y devuelto a los ruedos el entusiasmo del p\u00fablico joven<\/strong>\u201d, ha valorado el jurado, que considera a los dos un orgullo para Arag\u00f3n \u201cpor su capacidad de atraer a nuevos p\u00fablicos y mantener viva una de las expresiones culturales m\u00e1s arraigadas de nuestra tierra\u201d.<\/p>\n<blockquote>\n<p>Han encendido la ilusi\u00f3n de la afici\u00f3n y devuelto a los ruedos el entusiasmo del p\u00fablico joven<\/p>\n<\/blockquote>\n<p>EL PREMIO DE TERUEL, DECLARADO DESIERTO<\/p>\n<p>El jurado ha decidido <strong>dejar desierto el premio a la mejor faena<\/strong> de la temporada taurina de <a target=\"_blank\" data-generated=\"auto\" href=\"https:\/\/www.aragondigital.es\/seccion\/teruel\/\" rel=\"nofollow noopener\">Teruel<\/a> al considerar que \u201cninguna actuaci\u00f3n alcanz\u00f3 el nivel de singularidad, inspiraci\u00f3n y perfecci\u00f3n que este premio exige\u201d. La decisi\u00f3n, seg\u00fan el fallo, responde al compromiso con la \u201cexcelencia art\u00edstica, la profundidad t\u00e9cnica y la emoci\u00f3n aut\u00e9ntica\u201d que debe caracterizar a una faena \u201cmerecedora de tal distinci\u00f3n\u201d.<\/p>\n<p>UN RECONOCIMIENTO AL ARTE TAURINO EN ARAG\u00d3N<\/p>\n<p>El Premio Nicanor Villalta est\u00e1 regulado por el Decreto 95\/2024, de 19 de junio, del Gobierno de Arag\u00f3n, y distingue la <strong>mejor faena de la temporada taurina<\/strong> en las plazas de Zaragoza, <a target=\"_blank\" data-generated=\"auto\" href=\"https:\/\/www.aragondigital.es\/seccion\/huesca\/\" rel=\"nofollow noopener\">Huesca<\/a> y Teruel. El galard\u00f3n reconoce la labor de los profesionales que han destacado por su buen hacer taurino y su contribuci\u00f3n a la <strong>promoci\u00f3n y difusi\u00f3n de la tauromaquia.<\/strong><\/p>\n<p>Inspirado en la figura del m\u00edtico torero aragon\u00e9s Nicanor Villalta, este premio busca reconocer su aportaci\u00f3n al patrimonio hist\u00f3rico y cultural de Arag\u00f3n, as\u00ed como poner en valor a quienes mantienen viva esta manifestaci\u00f3n cultural profundamente arraigada en la comunidad.<\/p>\n<p style=\"font-size: 1.2rem;\"><strong>Queremos conocer tu opini\u00f3n<\/strong><br \/>Comenta las noticias en nuestras Redes: <a target=\"_blank\" href=\"https:\/\/www.facebook.com\/aragondigital\/\" rel=\"nofollow noopener\">Facebook<\/a>, <a target=\"_blank\" href=\"https:\/\/www.instagram.com\/aragon_digital\/\" rel=\"nofollow noopener\">Instagram<\/a>, <a target=\"_blank\" href=\"https:\/\/www.tiktok.com\/@aragondigital\" rel=\"nofollow noopener\">TikTok<\/a>, <a target=\"_blank\" href=\"https:\/\/x.com\/aragondigital\" rel=\"nofollow\">X<\/a>, <a target=\"_blank\" href=\"https:\/\/www.youtube.com\/user\/grupoaragondigital\" rel=\"nofollow noopener\">Youtube<\/a>, <a target=\"_blank\" href=\"https:\/\/www.linkedin.com\/company\/aragondigital-es\/\" rel=\"nofollow noopener\">Linkedin<\/a>&#8230;<br \/>Ap\u00fantate gratis a nuestro <a target=\"_blank\" href=\"https:\/\/www.aragondigital.es\/user\/register\/?target=newsletter\" rel=\"nofollow noopener\">bolet\u00edn<\/a> y ll\u00e9vanos en tu m\u00f3vil descarg\u00e1ndote la <a target=\"_blank\" href=\"https:\/\/play.google.com\/store\/apps\/details?id=com.opennemas.aragondigital\" rel=\"nofollow noopener\">App<\/a> o en el canal de <a target=\"_blank\" href=\"https:\/\/www.whatsapp.com\/channel\/0029VaCzzD5It5rxtjfrj71U\" rel=\"nofollow noopener\">WhatsApp<\/a>.<br \/>Y para contacto directo por mail con nuestros periodistas: <a href=\"http:\/\/www.aragondigital.es\/cdn-cgi\/l\/email-protection#f28097969391919b9d9cb2938093959d9c969b959b86939edc9781\" rel=\"nofollow noopener\" target=\"_blank\">[email\u00a0protected]<\/a><br \/><strong>Porque t\u00fa tambi\u00e9n eres Arag\u00f3n Digital<\/strong><\/p>\n<p>                          <script async src=\"\/\/www.instagram.com\/embed.js\"><\/script><script async src=\"\/\/www.tiktok.com\/embed.js\"><\/script><\/p>\n","protected":false},"excerpt":{"rendered":"El Gobierno de Arag\u00f3n ha reconocido con los premios Nicanor Villalta a los toreros Tom\u00e1s Rufo y Daniel&hellip;\n","protected":false},"author":2,"featured_media":191330,"comment_status":"","ping_status":"","sticky":false,"template":"","format":"standard","meta":{"footnotes":""},"categories":[277],"tags":[373,168,25,24,9548,338,532,492,23,167,625,374,444],"class_list":{"0":"post-191329","1":"post","2":"type-post","3":"status-publish","4":"format-standard","5":"has-post-thumbnail","7":"category-toreo","8":"tag-bullfighting","9":"tag-deportes","10":"tag-es","11":"tag-espana","12":"tag-gobierno-de-aragon","13":"tag-portada","14":"tag-premios","15":"tag-sociedad","16":"tag-spain","17":"tag-sports","18":"tag-tauromaquia","19":"tag-toreo","20":"tag-toros"},"share_on_mastodon":{"url":"https:\/\/pubeurope.com\/@es\/115411747014005942","error":""},"_links":{"self":[{"href":"https:\/\/www.europesays.com\/es\/wp-json\/wp\/v2\/posts\/191329","targetHints":{"allow":["GET"]}}],"collection":[{"href":"https:\/\/www.europesays.com\/es\/wp-json\/wp\/v2\/posts"}],"about":[{"href":"https:\/\/www.europesays.com\/es\/wp-json\/wp\/v2\/types\/post"}],"author":[{"embeddable":true,"href":"https:\/\/www.europesays.com\/es\/wp-json\/wp\/v2\/users\/2"}],"replies":[{"embeddable":true,"href":"https:\/\/www.europesays.com\/es\/wp-json\/wp\/v2\/comments?post=191329"}],"version-history":[{"count":0,"href":"https:\/\/www.europesays.com\/es\/wp-json\/wp\/v2\/posts\/191329\/revisions"}],"wp:featuredmedia":[{"embeddable":true,"href":"https:\/\/www.europesays.com\/es\/wp-json\/wp\/v2\/media\/191330"}],"wp:attachment":[{"href":"https:\/\/www.europesays.com\/es\/wp-json\/wp\/v2\/media?parent=191329"}],"wp:term":[{"taxonomy":"category","embeddable":true,"href":"https:\/\/www.europesays.com\/es\/wp-json\/wp\/v2\/categories?post=191329"},{"taxonomy":"post_tag","embeddable":true,"href":"https:\/\/www.europesays.com\/es\/wp-json\/wp\/v2\/tags?post=191329"}],"curies":[{"name":"wp","href":"https:\/\/api.w.org\/{rel}","templated":true}]}}