{"id":191337,"date":"2025-10-21T10:51:09","date_gmt":"2025-10-21T10:51:09","guid":{"rendered":"https:\/\/www.europesays.com\/es\/191337\/"},"modified":"2025-10-21T10:51:09","modified_gmt":"2025-10-21T10:51:09","slug":"dakota-johnson-sorprende-con-su-vestido-de-invitada-de-encaje-en-la-boda-de-su-hermana-stella-banderas-en-valladolid","status":"publish","type":"post","link":"https:\/\/www.europesays.com\/es\/191337\/","title":{"rendered":"Dakota Johnson sorprende con su vestido de invitada de encaje en la boda de su hermana Stella Banderas en Valladolid"},"content":{"rendered":"<p data-journey-content=\"true\" data-node-id=\"2\" class=\"css-6wxqfj emevuu60\">Stella Banderas se daba el &#8216;si, quiero&#8217; este fin de semana en una \u00edntima ceremonia celebrada en la Abad\u00eda Retuerta, en Valladolid, rodeados de su familiares y amigos. Entre ellos, Antonio Banderas que fue un gran anfitri\u00f3n al salir a brindar con la prensa que esperaba fuera donde le vimos visiblemente emocionado. <strong data-node-id=\"2.1\">\u00abAhora que me hagan abuelo pronto\u00bb,<\/strong> dijo el actor. Cont\u00f3 que hab\u00eda sido una boda \u00edntima y que la elecci\u00f3n del lugar no hab\u00eda sido casualidad, \u00abella siempre tuvo claro que quer\u00eda que fuera en Espa\u00f1a\u00bb, adem\u00e1s el malague\u00f1o explic\u00f3 que su hija se qued\u00f3 enamorada de la Abad\u00eda al verla en una foto de los viajes de su padre. <\/p>\n<p data-journey-content=\"true\" data-node-id=\"3\" class=\"css-6wxqfj emevuu60\">Como no pod\u00eda ser de otra manera, su madre Melanie Griffith era una de las asistentes y ayer mismo <a href=\"https:\/\/www.elle.com\/es\/star-style\/noticias-famosos\/a69095185\/melanie-griffith-68-anos-madrid-conjunto-monocolor-entretiempo-efecto-rejuvenecedor\/\" target=\"_blank\" data-vars-ga-outbound-link=\"https:\/\/www.elle.com\/es\/star-style\/noticias-famosos\/a69095185\/melanie-griffith-68-anos-madrid-conjunto-monocolor-entretiempo-efecto-rejuvenecedor\/\" data-vars-ga-ux-element=\"Hyperlink\" data-vars-ga-call-to-action=\"la ve\u00edamos en Madrid con un conjunto monocolor de entretiempo\" data-node-id=\"3.1\" class=\"body-link css-103hk4r emevuu60\" rel=\"nofollow noopener\">la ve\u00edamos en Madrid con un conjunto monocolor de entretiempo<\/a>. Son pocas las im\u00e1genes que hemos podido ver del <a href=\"https:\/\/www.elle.com\/es\/star-style\/el-estilo-de\/a65121987\/stella-banderas-novio-alex-gruszynski\/\" target=\"_blank\" data-vars-ga-outbound-link=\"https:\/\/www.elle.com\/es\/star-style\/el-estilo-de\/a65121987\/stella-banderas-novio-alex-gruszynski\/\" data-vars-ga-ux-element=\"Hyperlink\" data-vars-ga-call-to-action=\"enlace de Stella Banderas con Alex Gruszynski\" data-node-id=\"3.3\" class=\"body-link css-103hk4r emevuu60\" rel=\"nofollow noopener\">enlace de Stella Banderas con Alex Gruszynski<\/a>, sabemos que p<strong data-node-id=\"3.5\">ara la ceremonia escogi\u00f3 un precioso vestido de encaje de estilo boho<\/strong> con mangas medievales y silueta sirena y que <a href=\"https:\/\/www.elle.com\/es\/star-style\/el-estilo-de\/a69090314\/stella-banderas-segundo-vestido-novia-satinado\/\" target=\"_blank\" data-vars-ga-outbound-link=\"https:\/\/www.elle.com\/es\/star-style\/el-estilo-de\/a69090314\/stella-banderas-segundo-vestido-novia-satinado\/\" data-vars-ga-ux-element=\"Hyperlink\" data-vars-ga-call-to-action=\"para la recepci\u00f3n cambi\u00f3 a uno mucho m\u00e1s sencillo\" data-node-id=\"3.7\" class=\"body-link css-103hk4r emevuu60\" rel=\"nofollow noopener\">para la recepci\u00f3n cambi\u00f3 a uno mucho m\u00e1s sencillo<\/a>, satinado y con la cola anudada en la mu\u00f1eca para una mayor comodidad.<\/p>\n<p data-journey-content=\"true\" data-node-id=\"4\" class=\"css-6wxqfj emevuu60\">De la que todav\u00eda no hab\u00edamos visto im\u00e1genes era de Dakota Johnson, la hermana de la novia, que sabemos que no pod\u00eda faltar en este momento tan especial y <strong data-node-id=\"4.1\">por fin hemos podido ver su look de invitada. <\/strong><\/p>\n<p>Dakota Johnson con vestido de invitada de encaje negro en la boda de su hermana Stella Banderas<\/p>\n<p data-journey-content=\"true\" data-node-id=\"7\" class=\"css-6wxqfj emevuu60\">Capturada en la parte de atr\u00e1s de una foto de dos asistentes, <strong data-node-id=\"7.1\">Dakota Johnson aparec\u00eda por primera vez en la boda de su hermana Stella Banderas en Valladolid.<\/strong> La actriz luci\u00f3 un precioso vestido negro de invitada, de encaje, con cuello halter y detalle de capa sobre los hombros.<\/p>\n<p data-journey-content=\"true\" data-node-id=\"8\" class=\"css-6wxqfj emevuu60\">Para este look escogi\u00f3 uno de los peinados a los que m\u00e1s le vemos recurrir, el mo\u00f1o alto desenfadado con dos mechones que contin\u00faan desde el flequillo, ya que se trata de uno de los peinados que m\u00e1s le favorecen. <\/p>\n<p><img src=\"https:\/\/www.europesays.com\/es\/wp-content\/uploads\/2025\/10\/1761043869_214_ade596ee-932c-4fd8-997c-ab0e77af060a_1668503088.file\" alt=\"Headshot of Sara Alcoceba\" title=\"Headshot of Sara Alcoceba\" width=\"100%\" height=\"100%\" decoding=\"async\" loading=\"lazy\" class=\"css-o0wq4v ev8dhu53\"\/><\/p>\n<p>Sara Alcoceba es experta en estilo, celebrities y moda. No hay estilismo de famosa que le pase desapercibido y es capaz de bucear en todas las webs de las marcas de moda hasta sacar el outfit completo que han llevado a su \u00faltimo evento. De Zara, Mango o H&amp;M hasta la boutique m\u00e1s rec\u00f3ndita: Sara es especialista en contarte de qu\u00e9 visten las famosas y c\u00f3mo llevar su look.\u00a0<\/p>\n<p>Su gran pasi\u00f3n es cubrir la actualidad en alfombras rojas y eventos de moda. De los Oscars a la Gala Met, pasando por el d\u00eda a d\u00eda que comparten influencers y celebrities en sus redes sociales o los photocalls a los que acuden los royals y la alta sociedad. Siempre tiene un ojo puesto en lo que se cuece en Instagram y TikTok.\u00a0<\/p>\n<p>Sara Alcoceba se gradu\u00f3 en Periodismo en la Universidad Carlos III de Madrid y desde entonces se ha especializado en medios de comunicaci\u00f3n digitales, trabajando en revistas de moda y lifestyle. Pas\u00f3 por Cosmopolitan, HOLA y Vanitatis cubriendo actualidad y belleza, y tuvo una temporada muy fitness escribiendo sobre entrenamientos y nutrici\u00f3n en Women\u2019s Health. \u00a0\u00a0<\/p>\n<p>Con una trayectoria de casi una d\u00e9cada en medios digitales, Sara lleva m\u00e1s de 7 a\u00f1os vinculada a ELLE, donde ahora ha tomado las riendas de la secci\u00f3n de Star Style para contarte todo lo que tienes que saber sobre tus famosas favoritas. \u00a0\u00a0<\/p>\n","protected":false},"excerpt":{"rendered":"Stella Banderas se daba el &#8216;si, quiero&#8217; este fin de semana en una \u00edntima ceremonia celebrada en la&hellip;\n","protected":false},"author":2,"featured_media":191338,"comment_status":"","ping_status":"","sticky":false,"template":"","format":"standard","meta":{"footnotes":""},"categories":[174],"tags":[255,253,146,147,25,24,256,23],"class_list":{"0":"post-191337","1":"post","2":"type-post","3":"status-publish","4":"format-standard","5":"has-post-thumbnail","7":"category-famosos","8":"tag-celebrities","9":"tag-discover","10":"tag-entertainment","11":"tag-entretenimiento","12":"tag-es","13":"tag-espana","14":"tag-famosos","15":"tag-spain"},"share_on_mastodon":{"url":"https:\/\/pubeurope.com\/@es\/115411778802511508","error":""},"_links":{"self":[{"href":"https:\/\/www.europesays.com\/es\/wp-json\/wp\/v2\/posts\/191337","targetHints":{"allow":["GET"]}}],"collection":[{"href":"https:\/\/www.europesays.com\/es\/wp-json\/wp\/v2\/posts"}],"about":[{"href":"https:\/\/www.europesays.com\/es\/wp-json\/wp\/v2\/types\/post"}],"author":[{"embeddable":true,"href":"https:\/\/www.europesays.com\/es\/wp-json\/wp\/v2\/users\/2"}],"replies":[{"embeddable":true,"href":"https:\/\/www.europesays.com\/es\/wp-json\/wp\/v2\/comments?post=191337"}],"version-history":[{"count":0,"href":"https:\/\/www.europesays.com\/es\/wp-json\/wp\/v2\/posts\/191337\/revisions"}],"wp:featuredmedia":[{"embeddable":true,"href":"https:\/\/www.europesays.com\/es\/wp-json\/wp\/v2\/media\/191338"}],"wp:attachment":[{"href":"https:\/\/www.europesays.com\/es\/wp-json\/wp\/v2\/media?parent=191337"}],"wp:term":[{"taxonomy":"category","embeddable":true,"href":"https:\/\/www.europesays.com\/es\/wp-json\/wp\/v2\/categories?post=191337"},{"taxonomy":"post_tag","embeddable":true,"href":"https:\/\/www.europesays.com\/es\/wp-json\/wp\/v2\/tags?post=191337"}],"curies":[{"name":"wp","href":"https:\/\/api.w.org\/{rel}","templated":true}]}}