{"id":19135,"date":"2025-08-01T19:00:07","date_gmt":"2025-08-01T19:00:07","guid":{"rendered":"https:\/\/www.europesays.com\/es\/19135\/"},"modified":"2025-08-01T19:00:07","modified_gmt":"2025-08-01T19:00:07","slug":"el-acuerdo-por-messi-a-punto-de-cerrarse","status":"publish","type":"post","link":"https:\/\/www.europesays.com\/es\/19135\/","title":{"rendered":"El acuerdo por Messi, a punto de cerrarse"},"content":{"rendered":"<p class=\"parrafo\"><strong>Lionel Messi<\/strong> y el <strong>Inter Miami<\/strong> est\u00e1n en la recta final de conversaciones para extender su v\u00ednculo contractual m\u00e1s all\u00e1 de 2025. Seg\u00fan revel\u00f3 el periodista <strong>Xavi Campos<\/strong> en el programa Tot Costa de Catalunya R\u00e0dio, ambas partes estar\u00edan pr\u00f3ximas a cerrar una <strong>renovaci\u00f3n que lo mantendr\u00eda en el club hasta 2028<\/strong>, o incluso m\u00e1s, si el propio jugador as\u00ed lo desea.<\/p>\n<p><img decoding=\"async\" src=\"https:\/\/www.europesays.com\/es\/wp-content\/uploads\/2025\/08\/8d256162-469f-45f4-8de0-077ef10c1dea_800x533.jpeg\" loading=\"lazy\"\/>Contrato sin fecha l\u00edmite fija: Leo tiene la \u00faltima palabra<\/p>\n<p class=\"parrafo\">El actual contrato de Messi finaliza al t\u00e9rmino de la temporada 2025 de la <strong>MLS<\/strong>, pero en Miami tienen claro que <strong>quieren contar con \u00e9l a largo plazo<\/strong>. La dirigencia del club planea ofrecerle un acuerdo que le permita continuar <strong>mientras mantenga el deseo y la energ\u00eda de competir al m\u00e1ximo nivel<\/strong>. Se habla de una extensi\u00f3n de <strong>tres a cinco a\u00f1os<\/strong>, aunque con la flexibilidad de ser modificado seg\u00fan c\u00f3mo se sienta el jugador.<\/p>\n<p>Una pieza clave en el proyecto institucional<\/p>\n<p class=\"parrafo\">Desde las oficinas del club, se reconoce a Messi como <strong>el rostro del proyecto deportivo y comercial<\/strong> de Inter Miami. La intenci\u00f3n es que el argentino sea protagonista en la <strong>inauguraci\u00f3n del nuevo estadio<\/strong>, prevista para 2026, a\u00f1o en el que tambi\u00e9n disputar\u00e1 su posible sexto Mundial con la Selecci\u00f3n Argentina, un logro sin precedentes en la historia del f\u00fatbol.<\/p>\n<p><img decoding=\"async\" src=\"https:\/\/www.europesays.com\/es\/wp-content\/uploads\/2025\/08\/e87597d2-2f80-446c-8221-7e05efae2f1e_800x533.jpeg\" loading=\"lazy\"\/>La llegada de De Paul, un factor determinante<\/p>\n<p class=\"parrafo\">Uno de los motores que podr\u00edan acelerar la renovaci\u00f3n es la reciente incorporaci\u00f3n de <strong>Rodrigo De Paul<\/strong>, ex Atl\u00e9tico de Madrid y <strong>gran amigo de Messi<\/strong>, quien firm\u00f3 por cuatro temporadas con el club estadounidense. La presencia del mediocampista refuerza el entorno favorable que Inter est\u00e1 construyendo alrededor del astro rosarino, buscando que se sienta c\u00f3modo, motivado y acompa\u00f1ado.<\/p>\n<p>Una sanci\u00f3n que no cambia nada<\/p>\n<p class=\"parrafo\">Pese a la <strong>controvertida suspensi\u00f3n<\/strong> que recibi\u00f3 Messi por no asistir al Juego de Estrellas de la MLS, desde la dirigencia aseguran que <strong>la situaci\u00f3n no afecta las negociaciones<\/strong>. Incluso <strong>Jorge Mas<\/strong>, propietario del club, reiter\u00f3 que mantienen la intenci\u00f3n firme de llegar a un acuerdo, considerando la sanci\u00f3n como injusta y sin impacto en el v\u00ednculo mutuo.<\/p>\n<p>Un v\u00ednculo que va m\u00e1s all\u00e1 del c\u00e9sped<\/p>\n<p class=\"parrafo\">Cabe recordar que Messi no solo es jugador del club, sino tambi\u00e9n <strong>socio accionista<\/strong> del Inter Miami, algo que se sell\u00f3 en su contrato inicial. Esto le da un rol m\u00e1s profundo dentro de la franquicia, incluso con posibles funciones en \u00e1reas ejecutivas o deportivas una vez decida retirarse. Por eso, <strong>hablar de un contrato \u201chasta 2028\u201d es simb\u00f3lico<\/strong>, ya que el club le ofrece seguir mientras \u00e9l lo desee.<\/p>\n<p>Objetivos pendientes y nuevos desaf\u00edos<\/p>\n<p class=\"parrafo\">Messi ha disputado <strong>69 partidos<\/strong>, con <strong>58 goles y 28 asistencias<\/strong>, ganando ya dos t\u00edtulos con Inter Miami: la <strong>Leagues Cup 2023<\/strong> y el <strong>Supporters&#8217; Shield 2025<\/strong>. A\u00fan le quedan por conquistar la <strong>MLS Cup<\/strong>, la <strong>ConcaChampions<\/strong> y, por supuesto, preparar el que podr\u00eda ser <strong>su \u00faltimo Mundial en 2026<\/strong>.<\/p>\n","protected":false},"excerpt":{"rendered":"Lionel Messi y el Inter Miami est\u00e1n en la recta final de conversaciones para extender su v\u00ednculo contractual&hellip;\n","protected":false},"author":2,"featured_media":19136,"comment_status":"","ping_status":"","sticky":false,"template":"","format":"standard","meta":{"footnotes":""},"categories":[93],"tags":[168,25,24,284,282,1698,3408,11788,23,167],"class_list":{"0":"post-19135","1":"post","2":"type-post","3":"status-publish","4":"format-standard","5":"has-post-thumbnail","7":"category-deportes","8":"tag-deportes","9":"tag-es","10":"tag-espana","11":"tag-estadio-deportivo","12":"tag-futbol","13":"tag-futbol-internacional","14":"tag-inter-miami","15":"tag-leo-messi","16":"tag-spain","17":"tag-sports"},"share_on_mastodon":{"url":"","error":""},"_links":{"self":[{"href":"https:\/\/www.europesays.com\/es\/wp-json\/wp\/v2\/posts\/19135","targetHints":{"allow":["GET"]}}],"collection":[{"href":"https:\/\/www.europesays.com\/es\/wp-json\/wp\/v2\/posts"}],"about":[{"href":"https:\/\/www.europesays.com\/es\/wp-json\/wp\/v2\/types\/post"}],"author":[{"embeddable":true,"href":"https:\/\/www.europesays.com\/es\/wp-json\/wp\/v2\/users\/2"}],"replies":[{"embeddable":true,"href":"https:\/\/www.europesays.com\/es\/wp-json\/wp\/v2\/comments?post=19135"}],"version-history":[{"count":0,"href":"https:\/\/www.europesays.com\/es\/wp-json\/wp\/v2\/posts\/19135\/revisions"}],"wp:featuredmedia":[{"embeddable":true,"href":"https:\/\/www.europesays.com\/es\/wp-json\/wp\/v2\/media\/19136"}],"wp:attachment":[{"href":"https:\/\/www.europesays.com\/es\/wp-json\/wp\/v2\/media?parent=19135"}],"wp:term":[{"taxonomy":"category","embeddable":true,"href":"https:\/\/www.europesays.com\/es\/wp-json\/wp\/v2\/categories?post=19135"},{"taxonomy":"post_tag","embeddable":true,"href":"https:\/\/www.europesays.com\/es\/wp-json\/wp\/v2\/tags?post=19135"}],"curies":[{"name":"wp","href":"https:\/\/api.w.org\/{rel}","templated":true}]}}