{"id":191358,"date":"2025-10-21T11:03:08","date_gmt":"2025-10-21T11:03:08","guid":{"rendered":"https:\/\/www.europesays.com\/es\/191358\/"},"modified":"2025-10-21T11:03:08","modified_gmt":"2025-10-21T11:03:08","slug":"sumar-sugiere-el-cese-de-la-ministra-isabel-rodriguez-si-no-ataja-el-problema-de-la-vivienda","status":"publish","type":"post","link":"https:\/\/www.europesays.com\/es\/191358\/","title":{"rendered":"Sumar sugiere el cese de la ministra Isabel Rodr\u00edguez si no ataja el problema de la vivienda"},"content":{"rendered":"<p style=\"\">A Sumar se le \u00abest\u00e1 acabando la paciencia con\u00bb la ministra de Vivienda, la socialista Isabel Rodr\u00edguez, y la que es, a su juicio, su inacci\u00f3n ante la emergencia habitacional que sufre nuestro pa\u00eds. Esta es la expresi\u00f3n literal que ha empleado la portavoz del  &#8230; Grupo Plurinacional, Ver\u00f3nica Barbero, en la rueda de prensa anterior a la habitual junta de Portavoces de los martes en el Congreso de los Diputados, para sugerir la dimisi\u00f3n y\/o el cese de Rodr\u00edguez en caso de que no adopte medidas \u00abconcretas\u00bb, \u00abserias\u00bb y \u00abvalientes\u00bb para atajar el problema de la Vivienda. <\/p>\n<p class=\"voc-p\" style=\"\">\u00abDeber\u00eda dejar paso a quien s\u00ed\u00bb quiere tomar partido en este asunto, ha deslizado Barbero, dejando caer que Sumar s\u00ed lo esta haciendo y prueba de ello, es el paquete de medidas para \u00abintervenir\u00bb el mercado de la Vivienda en Espa\u00f1a que van m\u00e1s all\u00e1 de la creaci\u00f3n de un parque p\u00fablico a largo plazo y que presentaron la pasada semana en forma de real decreto ley al socio mayoritario del Gobierno de coalici\u00f3n, el PSOE. Por el momento, no han recibido respuesta, se ha encargado de denunciar la portavoz de Sumar. \u00abAspiramos a una respuesta p\u00fablica y que se nos explique por qu\u00e9 son medidas contraproducentes y cu\u00e1l es la raz\u00f3n por la que no se quieren adoptar\u00bb, ha exigido.<\/p>\n<p class=\"voc-p\" style=\"\">\u00abSe nos est\u00e1 acabando la paciencia. A m\u00ed y a la ciudadan\u00eda. Le pedimos [a la ministra de Vivienda] que conteste y responda una a una. Porque, si ella no tiene ideas, ah\u00ed tiene las nuestras. Igual a algunos no les vienen bien, pero habr\u00e1 que poner medidas encima de le mesa\u00bb, ha sentenciado. Ha aprovechado Barbero tambi\u00e9n para criticar la comparecencia de Rodr\u00edguez en la C\u00e1mara Baja de la pasada semana en la que la ministra \u00fanicamente anunci\u00f3 un n\u00famero de tel\u00e9fono gratuito, el 047, para informarse sobre programas de ayuda y acceso a la vivienda, entre otros. \u00abFue decepcionante la comparecencia. No se puede venir a proponer tel\u00e9fonos de la esperanza y menos a\u00fan cuando tienes medidas concretas encima de la mesa\u00bb, denuncian desde Sumar. <\/p>\n<p class=\"voc-p\" style=\"\">La opini\u00f3n de Barbero, de Movimiento Sumar, uno de los partidos de la coalici\u00f3n, es compartida por otras formaciones de la misma como Chunta Aragonesista (CHA) o los comunes, cuyo portavoz en la C\u00e1mara Baja, Gerardo Pisarello, tambi\u00e9n aboga por que el Ministerio de Vivienda y su titular impulsen una pol\u00edtica impositiva \u00abvaliente\u00bb contra los especuladores y los grandes fondos de inversi\u00f3n. \u00abY si la ministra no es capaz, su tiempo en el Ministerio se va a ir acortando\u00bb, ha avisado el tambi\u00e9n secretario primero de la Mesa del Congreso en la misma l\u00ednea que Barbero. <\/p>\n<p class=\"voc-p\" style=\"\">Pisarello ha arremetido, adem\u00e1s, contra la \u00faltima campa\u00f1a del Ministerio de Vivienda, a su juicio, \u00abfr\u00edvola\u00bb. \u00abNo se puede bromear con la situaci\u00f3n habitacional de cientos de miles de personas. Si el ministerio quiere honrar al art\u00edculo 47 de la Constituci\u00f3n, que no lo haga haciendo bromas, sino atacando urgentemente a la ra\u00edz de la emergencia habitacional que vivimos\u00bb, ha zanjado. <\/p>\n","protected":false},"excerpt":{"rendered":"A Sumar se le \u00abest\u00e1 acabando la paciencia con\u00bb la ministra de Vivienda, la socialista Isabel Rodr\u00edguez, y&hellip;\n","protected":false},"author":2,"featured_media":191359,"comment_status":"","ping_status":"","sticky":false,"template":"","format":"standard","meta":{"footnotes":""},"categories":[8],"tags":[53473,17,18,17692,53472,25,24,13,14,11,19,20,1740,9,10,15,16,4191,9632,23,4453,12,21,22,3633],"class_list":{"0":"post-191358","1":"post","2":"type-post","3":"status-publish","4":"format-standard","5":"has-post-thumbnail","7":"category-espana","8":"tag-ataja","9":"tag-breaking-news","10":"tag-breakingnews","11":"tag-dejar","12":"tag-emplaza","13":"tag-es","14":"tag-espana","15":"tag-featured-news","16":"tag-featurednews","17":"tag-headlines","18":"tag-latest-news","19":"tag-latestnews","20":"tag-ministra","21":"tag-news","22":"tag-noticias","23":"tag-noticias-destacadas","24":"tag-noticiasdestacadas","25":"tag-paso","26":"tag-problema","27":"tag-spain","28":"tag-sumar","29":"tag-titulares","30":"tag-ultimas-noticias","31":"tag-ultimasnoticias","32":"tag-vivienda"},"share_on_mastodon":{"url":"https:\/\/pubeurope.com\/@es\/115411825725437490","error":""},"_links":{"self":[{"href":"https:\/\/www.europesays.com\/es\/wp-json\/wp\/v2\/posts\/191358","targetHints":{"allow":["GET"]}}],"collection":[{"href":"https:\/\/www.europesays.com\/es\/wp-json\/wp\/v2\/posts"}],"about":[{"href":"https:\/\/www.europesays.com\/es\/wp-json\/wp\/v2\/types\/post"}],"author":[{"embeddable":true,"href":"https:\/\/www.europesays.com\/es\/wp-json\/wp\/v2\/users\/2"}],"replies":[{"embeddable":true,"href":"https:\/\/www.europesays.com\/es\/wp-json\/wp\/v2\/comments?post=191358"}],"version-history":[{"count":0,"href":"https:\/\/www.europesays.com\/es\/wp-json\/wp\/v2\/posts\/191358\/revisions"}],"wp:featuredmedia":[{"embeddable":true,"href":"https:\/\/www.europesays.com\/es\/wp-json\/wp\/v2\/media\/191359"}],"wp:attachment":[{"href":"https:\/\/www.europesays.com\/es\/wp-json\/wp\/v2\/media?parent=191358"}],"wp:term":[{"taxonomy":"category","embeddable":true,"href":"https:\/\/www.europesays.com\/es\/wp-json\/wp\/v2\/categories?post=191358"},{"taxonomy":"post_tag","embeddable":true,"href":"https:\/\/www.europesays.com\/es\/wp-json\/wp\/v2\/tags?post=191358"}],"curies":[{"name":"wp","href":"https:\/\/api.w.org\/{rel}","templated":true}]}}