{"id":191366,"date":"2025-10-21T11:08:07","date_gmt":"2025-10-21T11:08:07","guid":{"rendered":"https:\/\/www.europesays.com\/es\/191366\/"},"modified":"2025-10-21T11:08:07","modified_gmt":"2025-10-21T11:08:07","slug":"tiger-woods-toca-fondo-y-se-acerca-al-cero-absoluto-en-el-ranking","status":"publish","type":"post","link":"https:\/\/www.europesays.com\/es\/191366\/","title":{"rendered":"Tiger Woods toca fondo y se acerca al cero absoluto en el ranking"},"content":{"rendered":"<p data-mrf-recirculation=\"Links P\u00e1rrafos\" class=\"ue-c-article__paragraph paragraph ue-c-article--first-letter-highlighted\">Cada d\u00eda parece m\u00e1s evidente que <strong>Tiger Woods<\/strong>, ganador de 15 Majors, tendr\u00e1 m\u00e1s complicado deshacer el empate que mantiene con <strong>Sam Snead<\/strong> de m\u00e1s victorias en el PGA Tour (82). En estos momentos el Tigre, <strong>a punto de cumplir 50 a\u00f1os<\/strong>, quiz\u00e1 s\u00f3lo est\u00e9 pensando en si podr\u00e1 afrontar un torneo en el futuro con garant\u00edas de ser competitivo.<\/p>\n<p data-mrf-recirculation=\"Links P\u00e1rrafos\" class=\"ue-c-article__paragraph paragraph\">Los d\u00edas de gloria del que para muchos ha sido el mejor golfista de la historia parecen estar llegando a su final. Y no es que pretendamos \u2018enterrarlo\u2019, pero es que no hace ni 10 d\u00edas que  anunci\u00f3 que <strong>se hab\u00eda sometido a una cirug\u00eda para reemplazar un disco de su espalda<\/strong> y evidentemente no hay fecha para su reaparici\u00f3n.<\/p>\n<p data-mrf-recirculation=\"Links P\u00e1rrafos\" class=\"ue-c-article__paragraph paragraph\">Mientras tanto, su ca\u00edda en el ranking mundial contin\u00faa. Como se\u00f1al\u00f3 el experto en esta clasificaci\u00f3n conocido como Nosferatu en la red social en \u2018X\u2019, <strong>Woods sali\u00f3 del \u2018top 2000\u2019 del OWGR el 5 de octubre<\/strong>, cuando baj\u00f3 al puesto 2001 y ayer lunes <strong>descendi\u00f3 al 2084<\/strong>. Si sigue sin competir antes del Masters de Augusta, llegar\u00eda literalmente sin puntos a este torneo. Ahora mismo tiene\u00a00.57008. En cualquier caso, a d\u00eda de hoy ya se puede decir que <strong>jam\u00e1s hab\u00eda estado tan abajo en la clasificaci\u00f3n mundial.<\/strong><\/p>\n<p data-mrf-recirculation=\"Links P\u00e1rrafos\" class=\"ue-c-article__paragraph paragraph\">El dato es demoledor para alguien que <strong>estuvo 683 semanas en el puesto n\u00famero 1<\/strong> durante un periodo de <strong>13 a\u00f1os<\/strong>, incluidas 281 semanas consecutivas desde junio de 2005 a octubre de 2010. <strong>Tras ganar el Masters y el Zozo en 2019, \u2018resucit\u00f3\u2019 llegando a ser el sexto del ranking<\/strong>, pero despu\u00e9s vendr\u00edan nuevas lesiones de espalda y, lo m\u00e1s grave, su accidente de tr\u00e1fico en febrero de 2021.<\/p>\n<p data-mrf-recirculation=\"Links P\u00e1rrafos\" class=\"ue-c-article__paragraph paragraph\">Desde entonces apenas se ha prodigado y su rendimiento se vio muy mermado. Con <strong>solo cinco torneos disputados en 2024 y superando un corte<\/strong>, el californiano termin\u00f3 el a\u00f1o pasado en el puesto 1.124. <strong>Su 2025 ha sido en blanco<\/strong> y la cosa pinta peor ahora pues va camino de desaparecer del ranking.<\/p>\n","protected":false},"excerpt":{"rendered":"Cada d\u00eda parece m\u00e1s evidente que Tiger Woods, ganador de 15 Majors, tendr\u00e1 m\u00e1s complicado deshacer el empate&hellip;\n","protected":false},"author":2,"featured_media":191367,"comment_status":"","ping_status":"","sticky":false,"template":"","format":"standard","meta":{"footnotes":""},"categories":[275],"tags":[168,25,24,329,23,167],"class_list":{"0":"post-191366","1":"post","2":"type-post","3":"status-publish","4":"format-standard","5":"has-post-thumbnail","7":"category-golf","8":"tag-deportes","9":"tag-es","10":"tag-espana","11":"tag-golf","12":"tag-spain","13":"tag-sports"},"share_on_mastodon":{"url":"https:\/\/pubeurope.com\/@es\/115411845457256917","error":""},"_links":{"self":[{"href":"https:\/\/www.europesays.com\/es\/wp-json\/wp\/v2\/posts\/191366","targetHints":{"allow":["GET"]}}],"collection":[{"href":"https:\/\/www.europesays.com\/es\/wp-json\/wp\/v2\/posts"}],"about":[{"href":"https:\/\/www.europesays.com\/es\/wp-json\/wp\/v2\/types\/post"}],"author":[{"embeddable":true,"href":"https:\/\/www.europesays.com\/es\/wp-json\/wp\/v2\/users\/2"}],"replies":[{"embeddable":true,"href":"https:\/\/www.europesays.com\/es\/wp-json\/wp\/v2\/comments?post=191366"}],"version-history":[{"count":0,"href":"https:\/\/www.europesays.com\/es\/wp-json\/wp\/v2\/posts\/191366\/revisions"}],"wp:featuredmedia":[{"embeddable":true,"href":"https:\/\/www.europesays.com\/es\/wp-json\/wp\/v2\/media\/191367"}],"wp:attachment":[{"href":"https:\/\/www.europesays.com\/es\/wp-json\/wp\/v2\/media?parent=191366"}],"wp:term":[{"taxonomy":"category","embeddable":true,"href":"https:\/\/www.europesays.com\/es\/wp-json\/wp\/v2\/categories?post=191366"},{"taxonomy":"post_tag","embeddable":true,"href":"https:\/\/www.europesays.com\/es\/wp-json\/wp\/v2\/tags?post=191366"}],"curies":[{"name":"wp","href":"https:\/\/api.w.org\/{rel}","templated":true}]}}