{"id":191378,"date":"2025-10-21T11:15:20","date_gmt":"2025-10-21T11:15:20","guid":{"rendered":"https:\/\/www.europesays.com\/es\/191378\/"},"modified":"2025-10-21T11:15:20","modified_gmt":"2025-10-21T11:15:20","slug":"casa-en-los-llanos-pepa-diaz-arquitecta","status":"publish","type":"post","link":"https:\/\/www.europesays.com\/es\/191378\/","title":{"rendered":"Casa en los Llanos \/ Pepa Diaz Arquitecta"},"content":{"rendered":"<p><a class=\"js-image-size__link \" href=\"https:\/\/www.archdaily.cl\/cl\/1035171\/casa-en-los-llanos-pepa-diaz-arquitecta\/68f2711166e5d600015e872a-casa-en-los-llanos-pepa-diaz-arquitecta-foto\" rel=\"attachment nofollow noopener\" style=\"width: 100%; height: 100%;\" target=\"_blank\"><img decoding=\"async\" alt=\"Casa en los Llanos \/ Pepa Diaz Arquitecta - Fotograf\u00eda exterior\" data-nr-picture-id=\"68f2711166e5d600015e872a\" fetchpriority=\"high\" height=\"426\" itemprop=\"image\" loading=\"eager\" longdesc=\"https:\/\/www.archdaily.cl\/cl\/1035171\/casa-en-los-llanos-pepa-diaz-arquitecta\/68f2711166e5d600015e872a-casa-en-los-llanos-pepa-diaz-arquitecta-foto\" src=\"https:\/\/www.europesays.com\/es\/wp-content\/uploads\/2025\/10\/1761045314_881_03.jpg\" style=\"min-height: var(--featured-height, auto); aspect-ratio: auto 640 \/ 426\" width=\"640\"\/><\/a>\u00a9 Juan S. Calventus y Jer\u00f3nimo Jos\u00e9 Montes Mart\u00ednez<\/p>\n<p class=\"thumbs afd-desktop-e clearfix\"><a class=\"thumbs__link\" data-nr-picture-id=\"68f2711166e5d600015e872c\" href=\"https:\/\/www.archdaily.cl\/cl\/1035171\/casa-en-los-llanos-pepa-diaz-arquitecta\/68f2711166e5d600015e872c-casa-en-los-llanos-pepa-diaz-arquitecta-foto\" rel=\"attachment nofollow noopener\" target=\"_blank\"><img loading=\"lazy\" decoding=\"async\" alt=\"Casa en los Llanos \/ Pepa Diaz Arquitecta - Fotograf\u00eda interior, Madera, Sillones, Iluminaci\u00f3n, Sillas\" class=\"thumbs__img b-lazy\" data-nr-picture-id=\"68f2711166e5d600015e872c\" data-pin-nopin=\"true\" src=\"https:\/\/www.europesays.com\/es\/wp-content\/uploads\/2025\/10\/1761045315_349_07.jpg\" height=\"125\" longdesc=\"https:\/\/www.archdaily.cl\/cl\/1035171\/casa-en-los-llanos-pepa-diaz-arquitecta\/68f2711166e5d600015e872c-casa-en-los-llanos-pepa-diaz-arquitecta-foto\" title=\"\u00a9 Juan S. Calventus y Jer\u00f3nimo Jos\u00e9 Montes Mart\u00ednez\" width=\"125\"\/><\/a><a class=\"thumbs__link\" data-nr-picture-id=\"68f2711266e5d600015e872d\" href=\"https:\/\/www.archdaily.cl\/cl\/1035171\/casa-en-los-llanos-pepa-diaz-arquitecta\/68f2711266e5d600015e872d-casa-en-los-llanos-pepa-diaz-arquitecta-foto\" rel=\"attachment nofollow noopener\" target=\"_blank\"><img loading=\"lazy\" decoding=\"async\" alt=\"Casa en los Llanos \/ Pepa Diaz Arquitecta - Fotograf\u00eda interior, Dormitorio, Madera\" class=\"thumbs__img b-lazy\" data-nr-picture-id=\"68f2711266e5d600015e872d\" data-pin-nopin=\"true\" src=\"https:\/\/www.europesays.com\/es\/wp-content\/uploads\/2025\/10\/1761045315_315_08.jpg\" height=\"125\" longdesc=\"https:\/\/www.archdaily.cl\/cl\/1035171\/casa-en-los-llanos-pepa-diaz-arquitecta\/68f2711266e5d600015e872d-casa-en-los-llanos-pepa-diaz-arquitecta-foto\" title=\"\u00a9 Juan S. Calventus y Jer\u00f3nimo Jos\u00e9 Montes Mart\u00ednez\" width=\"125\"\/><\/a><a class=\"thumbs__link\" data-nr-picture-id=\"68f2711166e5d600015e872b\" href=\"https:\/\/www.archdaily.cl\/cl\/1035171\/casa-en-los-llanos-pepa-diaz-arquitecta\/68f2711166e5d600015e872b-casa-en-los-llanos-pepa-diaz-arquitecta-foto\" rel=\"attachment nofollow noopener\" target=\"_blank\"><img loading=\"lazy\" decoding=\"async\" alt=\"Casa en los Llanos \/ Pepa Diaz Arquitecta - Fotograf\u00eda interior, Sala de estar, Iluminaci\u00f3n, Estanter\u00edas, Sillas\" class=\"thumbs__img b-lazy\" data-nr-picture-id=\"68f2711166e5d600015e872b\" data-pin-nopin=\"true\" src=\"https:\/\/www.europesays.com\/es\/wp-content\/uploads\/2025\/10\/1761045315_76_05.jpg\" height=\"125\" longdesc=\"https:\/\/www.archdaily.cl\/cl\/1035171\/casa-en-los-llanos-pepa-diaz-arquitecta\/68f2711166e5d600015e872b-casa-en-los-llanos-pepa-diaz-arquitecta-foto\" title=\"\u00a9 Juan S. Calventus y Jer\u00f3nimo Jos\u00e9 Montes Mart\u00ednez\" width=\"125\"\/><\/a><a class=\"thumbs__link\" data-nr-picture-id=\"68f2711366e5d600015e8730\" href=\"https:\/\/www.archdaily.cl\/cl\/1035171\/casa-en-los-llanos-pepa-diaz-arquitecta\/68f2711366e5d600015e8730-casa-en-los-llanos-pepa-diaz-arquitecta-foto\" rel=\"attachment nofollow noopener\" target=\"_blank\"><img loading=\"lazy\" decoding=\"async\" alt=\"Casa en los Llanos \/ Pepa Diaz Arquitecta - Fotograf\u00eda interior, Sala de estar, Sillones, Madera, Mesas, Sillas, Iluminaci\u00f3n, Estanter\u00edas\" class=\"thumbs__img b-lazy\" data-nr-picture-id=\"68f2711366e5d600015e8730\" data-pin-nopin=\"true\" src=\"https:\/\/www.europesays.com\/es\/wp-content\/uploads\/2025\/10\/1761045316_730_7.jpg\" height=\"125\" longdesc=\"https:\/\/www.archdaily.cl\/cl\/1035171\/casa-en-los-llanos-pepa-diaz-arquitecta\/68f2711366e5d600015e8730-casa-en-los-llanos-pepa-diaz-arquitecta-foto\" title=\"\u00a9 Juan S. Calventus y Jer\u00f3nimo Jos\u00e9 Montes Mart\u00ednez\" width=\"125\"\/><\/a><a class=\"gallery-link afd-desktop-e\" href=\"https:\/\/www.archdaily.cl\/cl\/1035171\/casa-en-los-llanos-pepa-diaz-arquitecta\/68f2711166e5d600015e872a-casa-en-los-llanos-pepa-diaz-arquitecta-foto\" rel=\"nofollow noopener\" target=\"_blank\"><img decoding=\"async\" alt=\"Casa en los Llanos \/ Pepa Diaz Arquitecta - M\u00e1s Im\u00e1genes\" class=\"thumbs__img b-lazy\" src=\"https:\/\/www.europesays.com\/es\/wp-content\/uploads\/2025\/10\/1761045314_881_03.jpg\" itemprop=\"image\" bad-src=\"data:image\/gif;base64,R0lGODlhAQABAIAAAAUEBAAAACwAAAAAAQABAAACAkQBADs=\"\/>+ 13<\/a><\/p>\n<p>    Compartir<\/p>\n<p>Compartir<\/p>\n<ul class=\"afd-share__networks clearfix\">\n<li class=\"afd-share__social\"><a aria-label=\"Facebook\" class=\"afd-share__button\" data-insights-category=\"share\" data-insights-label=\"facebook_sharing_options\" data-insights-value=\"1035171\" data-social=\"facebook\" href=\"https:\/\/www.facebook.com\/sharer\/sharer.php?u=https:\/\/www.archdaily.cl\/cl\/1035171\/casa-en-los-llanos-pepa-diaz-arquitecta\" rel=\"nofollow noopener\" target=\"_blank\"><\/a>\n<p>Facebook<\/p>\n<\/li>\n<li class=\"afd-share__social\"><a aria-label=\"Twitter\" class=\"afd-share__button\" data-insights-category=\"share\" data-insights-label=\"twitter_sharing_options\" data-insights-value=\"1035171\" data-social=\"twitter\" href=\"https:\/\/twitter.com\/intent\/tweet?text=Casa%20en%20los%20Llanos%20%2F%20Pepa%20Diaz%20Arquitecta&amp;url=https:\/\/www.archdaily.cl\/cl\/1035171\/casa-en-los-llanos-pepa-diaz-arquitecta&amp;via=parq\" rel=\"nofollow noopener\" target=\"_blank\"><\/a>\n<p>Twitter<\/p>\n<\/li>\n<li class=\"afd-share__social\"><a class=\"afd-share__button\" data-insights-category=\"share\" data-insights-label=\"email_sharing_options\" data-insights-value=\"1035171\" data-social=\"email\" href=\"mailto:?subject=Casa en los Llanos \/ Pepa Diaz Arquitecta&amp;body=https:\/\/www.archdaily.cl\/cl\/1035171\/casa-en-los-llanos-pepa-diaz-arquitecta\"><\/a>\n<p>Mail<\/p>\n<\/li>\n<li class=\"afd-share__social\"><a aria-label=\"Pinterest\" class=\"afd-share__button\" data-insights-category=\"share\" data-insights-label=\"pinterest_sharing_options\" data-insights-value=\"1035171\" data-social=\"pinterest\" href=\"https:\/\/pinterest.com\/pin\/create\/button\/?url=https%3A%2F%2Fwww.archdaily.cl%2Fcl%2F1035171%2Fcasa-en-los-llanos-pepa-diaz-arquitecta&amp;media=https%3A%2F%2Fimages.adsttc.com%2Fmedia%2Fimages%2F68f2%2F7111%2F66e5%2Fd600%2F015e%2F872a%2Flarge_jpg%2F03.jpg%3F1760719180&amp;description=Casa%20en%20los%20Llanos%20%2F%20Pepa%20Diaz%20Arquitecta\" rel=\"nofollow noopener\" target=\"_blank\"><\/a>\n<p>Pinterest<\/p>\n<\/li>\n<li class=\"afd-share__social\"><a aria-label=\"Whatsapp\" class=\"afd-share__button\" data-action=\"share\/whatsapp\/share\" data-insights-category=\"share\" data-insights-label=\"whatsapp_sharing_options\" data-insights-value=\"1035171\" data-social=\"whatsapp\" href=\"whatsapp:\/\/send?text=Casa+en+los+Llanos+%2F+Pepa+Diaz+Arquitecta+%7C+https%3A%2F%2Fwww.archdaily.cl%2Fcl%2F1035171%2Fcasa-en-los-llanos-pepa-diaz-arquitecta%3Futm_source%3DWhatsapp%26utm_medium%3DIM%26utm_campaign%3Dshare-button\" rel=\"nofollow\"><\/a>\n<p>Whatsapp<\/p>\n<\/li>\n<\/ul>\n<p>O<\/p>\n<p>https:\/\/www.archdaily.cl\/cl\/1035171\/casa-en-los-llanos-pepa-diaz-arquitecta<\/p>\n<p>  Portapapeles<\/p>\n<p>              \u00abCOPY\u00bb<\/p>\n<p>Copiar<br \/>\n<a class=\"js-image-size__link lazy-anchor\" href=\"https:\/\/www.archdaily.cl\/cl\/1035171\/casa-en-los-llanos-pepa-diaz-arquitecta\/68f2711066e5d600015e8728-casa-en-los-llanos-pepa-diaz-arquitecta-foto\" rel=\"nofollow noopener\" target=\"_blank\"><img decoding=\"async\" alt=\"Casa en los Llanos \/ Pepa Diaz Arquitecta - Fotograf\u00eda exterior\" data-nr-picture-id=\"68f2711066e5d600015e8728\" height=\"427\" itemprop=\"image\" loading=\"lazy\" longdesc=\"https:\/\/www.archdaily.cl\/cl\/1035171\/casa-en-los-llanos-pepa-diaz-arquitecta\/68f2711066e5d600015e8728-casa-en-los-llanos-pepa-diaz-arquitecta-foto\" src=\"https:\/\/www.europesays.com\/es\/wp-content\/uploads\/2025\/10\/1761045316_968_01.jpg\" width=\"640\"\/>\u00a9 Juan S. Calventus y Jer\u00f3nimo Jos\u00e9 Montes Mart\u00ednez<\/a><\/p>\n<p>Descripci\u00f3n enviada por el equipo del proyecto. La casa en los Llanos es una casa atemporal y ecl\u00e9ctica, que ha contado con <strong>la recuperaci\u00f3n parcial de una casi ruina<\/strong>, poco quedaba de \u00e9sta inicialmente, pero <strong>era la casa de la infancia del propietario. <\/strong>Atendiendo a la Ley de la calidad de la Arquitectura, se ha trabajado en la integraci\u00f3n armoniosa en el paisaje, a trav\u00e9s de una contribuci\u00f3n adaptada de la sostenibilidad econ\u00f3mica, medioambiental y social, gestionando los recursos locales, reutilizando y reciclando materiales en la medida en la que se han podido recuperar, contribuyendo as\u00ed a un proceso de econom\u00eda circular. Y se ha configurado y pensado <strong>no s\u00f3lo desde la expresi\u00f3n f\u00edsica sino tambi\u00e9n como hecho cultural y de identidad atando el lugar profundamente al habitante y su familia.<\/strong><\/p>\n<p><a class=\"js-image-size__link lazy-anchor\" href=\"https:\/\/www.archdaily.cl\/cl\/1035171\/casa-en-los-llanos-pepa-diaz-arquitecta\/68f2711366e5d600015e872f-casa-en-los-llanos-pepa-diaz-arquitecta-foto\" rel=\"nofollow noopener\" target=\"_blank\"><img decoding=\"async\" alt=\"Casa en los Llanos \/ Pepa Diaz Arquitecta - Fotograf\u00eda exterior\" data-nr-picture-id=\"68f2711366e5d600015e872f\" height=\"427\" itemprop=\"image\" loading=\"lazy\" longdesc=\"https:\/\/www.archdaily.cl\/cl\/1035171\/casa-en-los-llanos-pepa-diaz-arquitecta\/68f2711366e5d600015e872f-casa-en-los-llanos-pepa-diaz-arquitecta-foto\" src=\"https:\/\/www.europesays.com\/es\/wp-content\/uploads\/2025\/10\/5.1.jpg\" width=\"640\"\/>\u00a9 Juan S. Calventus y Jer\u00f3nimo Jos\u00e9 Montes Mart\u00ednez<\/a><a class=\"js-image-size__link lazy-anchor\" href=\"https:\/\/www.archdaily.cl\/cl\/1035171\/casa-en-los-llanos-pepa-diaz-arquitecta\/68f2711166e5d600015e872c-casa-en-los-llanos-pepa-diaz-arquitecta-foto\" rel=\"nofollow noopener\" target=\"_blank\"><img decoding=\"async\" alt=\"Casa en los Llanos \/ Pepa Diaz Arquitecta - Fotograf\u00eda interior, Madera, Sillones, Iluminaci\u00f3n, Sillas\" data-nr-picture-id=\"68f2711166e5d600015e872c\" height=\"427\" itemprop=\"image\" loading=\"lazy\" longdesc=\"https:\/\/www.archdaily.cl\/cl\/1035171\/casa-en-los-llanos-pepa-diaz-arquitecta\/68f2711166e5d600015e872c-casa-en-los-llanos-pepa-diaz-arquitecta-foto\" src=\"https:\/\/www.europesays.com\/es\/wp-content\/uploads\/2025\/10\/1761045317_409_07.jpg\" width=\"640\"\/>\u00a9 Juan S. Calventus y Jer\u00f3nimo Jos\u00e9 Montes Mart\u00ednez<\/a><a class=\"js-image-size__link lazy-anchor\" href=\"https:\/\/www.archdaily.cl\/cl\/1035171\/casa-en-los-llanos-pepa-diaz-arquitecta\/68f2711266e5d600015e872d-casa-en-los-llanos-pepa-diaz-arquitecta-foto\" rel=\"nofollow noopener\" target=\"_blank\"><img decoding=\"async\" alt=\"Casa en los Llanos \/ Pepa Diaz Arquitecta - Fotograf\u00eda interior, Dormitorio, Madera\" data-nr-picture-id=\"68f2711266e5d600015e872d\" height=\"427\" itemprop=\"image\" loading=\"lazy\" longdesc=\"https:\/\/www.archdaily.cl\/cl\/1035171\/casa-en-los-llanos-pepa-diaz-arquitecta\/68f2711266e5d600015e872d-casa-en-los-llanos-pepa-diaz-arquitecta-foto\" src=\"https:\/\/www.europesays.com\/es\/wp-content\/uploads\/2025\/10\/1761045317_369_08.jpg\" width=\"640\"\/>\u00a9 Juan S. Calventus y Jer\u00f3nimo Jos\u00e9 Montes Mart\u00ednez<\/a><\/p>\n<p>La construcci\u00f3n del proyecto <strong>se ha ejecutado con cierto grado de artesan\u00eda<\/strong>, tanto muros semiterrosos, que permiten al promotor experimentar con la tierra del lugar y ver sus posibilidades y sus dificultades, ha trabajado estos con la misma dedicaci\u00f3n que sus padres trabajaron las tierras donde se ubican, permitiendo generar ese paralelismo y conexi\u00f3n hol\u00edstica, recuperando otras partes de la original como es la cobertura o materiales de \u00e9sta que son repensados para configurar el mobiliario interior, donde por ejemplo los tableros de parte de la cubierta de la peque\u00f1a cuadra configuran la estanter\u00eda de la zona de d\u00eda actual.<\/p>\n<p><a class=\"js-image-size__link lazy-anchor\" href=\"https:\/\/www.archdaily.cl\/cl\/1035171\/casa-en-los-llanos-pepa-diaz-arquitecta\/68f2711466e5d600015e8736-casa-en-los-llanos-pepa-diaz-arquitecta-planta-baja-plus-altillo\" rel=\"nofollow noopener\" target=\"_blank\"><img decoding=\"async\" alt=\"Casa en los Llanos \/ Pepa Diaz Arquitecta - Imagen 15 de 18\" data-nr-picture-id=\"68f2711466e5d600015e8736\" height=\"427\" itemprop=\"image\" loading=\"lazy\" longdesc=\"https:\/\/www.archdaily.cl\/cl\/1035171\/casa-en-los-llanos-pepa-diaz-arquitecta\/68f2711466e5d600015e8736-casa-en-los-llanos-pepa-diaz-arquitecta-planta-baja-plus-altillo\" src=\"https:\/\/www.europesays.com\/es\/wp-content\/uploads\/2025\/10\/1761045318_669_09.jpg\" width=\"640\"\/>Planta Baja + Altillo<\/a><a class=\"js-image-size__link lazy-anchor\" href=\"https:\/\/www.archdaily.cl\/cl\/1035171\/casa-en-los-llanos-pepa-diaz-arquitecta\/68f2711466e5d600015e8739-casa-en-los-llanos-pepa-diaz-arquitecta-seccion\" rel=\"nofollow noopener\" target=\"_blank\"><img decoding=\"async\" alt=\"Casa en los Llanos \/ Pepa Diaz Arquitecta - Imagen 16 de 18\" data-nr-picture-id=\"68f2711466e5d600015e8739\" height=\"427\" itemprop=\"image\" loading=\"lazy\" longdesc=\"https:\/\/www.archdaily.cl\/cl\/1035171\/casa-en-los-llanos-pepa-diaz-arquitecta\/68f2711466e5d600015e8739-casa-en-los-llanos-pepa-diaz-arquitecta-seccion\" src=\"https:\/\/www.europesays.com\/es\/wp-content\/uploads\/2025\/10\/1761045318_455_12.jpg\" width=\"640\"\/>Secci\u00f3n<\/a><a class=\"js-image-size__link lazy-anchor\" href=\"https:\/\/www.archdaily.cl\/cl\/1035171\/casa-en-los-llanos-pepa-diaz-arquitecta\/68f2711466e5d600015e8737-casa-en-los-llanos-pepa-diaz-arquitecta-alzado-suroeste-plus-alzado-noroeste\" rel=\"nofollow noopener\" target=\"_blank\"><img decoding=\"async\" alt=\"Casa en los Llanos \/ Pepa Diaz Arquitecta - Imagen 17 de 18\" data-nr-picture-id=\"68f2711466e5d600015e8737\" height=\"427\" itemprop=\"image\" loading=\"lazy\" longdesc=\"https:\/\/www.archdaily.cl\/cl\/1035171\/casa-en-los-llanos-pepa-diaz-arquitecta\/68f2711466e5d600015e8737-casa-en-los-llanos-pepa-diaz-arquitecta-alzado-suroeste-plus-alzado-noroeste\" src=\"https:\/\/www.europesays.com\/es\/wp-content\/uploads\/2025\/10\/1761045319_432_10.jpg\" width=\"640\"\/>Alzado Suroeste + Alzado Noroeste<\/a><\/p>\n<p>La intervenci\u00f3n de la Casa en los Llanos<strong> pone la mirada en la recuperaci\u00f3n de la ruralidad, cuidando y mimando esta arquitectura a veces, silenciada y denostada, en este caso, a su vez envolvi\u00e9ndola en un nuevo aire de contemporaneidad<\/strong>. Recuperar la esencia de las viviendas que un d\u00eda fueron el lugar donde habitaban aquellos que trabajaban el campo y viv\u00edan de la agricultura, significa para los habitantes establecer esa conexi\u00f3n tan necesaria con sus antepasados y las generaciones futuras, significa dejar una huella contempor\u00e1nea en algo preexistente, y mantener la memoria de aquellos que en su infancia la habitaron.<\/p>\n<p><a class=\"js-image-size__link lazy-anchor\" href=\"https:\/\/www.archdaily.cl\/cl\/1035171\/casa-en-los-llanos-pepa-diaz-arquitecta\/68f2711166e5d600015e872b-casa-en-los-llanos-pepa-diaz-arquitecta-foto\" rel=\"nofollow noopener\" target=\"_blank\"><img decoding=\"async\" alt=\"Casa en los Llanos \/ Pepa Diaz Arquitecta - Fotograf\u00eda interior, Sala de estar, Iluminaci\u00f3n, Estanter\u00edas, Sillas\" data-nr-picture-id=\"68f2711166e5d600015e872b\" height=\"427\" itemprop=\"image\" loading=\"lazy\" longdesc=\"https:\/\/www.archdaily.cl\/cl\/1035171\/casa-en-los-llanos-pepa-diaz-arquitecta\/68f2711166e5d600015e872b-casa-en-los-llanos-pepa-diaz-arquitecta-foto\" src=\"https:\/\/www.europesays.com\/es\/wp-content\/uploads\/2025\/10\/1761045319_394_05.jpg\" width=\"640\"\/>\u00a9 Juan S. Calventus y Jer\u00f3nimo Jos\u00e9 Montes Mart\u00ednez<\/a><a class=\"js-image-size__link lazy-anchor\" href=\"https:\/\/www.archdaily.cl\/cl\/1035171\/casa-en-los-llanos-pepa-diaz-arquitecta\/68f2711366e5d600015e8730-casa-en-los-llanos-pepa-diaz-arquitecta-foto\" rel=\"nofollow noopener\" target=\"_blank\"><img decoding=\"async\" alt=\"Casa en los Llanos \/ Pepa Diaz Arquitecta - Fotograf\u00eda interior, Sala de estar, Sillones, Madera, Mesas, Sillas, Iluminaci\u00f3n, Estanter\u00edas\" data-nr-picture-id=\"68f2711366e5d600015e8730\" height=\"427\" itemprop=\"image\" loading=\"lazy\" longdesc=\"https:\/\/www.archdaily.cl\/cl\/1035171\/casa-en-los-llanos-pepa-diaz-arquitecta\/68f2711366e5d600015e8730-casa-en-los-llanos-pepa-diaz-arquitecta-foto\" src=\"https:\/\/www.europesays.com\/es\/wp-content\/uploads\/2025\/10\/1761045319_754_7.jpg\" width=\"640\"\/>\u00a9 Juan S. Calventus y Jer\u00f3nimo Jos\u00e9 Montes Mart\u00ednez<\/a><\/p>\n<p>Un lugar intemporal protegido de la invasi\u00f3n urbana. Que incentiva a la reflexi\u00f3n sobre la relaci\u00f3n con el entorno, como formar parte de \u00e9ste y las nuevas formas de habitar en el futuro. En el interior tabicado originalmente con peque\u00f1as estancias, los habitantes quieren poder disfrutar del concepto contempor\u00e1neo de espacio principal concebido s\u00f3lo por la envolvente, sin falsos techos horizontales, que permita disfrutar a la familia del volumen durante las actividades en la zona de d\u00eda adapt\u00e1ndose as\u00ed a las necesidades y nuevas formas de habitar con relaci\u00f3n a los a\u00f1os 60-70. Esto ha conllevado a comprimir el resto de programa, dormitorios y ba\u00f1o, en el resto de volumen.<\/p>\n<p><a class=\"js-image-size__link lazy-anchor\" href=\"https:\/\/www.archdaily.cl\/cl\/1035171\/casa-en-los-llanos-pepa-diaz-arquitecta\/68f2711166e5d600015e8729-casa-en-los-llanos-pepa-diaz-arquitecta-foto\" rel=\"nofollow noopener\" target=\"_blank\"><img decoding=\"async\" alt=\"Casa en los Llanos \/ Pepa Diaz Arquitecta - Fotograf\u00eda exterior\" data-nr-picture-id=\"68f2711166e5d600015e8729\" height=\"427\" itemprop=\"image\" loading=\"lazy\" longdesc=\"https:\/\/www.archdaily.cl\/cl\/1035171\/casa-en-los-llanos-pepa-diaz-arquitecta\/68f2711166e5d600015e8729-casa-en-los-llanos-pepa-diaz-arquitecta-foto\" src=\"https:\/\/www.europesays.com\/es\/wp-content\/uploads\/2025\/10\/1761045320_985_02.jpg\" width=\"640\"\/>\u00a9 Juan S. Calventus y Jer\u00f3nimo Jos\u00e9 Montes Mart\u00ednez<\/a><script async src=\"https:\/\/platform.twitter.com\/widgets.js\" charset=\"utf-8\"><\/script><\/p>\n","protected":false},"excerpt":{"rendered":"\u00a9 Juan S. Calventus y Jer\u00f3nimo Jos\u00e9 Montes Mart\u00ednez + 13 Compartir Compartir Facebook Twitter Mail Pinterest Whatsapp&hellip;\n","protected":false},"author":2,"featured_media":191379,"comment_status":"","ping_status":"","sticky":false,"template":"","format":"standard","meta":{"footnotes":""},"categories":[173],"tags":[801,802,229,233,231,230,3738,232,234,146,147,25,24,20174,39639,39640,23],"class_list":{"0":"post-191378","1":"post","2":"type-post","3":"status-publish","4":"format-standard","5":"has-post-thumbnail","7":"category-arte-y-diseno","8":"tag-arquitectura","9":"tag-arquitectura-residencial","10":"tag-arte","11":"tag-arte-y-diseno","12":"tag-arts","13":"tag-arts-and-design","14":"tag-casas","15":"tag-design","16":"tag-diseno","17":"tag-entertainment","18":"tag-entretenimiento","19":"tag-es","20":"tag-espana","21":"tag-lorca","22":"tag-remodelaciones","23":"tag-restauraciones","24":"tag-spain"},"share_on_mastodon":{"url":"https:\/\/pubeurope.com\/@es\/115411873325447501","error":""},"_links":{"self":[{"href":"https:\/\/www.europesays.com\/es\/wp-json\/wp\/v2\/posts\/191378","targetHints":{"allow":["GET"]}}],"collection":[{"href":"https:\/\/www.europesays.com\/es\/wp-json\/wp\/v2\/posts"}],"about":[{"href":"https:\/\/www.europesays.com\/es\/wp-json\/wp\/v2\/types\/post"}],"author":[{"embeddable":true,"href":"https:\/\/www.europesays.com\/es\/wp-json\/wp\/v2\/users\/2"}],"replies":[{"embeddable":true,"href":"https:\/\/www.europesays.com\/es\/wp-json\/wp\/v2\/comments?post=191378"}],"version-history":[{"count":0,"href":"https:\/\/www.europesays.com\/es\/wp-json\/wp\/v2\/posts\/191378\/revisions"}],"wp:featuredmedia":[{"embeddable":true,"href":"https:\/\/www.europesays.com\/es\/wp-json\/wp\/v2\/media\/191379"}],"wp:attachment":[{"href":"https:\/\/www.europesays.com\/es\/wp-json\/wp\/v2\/media?parent=191378"}],"wp:term":[{"taxonomy":"category","embeddable":true,"href":"https:\/\/www.europesays.com\/es\/wp-json\/wp\/v2\/categories?post=191378"},{"taxonomy":"post_tag","embeddable":true,"href":"https:\/\/www.europesays.com\/es\/wp-json\/wp\/v2\/tags?post=191378"}],"curies":[{"name":"wp","href":"https:\/\/api.w.org\/{rel}","templated":true}]}}