{"id":191392,"date":"2025-10-21T11:23:15","date_gmt":"2025-10-21T11:23:15","guid":{"rendered":"https:\/\/www.europesays.com\/es\/191392\/"},"modified":"2025-10-21T11:23:15","modified_gmt":"2025-10-21T11:23:15","slug":"cuando-y-como-ver-el-cometa-lemmon-desde-espana","status":"publish","type":"post","link":"https:\/\/www.europesays.com\/es\/191392\/","title":{"rendered":"Cu\u00e1ndo y c\u00f3mo ver el cometa Lemmon desde Espa\u00f1a"},"content":{"rendered":"<p> <img decoding=\"async\" fetchpriority=\"high\" src=\"https:\/\/www.europesays.com\/es\/wp-content\/uploads\/2025\/10\/cuando-y-como-ver-el-cometa-lemmon-desde-espana-1761029164048_1024.jpg\"  width=\"768\" height=\"432\" alt=\"Cometa\" title=\"Cometa\" data-image=\"kjjazl2zvji5\"\/>Descubierto a comienzos de este a\u00f1o, el cometa Lemmon no volver\u00e1 a pasar cerca de la Tierra hasta dentro de m\u00e1s de un milenio   <img decoding=\"async\" fetchpriority=\"high\" src=\"https:\/\/www.europesays.com\/es\/wp-content\/uploads\/2025\/08\/rocio-gonzalez.jpg\" alt=\"Rocio Gonz\u00e1lez\" width=\"40\" height=\"40\"\/>    <a class=\"nombre text-hv\" href=\"https:\/\/www.tiempo.com\/autor\/rocio-gonzalez\/\" title=\"Rocio Gonz\u00e1lez\" rel=\"nofollow noopener\" target=\"_blank\">Rocio Gonz\u00e1lez<\/a>       21\/10\/2025 12:23   5 min   <\/p>\n<p>El cometa C\/2025 A6 (Lemmon) iluminar\u00e1 las noches de octubre y noviembre con un espect\u00e1culo astron\u00f3mico \u00fanico. <strong>Descubierto a comienzos de este a\u00f1o<\/strong>, no volver\u00e1 a pasar cerca de la Tierra hasta dentro de m\u00e1s de un milenio. <\/p>\n<p>Un visitante que llega cada 1350 a\u00f1os<\/p>\n<p>Este oto\u00f1o, el cielo del hemisferio norte se convertir\u00e1 en un aut\u00e9ntico escenario c\u00f3smico con el paso del <strong>cometa C\/2025 A6 (Lemmon), descubierto en enero por el astr\u00f3nomo Carson Fuls <\/strong>desde el Observatorio Mount Lemmon (Arizona, EE. UU.). Con una \u00f3rbita el\u00edptica que lo lleva m\u00e1s all\u00e1 de Neptuno, Lemmon <strong>tarda aproximadamente 1.350 a\u00f1os en completar una vuelta al Sol.<\/strong> <\/p>\n<p>Durante su acercamiento, <strong>el cometa alcanzar\u00e1 un brillo suficiente para ser visible a simple vista<\/strong>, especialmente en lugares alejados de la contaminaci\u00f3n lum\u00ednica. Este cuerpo helado, compuesto por polvo, gases y material org\u00e1nico, se convertir\u00e1 en uno de los protagonistas del firmamento oto\u00f1al.<\/p>\n<p>Las mejores fechas para observar el cometa Lemmon<\/p>\n<p>El Observatorio Astron\u00f3mico Nacional de Espa\u00f1a ha informado de que <strong>el cometa ser\u00e1 visible entre el 18 y el 24 de octubre<\/strong>, tanto unos 45 minutos antes del amanecer, mirando hacia el este, como unos 45 minutos antes del atardecer, cuando podr\u00e1 distinguirse hacia el oeste.<\/p>\n<blockquote class=\"twitter-tweet\">\n<p lang=\"es\" dir=\"ltr\">Hoy en <a href=\"https:\/\/twitter.com\/hashtag\/cielosESA?src=hash&amp;ref_src=twsrc%5Etfw\" rel=\"nofollow noopener\" target=\"_blank\">#cielosESA<\/a>&#8230;<a href=\"https:\/\/twitter.com\/CTagoror?ref_src=twsrc%5Etfw\" rel=\"nofollow noopener\" target=\"_blank\">@CTagoror<\/a> nos env\u00eda esta impresionante imagen del Cometa C\/2025 A6 Lemon<\/p>\n<p>\u00a1Muchas gracias <a href=\"https:\/\/twitter.com\/CTagoror?ref_src=twsrc%5Etfw\" rel=\"nofollow noopener\" target=\"_blank\">@CTagoror<\/a> por tu foto!<br \/>Etiqueta tus con <a href=\"https:\/\/twitter.com\/hashtag\/cielosESA?src=hash&amp;ref_src=twsrc%5Etfw\" rel=\"nofollow noopener\" target=\"_blank\">#cielosESA<\/a> <a href=\"https:\/\/t.co\/6CGVkKmdN7\" rel=\"nofollow\">pic.twitter.com\/6CGVkKmdN7<\/a><\/p>\n<p>\u2014 ESA Espa\u00f1a (@esa_es) <a href=\"https:\/\/twitter.com\/esa_es\/status\/1980368171627434416?ref_src=twsrc%5Etfw\" rel=\"nofollow noopener\" target=\"_blank\">October 20, 2025<\/a><\/p><\/blockquote>\n<p>La noche del 21 de octubre ser\u00e1 especialmente destacada, ya que el Lemmon <strong>pasar\u00e1 por su punto m\u00e1s cercano a la Tierra, a aproximadamente la mitad de la distancia que nos separa del Sol<\/strong>, seg\u00fan ha confirmado la NASA. Esa ser\u00e1 la mejor oportunidad para observarlo a simple vista, siempre que las condiciones meteorol\u00f3gicas sean favorables.<\/p>\n<p><a class=\"imagen \" href=\"https:\/\/www.tiempo.com\/noticias\/astronomia\/piedras-hielo-y-estrellas-fugaces-desvelamos-la-diferencia-entre-asteroides-cometas-y-meteoros.html\" title=\"Piedras, hielo y estrellas fugaces: un astrof\u00edsico explica la diferencia entre asteroides, cometas y meteoros\" rel=\"nofollow noopener\" target=\"_blank\"><img loading=\"lazy\" decoding=\"async\" fetchpriority=\"low\" class=\"lazy img-body non-editable\" src=\"https:\/\/www.europesays.com\/es\/wp-content\/uploads\/2025\/10\/piedras-hielo-y-estrellas-fugaces-desvelamos-la-diferencia-entre-asteroides-cometas-y-meteoros-17600.jpeg\"  width=\"320\" height=\"225\" alt=\"Piedras, hielo y estrellas fugaces: un astrof\u00edsico explica la diferencia entre asteroides, cometas y meteoros\"\/><\/a><\/p>\n<p>Tras este acercamiento,<strong> el cometa continuar\u00e1 su trayecto hacia el interior del Sistema Solar y rodear\u00e1 el Sol el 8 de noviembre<\/strong>, momento en el que su actividad ser\u00e1 m\u00e1xima y su cola m\u00e1s brillante.<\/p>\n<p>El viaje del Lemmon por las constelaciones<\/p>\n<p>A lo largo de las semanas, el cometa <strong>se desplazar\u00e1 lentamente hacia las constelaciones de H\u00e9rcules y Serpens<\/strong>, para finalmente dirigirse hacia Escorpio a finales de noviembre, momento en el que podr\u00e1 verse cerca de Antares, una estrella rojiza f\u00e1cilmente reconocible.<\/p>\n<p><img loading=\"lazy\" decoding=\"async\" fetchpriority=\"low\" class=\"lazy \" src=\"https:\/\/www.europesays.com\/es\/wp-content\/uploads\/2025\/10\/cuando-y-como-ver-el-cometa-lemmon-desde-espana-1761029937216_1024.jpg\"  width=\"768\" height=\"432\" alt=\"Cometa\" title=\"Cometa\" data-image=\"fr1enht3l4nh\"\/> Este oto\u00f1o tambi\u00e9n ser\u00e1 visible, aunque de forma m\u00e1s tenue, el cometa Swan<\/p>\n<p>Adem\u00e1s, seg\u00fan el Instituto de Astrof\u00edsica de Canarias (IAC), este oto\u00f1o no solo ofrecer\u00e1 el paso del Lemmon, sino que<strong> tambi\u00e9n ser\u00e1 visible, aunque de forma m\u00e1s tenue, el cometa Swan<\/strong>, que cruzar\u00e1 la V\u00eda L\u00e1ctea sobre el horizonte suroeste y podr\u00e1 observarse con prism\u00e1ticos o telescopios de aficionados.<\/p>\n<p>\u00bfC\u00f3mo es el cometa Lemmon?<\/p>\n<p>Los cometas est\u00e1n formados por hielo, polvo y compuestos org\u00e1nicos, materiales que se remontan a la formaci\u00f3n del Sistema Solar hace m\u00e1s de 4.500 millones de a\u00f1os.<strong> Cuando se acercan al Sol, el calor provoca que los hielos sublimen y liberen gases<\/strong>, formando la caracter\u00edstica coma y las colas que reflejan la luz solar.<\/p>\n<p><a class=\"imagen \" href=\"https:\/\/www.tiempo.com\/noticias\/astronomia\/se-acerca-el-mayor-eclipse-solar-del-siglo-este-dia-el-sol-permanecera-oculto-durante-mas-de-6-minutos.html\" title=\"Se acerca el mayor eclipse solar del siglo: este d\u00eda el Sol permanecer\u00e1 oculto durante m\u00e1s de 6 minutos\" rel=\"nofollow noopener\" target=\"_blank\"><img loading=\"lazy\" decoding=\"async\" fetchpriority=\"low\" class=\"lazy img-body non-editable\" src=\"https:\/\/www.europesays.com\/es\/wp-content\/uploads\/2025\/10\/se-acerca-el-mayor-eclipse-solar-del-siglo-este-dia-el-sol-permanecera-oculto-durante-mas-de-6-minut.png\"  width=\"320\" height=\"225\" alt=\"Se acerca el mayor eclipse solar del siglo: este d\u00eda el Sol permanecer\u00e1 oculto durante m\u00e1s de 6 minutos\"\/><\/a><\/p>\n<p>En el caso del Lemmon, las observaciones preliminares han revelado dos colas diferenciadas,<strong> una azulada, compuesta por gases ionizados que reaccionan al viento solar, y otra amarillenta, formada por part\u00edculas de polvo<\/strong>. Desde Catalu\u00f1a ya se han captado im\u00e1genes en las que se aprecia su coma verdosa y brillante, as\u00ed como una cola azul que se extiende varios grados en el cielo.<\/p>\n<p><img loading=\"lazy\" decoding=\"async\" fetchpriority=\"low\" class=\"lazy \" src=\"https:\/\/www.europesays.com\/es\/wp-content\/uploads\/2025\/10\/cuando-y-como-ver-el-cometa-lemmon-desde-espana-1761030276143_1024.jpg\"  width=\"768\" height=\"432\" alt=\"Observaci\u00f3n astron\u00f3mica\" title=\"Observaci\u00f3n astron\u00f3mica\" data-image=\"o6oc54ooiaxo\"\/>El brillo del cometa Lemmon alcanzar\u00e1 su m\u00e1ximo durante el mes de octubre<\/p>\n<p>El brillo del cometa Lemmon alcanzar\u00e1 su m\u00e1ximo durante el mes de octubre, ofreciendo una oportunidad inigualable para los amantes de la astronom\u00eda. <strong>Su resplandor <\/strong>ef\u00edmero, resultado de la intensa actividad provocada por la cercan\u00eda al Sol, <strong>ir\u00e1 disminuyendo conforme el cometa se aleje<\/strong> y vuelva a internarse en las regiones m\u00e1s fr\u00edas y oscuras del Sistema Solar.<\/p>\n<p> <script async src=\"https:\/\/platform.twitter.com\/widgets.js\" charset=\"utf-8\"><\/script><\/p>\n","protected":false},"excerpt":{"rendered":"Descubierto a comienzos de este a\u00f1o, el cometa Lemmon no volver\u00e1 a pasar cerca de la Tierra hasta&hellip;\n","protected":false},"author":2,"featured_media":191393,"comment_status":"","ping_status":"","sticky":false,"template":"","format":"standard","meta":{"footnotes":""},"categories":[81],"tags":[647,119,123,124,8613,25,24,53476,117,121,122,23,118,120],"class_list":{"0":"post-191392","1":"post","2":"type-post","3":"status-publish","4":"format-standard","5":"has-post-thumbnail","7":"category-ciencia-y-tecnologia","8":"tag-astronomia","9":"tag-ciencia","10":"tag-ciencia-y-tecnologia","11":"tag-cienciaytecnologia","12":"tag-cometa","13":"tag-es","14":"tag-espana","15":"tag-lemmon","16":"tag-science","17":"tag-science-and-technology","18":"tag-scienceandtechnology","19":"tag-spain","20":"tag-technology","21":"tag-tecnologia"},"share_on_mastodon":{"url":"https:\/\/pubeurope.com\/@es\/115411904420217640","error":""},"_links":{"self":[{"href":"https:\/\/www.europesays.com\/es\/wp-json\/wp\/v2\/posts\/191392","targetHints":{"allow":["GET"]}}],"collection":[{"href":"https:\/\/www.europesays.com\/es\/wp-json\/wp\/v2\/posts"}],"about":[{"href":"https:\/\/www.europesays.com\/es\/wp-json\/wp\/v2\/types\/post"}],"author":[{"embeddable":true,"href":"https:\/\/www.europesays.com\/es\/wp-json\/wp\/v2\/users\/2"}],"replies":[{"embeddable":true,"href":"https:\/\/www.europesays.com\/es\/wp-json\/wp\/v2\/comments?post=191392"}],"version-history":[{"count":0,"href":"https:\/\/www.europesays.com\/es\/wp-json\/wp\/v2\/posts\/191392\/revisions"}],"wp:featuredmedia":[{"embeddable":true,"href":"https:\/\/www.europesays.com\/es\/wp-json\/wp\/v2\/media\/191393"}],"wp:attachment":[{"href":"https:\/\/www.europesays.com\/es\/wp-json\/wp\/v2\/media?parent=191392"}],"wp:term":[{"taxonomy":"category","embeddable":true,"href":"https:\/\/www.europesays.com\/es\/wp-json\/wp\/v2\/categories?post=191392"},{"taxonomy":"post_tag","embeddable":true,"href":"https:\/\/www.europesays.com\/es\/wp-json\/wp\/v2\/tags?post=191392"}],"curies":[{"name":"wp","href":"https:\/\/api.w.org\/{rel}","templated":true}]}}