{"id":191403,"date":"2025-10-21T11:29:11","date_gmt":"2025-10-21T11:29:11","guid":{"rendered":"https:\/\/www.europesays.com\/es\/191403\/"},"modified":"2025-10-21T11:29:11","modified_gmt":"2025-10-21T11:29:11","slug":"la-fiesta-brava-regresara-con-fuerza-a-valle-de-la-pascua-venezuela","status":"publish","type":"post","link":"https:\/\/www.europesays.com\/es\/191403\/","title":{"rendered":"La Fiesta Brava regresar\u00e1 con fuerza a Valle de La Pascua, Venezuela"},"content":{"rendered":"<p>            <a href=\"https:\/\/www.lascosasdeltoro.com\/wp-content\/uploads\/2025\/10\/Valle-la-Pascua.jpg\" data-caption=\"\" rel=\"nofollow noopener\" target=\"_blank\"><img loading=\"lazy\" decoding=\"async\" width=\"696\" height=\"1169\" class=\"entry-thumb td-modal-image\" src=\"https:\/\/www.europesays.com\/es\/wp-content\/uploads\/2025\/10\/Valle-la-Pascua-696x1169.jpg\"   alt=\"\" title=\"Valle la Pascua\"\/><\/a><\/p>\n<p>Tras a\u00f1os de silencio en los tendidos, la Plaza de Toros \u2018Enrico Finelli\u2019 volver\u00e1 a vibrar con el eco de los clarines y timbales. La Fiesta Brava regresa a Valle de La Pascua, municipio Leonardo Infante del estado Gu\u00e1rico, Venezuela, como parte de las celebraciones en honor a la Virgen de la Candelaria, patrona de la ciudad.<\/p>\n<p>La empresa taurina LSCH, junto a los reconocidos hermanos Zapata, el irrestricto apoyo de Cristian Jos\u00e9 Norato alcalde del municipio, y la C\u00e1mara municipal, han asumido el compromiso de rescatar esta emblem\u00e1tica tradici\u00f3n, y organizar\u00e1n los festejos taurinos en el mes de febrero de 2026. El anuncio oficial ser\u00e1 realizado en una rueda de prensa que ser\u00e1 programada en los pr\u00f3ximos d\u00edas, en el coraz\u00f3n de este municipio llanero.<\/p>\n<p>La Plaza \u2018Enrico Finelli\u2019, inaugurada el 31 de enero de 1976, fue testigo de grandes faenas desde su primer cartel, protagonizado por leyendas como Curro Gir\u00f3n, Efra\u00edn Gir\u00f3n y Juanito Mart\u00ednez, quienes lidiaron reses en honor a la Virgen de la Candelaria. Hoy, cinco d\u00e9cadas despu\u00e9s, se prepara para abrir nuevamente sus puertas para recibir el arte taurino en todo su esplendor.<\/p>\n<p>Este retorno no solo representa una apuesta por el espect\u00e1culo, sino tambi\u00e9n por la identidad cultural y religiosa de Valle de La Pascua. El entorno del Parque Ferial \u2018Emilio Ar\u00e9valo Cede\u00f1o\u2019 se vestir\u00e1 de gala para recibir a aficionados, ganaderos, toreros y familias que durante a\u00f1os han a\u00f1orado la magnificencia de estas ferias llaneras.<\/p>\n<p>Este renacer taurino en Valle de La Pascua no es fruto del azar, sino del compromiso decidido de una empresa que ha puesto su pasi\u00f3n por delante del beneficio econ\u00f3mico. La empresa taurina LSCH, los hermanos Zapata y las autoridades municipales han apostado con firmeza por la recuperaci\u00f3n de las ferias candelarieras y por el fortalecimiento de la Fiesta Brava en Venezuela, en un gesto que honra la tradici\u00f3n, la cultura y el alma de un pueblo que nunca dej\u00f3 de so\u00f1ar con el regreso del toreo a su tierra.\u00a0 Porque m\u00e1s all\u00e1 del ruedo, este esfuerzo representa una declaraci\u00f3n de principios: la tauromaquia sigue viva, y en Valle de La Pascua volver\u00e1 a rugir con la fuerza de su historia.\u00a0\u00a0Carlos Alexis Rivera CNP 10746<\/p>\n<p><a href=\"#\"><img decoding=\"async\" src=\"https:\/\/www.lascosasdeltoro.com\/wp-content\/uploads\/2016\/10\/rec728.jpg\"\/><\/a>        <\/p>\n","protected":false},"excerpt":{"rendered":"Tras a\u00f1os de silencio en los tendidos, la Plaza de Toros \u2018Enrico Finelli\u2019 volver\u00e1 a vibrar con el&hellip;\n","protected":false},"author":2,"featured_media":191404,"comment_status":"","ping_status":"","sticky":false,"template":"","format":"standard","meta":{"footnotes":""},"categories":[277],"tags":[373,168,25,24,23,167,374],"class_list":{"0":"post-191403","1":"post","2":"type-post","3":"status-publish","4":"format-standard","5":"has-post-thumbnail","7":"category-toreo","8":"tag-bullfighting","9":"tag-deportes","10":"tag-es","11":"tag-espana","12":"tag-spain","13":"tag-sports","14":"tag-toreo"},"share_on_mastodon":{"url":"https:\/\/pubeurope.com\/@es\/115411927952121748","error":""},"_links":{"self":[{"href":"https:\/\/www.europesays.com\/es\/wp-json\/wp\/v2\/posts\/191403","targetHints":{"allow":["GET"]}}],"collection":[{"href":"https:\/\/www.europesays.com\/es\/wp-json\/wp\/v2\/posts"}],"about":[{"href":"https:\/\/www.europesays.com\/es\/wp-json\/wp\/v2\/types\/post"}],"author":[{"embeddable":true,"href":"https:\/\/www.europesays.com\/es\/wp-json\/wp\/v2\/users\/2"}],"replies":[{"embeddable":true,"href":"https:\/\/www.europesays.com\/es\/wp-json\/wp\/v2\/comments?post=191403"}],"version-history":[{"count":0,"href":"https:\/\/www.europesays.com\/es\/wp-json\/wp\/v2\/posts\/191403\/revisions"}],"wp:featuredmedia":[{"embeddable":true,"href":"https:\/\/www.europesays.com\/es\/wp-json\/wp\/v2\/media\/191404"}],"wp:attachment":[{"href":"https:\/\/www.europesays.com\/es\/wp-json\/wp\/v2\/media?parent=191403"}],"wp:term":[{"taxonomy":"category","embeddable":true,"href":"https:\/\/www.europesays.com\/es\/wp-json\/wp\/v2\/categories?post=191403"},{"taxonomy":"post_tag","embeddable":true,"href":"https:\/\/www.europesays.com\/es\/wp-json\/wp\/v2\/tags?post=191403"}],"curies":[{"name":"wp","href":"https:\/\/api.w.org\/{rel}","templated":true}]}}