{"id":191413,"date":"2025-10-21T11:35:07","date_gmt":"2025-10-21T11:35:07","guid":{"rendered":"https:\/\/www.europesays.com\/es\/191413\/"},"modified":"2025-10-21T11:35:07","modified_gmt":"2025-10-21T11:35:07","slug":"montamos-al-bus-sin-saber-donde-ibamos","status":"publish","type":"post","link":"https:\/\/www.europesays.com\/es\/191413\/","title":{"rendered":"Montamos al bus sin saber d\u00f3nde \u00edbamos"},"content":{"rendered":"<p class=\"paragraph\"><b>Movistar Plus estren\u00f3 este lunes un documental sobre Zeljko Obradovic<\/b>, leyenda del <a href=\"https:\/\/www.heraldo.es\/tags\/temas\/baloncesto.html\" title=\"Baloncesto\" rel=\"nofollow noopener\" target=\"_blank\">baloncesto <\/a>europeo. El reportaje profundiza en la apasionante vida del entrenador serbio, nueve veces campe\u00f3n de la Euroliga -con cinco equipos distintos- y referente de indiscutible de la pizarra.<\/p>\n<p class=\"paragraph\">Obradovic es un personaje tan especial como carism\u00e1tico en el deporte de la canasta. <b>No solo por su conocimiento del juego; tambi\u00e9n por esa personalidad arrolladora<\/b>, forjada en m\u00e1s de cuatro d\u00e9cadas en las canchas.<\/p>\n<p class=\"paragraph\">Hablamos de un ganador nato que, en su repaso a esos innumerables t\u00edtulos continentales, recuerda una curiosa an\u00e9cdota en Zaragoza. Tuvo lugar en abril de 1995, cuando dirig\u00eda al <b>Real Madrid<\/b> y se llev\u00f3 a la plantilla a comer a un famoso restaurante (<b>Las Galias, en Zuera<\/b>) antes de disputar la final de la Euroliga ante Olympiacos, en el pabell\u00f3n Pr\u00edncipe Felipe.<\/p>\n<p class=\"paragraph\"><b>Lo hizo con la intenci\u00f3n de restar presi\u00f3n. <\/b>De generar un ambiente distendido y, como recuerda <b>Pep Cargol<\/b>, integrante de aquel brillante campe\u00f3n de Europa, de \u201c<b>cambiar la din\u00e1mica grupal<\/b>\u201d con esa sorprendente decisi\u00f3n que los propios jugadores conocieron por la ma\u00f1ana.<\/p>\n<p class=\"paragraph\">\u201c<b>Est\u00e1bamos alojados en el Gran Hotel y, al terminar de desayunar, nos dijo que a las 12.00 nos esperaba en la puerta vestidos de calle. Montamos al autob\u00fas sin saber d\u00f3nde \u00edbamos <\/b>y acabamos all\u00ed\u2026\u201d, explica el alero a HERALDO, remarcando la intenci\u00f3n de Obradovic de romper la rutina habitual, que hubiese sido quedarse en la concentraci\u00f3n descansando, entre sesiones de v\u00eddeo y de activaci\u00f3n.<\/p>\n<p class=\"paragraph\">\u201cZeljko es as\u00ed\u2026 Nos dijo que nos fu\u00e9semos a dar un <b>paseo <\/b>y habl\u00e1semos de nuestras cosas, y lo cierto es que nos sirvi\u00f3 de conjura.<b> Repasamos las derrotas encajadas en temporadas anteriores frente a la Penya o el Limoges, y nos convencimos de que aquello no pod\u00eda volver a ocurrir.<\/b> Despu\u00e9s comimos de lujo; siguen guardando nuestra foto colgada\u00bb,\u00a0a\u00f1ade Cargol, sobre aquella genialidad que luego Obradovic repiti\u00f3 con menos \u00e9xito.<\/p>\n<p class=\"paragraph\">\u201c<b>La Final Four del 96 se jug\u00f3 en Par\u00eds y el equipo termin\u00f3 literalmente reventado por la caminata que promovi\u00f3 por Versalles<\/b>, perdiendo luego contra el CSKA de Mosc\u00fa\u201d, cuenta el exjugador entre risas, y promete ver \u201cpr\u00f3ximamente\u201d el documental completo de quien considera santo y se\u00f1a del baloncesto.<\/p>\n<p class=\"paragraph\">El testimonio de Cargol no aparece en este trabajo de la plataforma, en el que s\u00ed hablan Jordi Villacampa, Tom\u00e1s Jofresa, Pablo Laso, Joe Arlauckas, Maurizio Gherardini, Dimitrios Itoudis, Dejan Bodiroga, Sarunas Jasikevicius, Nikola Loncar\u00a0o\u00a0Jos\u00e9 Quintana, entre otros.<\/p>\n","protected":false},"excerpt":{"rendered":"Movistar Plus estren\u00f3 este lunes un documental sobre Zeljko Obradovic, leyenda del baloncesto europeo. El reportaje profundiza en&hellip;\n","protected":false},"author":2,"featured_media":191414,"comment_status":"","ping_status":"","sticky":false,"template":"","format":"standard","meta":{"footnotes":""},"categories":[269],"tags":[23835,299,298,168,25,24,53490,53489,23,167,491],"class_list":{"0":"post-191413","1":"post","2":"type-post","3":"status-publish","4":"format-standard","5":"has-post-thumbnail","7":"category-baloncesto","8":"tag-anecdota","9":"tag-baloncesto","10":"tag-basketball","11":"tag-deportes","12":"tag-es","13":"tag-espana","14":"tag-montamos","15":"tag-obradovic","16":"tag-spain","17":"tag-sports","18":"tag-zaragoza"},"share_on_mastodon":{"url":"https:\/\/pubeurope.com\/@es\/115411951651715323","error":""},"_links":{"self":[{"href":"https:\/\/www.europesays.com\/es\/wp-json\/wp\/v2\/posts\/191413","targetHints":{"allow":["GET"]}}],"collection":[{"href":"https:\/\/www.europesays.com\/es\/wp-json\/wp\/v2\/posts"}],"about":[{"href":"https:\/\/www.europesays.com\/es\/wp-json\/wp\/v2\/types\/post"}],"author":[{"embeddable":true,"href":"https:\/\/www.europesays.com\/es\/wp-json\/wp\/v2\/users\/2"}],"replies":[{"embeddable":true,"href":"https:\/\/www.europesays.com\/es\/wp-json\/wp\/v2\/comments?post=191413"}],"version-history":[{"count":0,"href":"https:\/\/www.europesays.com\/es\/wp-json\/wp\/v2\/posts\/191413\/revisions"}],"wp:featuredmedia":[{"embeddable":true,"href":"https:\/\/www.europesays.com\/es\/wp-json\/wp\/v2\/media\/191414"}],"wp:attachment":[{"href":"https:\/\/www.europesays.com\/es\/wp-json\/wp\/v2\/media?parent=191413"}],"wp:term":[{"taxonomy":"category","embeddable":true,"href":"https:\/\/www.europesays.com\/es\/wp-json\/wp\/v2\/categories?post=191413"},{"taxonomy":"post_tag","embeddable":true,"href":"https:\/\/www.europesays.com\/es\/wp-json\/wp\/v2\/tags?post=191413"}],"curies":[{"name":"wp","href":"https:\/\/api.w.org\/{rel}","templated":true}]}}