{"id":191417,"date":"2025-10-21T11:37:10","date_gmt":"2025-10-21T11:37:10","guid":{"rendered":"https:\/\/www.europesays.com\/es\/191417\/"},"modified":"2025-10-21T11:37:10","modified_gmt":"2025-10-21T11:37:10","slug":"los-mejores-perfumes-de-2025-segun-la-academia-del-perfume","status":"publish","type":"post","link":"https:\/\/www.europesays.com\/es\/191417\/","title":{"rendered":"Los mejores perfumes de 2025, seg\u00fan la Academia del Perfume"},"content":{"rendered":"<p style=\"\">Los aromas activan recuerdos, influyen en nuestro humor y nos ayudan a forjar nuestra personalidad. El gesto de perfumarse en uno de los m\u00e1s habituales para muchas personas. Y cada vez m\u00e1s, a juzgar por la buena salud que atraviesa el sector. Seg\u00fan los \u00faltimos  &#8230; datos de la Asociaci\u00f3n Nacional de Perfumer\u00eda y Cosm\u00e9tica (Stanpa)<strong>, el consumo del perfume logr\u00f3 un aumento del 11,3%<\/strong> en 2024, superando los 2.200 millones de euros. La industria es, por otra parte, bastante prol\u00edfica, con numerosos lanzamientos cada a\u00f1o. Aunque hay personas que son fieles a una o dos fragancias, cada vez es m\u00e1s habitual cambiar el aroma, seg\u00fan la estaci\u00f3n, el momento del d\u00eda, el estado de \u00e1nimo\u2026 o las <a href=\"https:\/\/www.abc.es\/estilo\/belleza\/nuevos-perfumes-mujer-hombre-llegan-septiembre-prometen-20250903174036-nt.html\" target=\"_blank\" data-voc-vtm-id=\"in-text-traffic\" title=\"tendencias del momento\" data-mrf-link=\"www.abc.es\" rel=\"nofollow noopener\">tendencias del momento<\/a>. La <strong>Academia del Perfume<\/strong> entreg\u00f3 este lunes sus premios a las mejores fragancias en diversas categor\u00edas. Otra forma de descubrir el que puede ser tu perfume del oto\u00f1o. <\/p>\n<p class=\"voc-p\" style=\"\">Cada a\u00f1o esta instituci\u00f3n re\u00fane a un jurado compuesto por los acad\u00e9micos, la prensa de belleza y personalidades de diferentes \u00e1mbitos como la cultura, el arte o el dise\u00f1o, que eligen las que consideran las mejores fragancias. Este a\u00f1o, seg\u00fan la Academia del Perfume, el mejor perfume de mujer es <strong>Bar\u00e9nia de Herm\u00e8s<\/strong>, creado por una de las narices m\u00e1s prestigiosas en la actualidad, Christine Nagel. Se trata de una fragancia sofisticada que rinde homenaje a la artesan\u00eda, y en concreto al cuero Barenia, el m\u00e1s ic\u00f3nico usado en sus m\u00edticos bolsos. Adem\u00e1s de las notas de cuero, completan la fragancia el pachul\u00ed, el abedul, la bergamota y el lim\u00f3n. <\/p>\n<p class=\"voc-p\" style=\"\">El mejor perfume de hombre es, seg\u00fan la Academia, <strong>Le Sel d&#8217;Issey de Issey Miyake<\/strong>, creado por el perfumista Quentin Bisch, que se inspir\u00f3 en la sal, y en concreto, en el momento en que las olas del mar retroceden y dejan su impronta en la tierra. Para capturar ese instante, la fragancia se forj\u00f3 en torno a dos ingredientes clave: el extracto de alga laminaria y el musgo de roble. A ellos se a\u00f1adieron otros como vetiver y madera de cedro natural. El resultado es una fragancia amaderada, marina y salitrosa, de apertura fresca, pero persistente. <\/p>\n<p><img decoding=\"async\" loading=\"lazy\" src=\"https:\/\/www.europesays.com\/es\/wp-content\/uploads\/2025\/10\/issey_miyake-U82683864741gpJ-760x427@diario_abc.jpg\" class=\"voc-img\" width=\"760\" height=\"427\" alt=\"Le Sel d'Issey eau de parfum, es la \u00faltima versi\u00f3n, la m\u00e1s potente, del mejor perfume masculino del a\u00f1o.\" data-voc-vtm-id=\"in-text-traffic\"\/><\/p>\n<p>Le Sel d&#8217;Issey eau de parfum, es la \u00faltima versi\u00f3n, la m\u00e1s potente, del mejor perfume masculino del a\u00f1o.<\/p>\n<p>DR<\/p>\n<p class=\"voc-p\" style=\"\">Otros perfumes que tambi\u00e9n han sido premiados en la XVIII edici\u00f3n de los galardones son: <strong>1 Million EDT de Rabanne<\/strong>, como ic\u00f3nico masculino; y<strong> Loewe Aire<\/strong> EDT de Loewe Perfumes, como ic\u00f3nico femenino. En la categor\u00eda de perfume nicho, que cada vez es m\u00e1s preciada, ha sido galardonado <strong>From the Garden de Maison Margiela, <\/strong>una fragancia que evoca la alegre sensaci\u00f3n de pasar una tarde soleada en el jard\u00edn, a trav\u00e9s de un acorde de hoja de tomate, notas de mandarina verde, pachul\u00ed y geranio. Como perfume de colecci\u00f3n, sali\u00f3 vencedor <strong>Com\u00e8te de Chanel<\/strong>. Otra categor\u00eda que cada vez tiene mayor relevancia es la de <a href=\"https:\/\/www.abc.es\/summum\/living\/casas\/perfumeria-ambiente-lujo-velas-difusores-opciones-casa-20240530175905-nt.html\" target=\"_blank\" data-voc-vtm-id=\"in-text-traffic\" title=\"perfume de hogar\" data-mrf-link=\"www.abc.es\" rel=\"nofollow noopener\">perfume de hogar<\/a>, en la que se eligi\u00f3 a <strong>Bois de Russie de Ladenac<\/strong>.<\/p>\n<p><img decoding=\"async\" loading=\"lazy\" src=\"https:\/\/www.europesays.com\/es\/wp-content\/uploads\/2025\/10\/maison-margiela-U13130147706LfZ-760x427@diario_abc.jpg\" class=\"voc-img\" width=\"760\" height=\"427\" alt=\"From The Garden de Maison Margiela, mejor perfume nicho.\" data-voc-vtm-id=\"in-text-traffic\"\/><\/p>\n<p>From The Garden de Maison Margiela, mejor perfume nicho.<\/p>\n<p>DR<\/p>\n<p class=\"voc-p\" style=\"\">Iconic Statement de Reebok fue elegido ganador en lifesylte masculino, y Paris Fashion Collection de Pr\u00eat-\u00e0-Porter, en lifestyle femenino. Tambi\u00e9n se premia el dise\u00f1o, algo cada vez m\u00e1s valorado. En dise\u00f1o masculino, el ganador fue <strong>Le Beau Paradise Garden de Jean Paul Gaultier<\/strong>; y en femenino, <strong>Daisy Wild de Marc Jacobs<\/strong>.<\/p>\n<p class=\"voc-p\" style=\"\">Otra categor\u00eda que reconocen estos premios es la de campa\u00f1a publicitaria. La mejor campa\u00f1a masculina fue la de <strong>Old Fashioned de Kilian Paris<\/strong>, protagonizada por el actor Lucien Lavincount, conocido por su papel en la serie &#8216;Emily in Paris; la mejor campa\u00f1a femenina fue la de Bar\u00e9nia de Herm\u00e8s. Adem\u00e1s, la Academia premi\u00f3 al Real Jard\u00edn Bot\u00e1nico \u2013 CSIC en sostenibilidad e innovaci\u00f3n.<\/p>\n<p><img decoding=\"async\" loading=\"lazy\" src=\"https:\/\/www.europesays.com\/es\/wp-content\/uploads\/2025\/10\/shalimar-U22373678041BsP-760x427@diario_abc.jpg\" class=\"voc-img\" width=\"760\" height=\"427\" alt=\"Shalimar L'Essence rinde homenaje a la fragancia Shalimar de Guerlain lanzada en 1925.\" data-voc-vtm-id=\"in-text-traffic\"\/><\/p>\n<p>Shalimar L&#8217;Essence rinde homenaje a la fragancia Shalimar de Guerlain lanzada en 1925.<\/p>\n<p>DR<\/p>\n<p class=\"voc-p\" style=\"\"> Por otra parte,<strong> Shalimar de Guerlain<\/strong> recibi\u00f3 el Premio Ic\u00f3nico 100 a\u00f1os. Creada por Jacques Guerlain en 1925, fue la primera fragancia ambarina de la historia. Para rendirle homenaje, Delphine Jelk ha creado Shalimar L&#8217;Essence este a\u00f1o, una nueva versi\u00f3n m\u00e1s intensa y contempor\u00e1nea centrada en su nota principal, la <strong>vainilla<\/strong>, un ingrediente que cien a\u00f1os despu\u00e9s es tendencia en la perfumer\u00eda.<\/p>\n","protected":false},"excerpt":{"rendered":"Los aromas activan recuerdos, influyen en nuestro humor y nos ayudan a forjar nuestra personalidad. El gesto de&hellip;\n","protected":false},"author":2,"featured_media":191418,"comment_status":"","ping_status":"","sticky":false,"template":"","format":"standard","meta":{"footnotes":""},"categories":[174],"tags":[45,923,255,146,147,25,24,256,804,22595,26267,5153,23],"class_list":{"0":"post-191417","1":"post","2":"type-post","3":"status-publish","4":"format-standard","5":"has-post-thumbnail","7":"category-famosos","8":"tag-45","9":"tag-academia","10":"tag-celebrities","11":"tag-entertainment","12":"tag-entretenimiento","13":"tag-es","14":"tag-espana","15":"tag-famosos","16":"tag-mejores","17":"tag-perfume","18":"tag-perfumes","19":"tag-segun","20":"tag-spain"},"share_on_mastodon":{"url":"https:\/\/pubeurope.com\/@es\/115411959790496931","error":""},"_links":{"self":[{"href":"https:\/\/www.europesays.com\/es\/wp-json\/wp\/v2\/posts\/191417","targetHints":{"allow":["GET"]}}],"collection":[{"href":"https:\/\/www.europesays.com\/es\/wp-json\/wp\/v2\/posts"}],"about":[{"href":"https:\/\/www.europesays.com\/es\/wp-json\/wp\/v2\/types\/post"}],"author":[{"embeddable":true,"href":"https:\/\/www.europesays.com\/es\/wp-json\/wp\/v2\/users\/2"}],"replies":[{"embeddable":true,"href":"https:\/\/www.europesays.com\/es\/wp-json\/wp\/v2\/comments?post=191417"}],"version-history":[{"count":0,"href":"https:\/\/www.europesays.com\/es\/wp-json\/wp\/v2\/posts\/191417\/revisions"}],"wp:featuredmedia":[{"embeddable":true,"href":"https:\/\/www.europesays.com\/es\/wp-json\/wp\/v2\/media\/191418"}],"wp:attachment":[{"href":"https:\/\/www.europesays.com\/es\/wp-json\/wp\/v2\/media?parent=191417"}],"wp:term":[{"taxonomy":"category","embeddable":true,"href":"https:\/\/www.europesays.com\/es\/wp-json\/wp\/v2\/categories?post=191417"},{"taxonomy":"post_tag","embeddable":true,"href":"https:\/\/www.europesays.com\/es\/wp-json\/wp\/v2\/tags?post=191417"}],"curies":[{"name":"wp","href":"https:\/\/api.w.org\/{rel}","templated":true}]}}